{"id":7597,"date":"2021-04-06T18:50:36","date_gmt":"2021-04-06T21:50:36","guid":{"rendered":"http:\/\/www.searadecristo.com.br\/portal\/?p=7597"},"modified":"2021-04-06T18:50:39","modified_gmt":"2021-04-06T21:50:39","slug":"acao-de-graca-pela-igreja-de-corinto","status":"publish","type":"post","link":"https:\/\/www.searadecristo.com.br\/portal\/acao-de-graca-pela-igreja-de-corinto\/","title":{"rendered":"A\u00e7\u00e3o de Gra\u00e7a pela Igreja de Corinto"},"content":{"rendered":"\n<p><strong>EBD \u2013 <\/strong>Jovens<strong> &#8211; EDI\u00c7\u00c3O: 15<\/strong>&#8211; 2\u00ba Trimestre &#8211; Ano: 2021 &#8211; Editora: CPAD<\/p>\n\n\n\n<p><strong>LI\u00c7\u00c3O \u2013 02 <\/strong>\u2013 11 de abril de 2021<\/p>\n\n\n\n<p><strong>TEXTO DO DIA<\/strong><\/p>\n\n\n\n<p>\u201cSempre dou gra\u00e7as ao meu Deus por v\u00f3s pela gra\u00e7a de Deus que vos foi dada em Jesus Cristo.\u201d <strong>(I Co 1.4)<\/strong><\/p>\n\n\n\n<p><strong>AGENDA DE LEITURA<\/strong><\/p>\n\n\n\n<p><strong>Segunda-feira <\/strong>\u2013 I Co 11.3<\/p>\n\n\n\n<p>Paulo sa\u00fada a igreja<\/p>\n\n\n\n<p><strong>Ter\u00e7a-feira <\/strong>\u2013 I Co 1.4<\/p>\n\n\n\n<p>Paulo sempre agradece a Deus pela vida dos cor\u00edntios<\/p>\n\n\n\n<p><strong>Quarta-feira <\/strong>\u2013 I Co 1.7<\/p>\n\n\n\n<p>Um a igreja onde os dons espirituais eram abundantes<\/p>\n\n\n\n<p><strong>Quinta-feira <\/strong>\u2013 I Co 1.9<\/p>\n\n\n\n<p>Deus \u00e9 fiel e nos chamou para a comunh\u00e3o<\/p>\n\n\n\n<p><strong>Sexta-feira <\/strong>\u2013 I Co 1.10<\/p>\n\n\n\n<p>\u00c9 preciso evitar toda e qualquer dissens\u00e3o<\/p>\n\n\n\n<p><strong>S\u00e1bado <\/strong>\u2013 I Co 1.18<\/p>\n\n\n\n<p>A Palavra de Deus \u00e9 loucura para os que perecem<\/p>\n\n\n\n<p><strong>SINTESE<\/strong><\/p>\n\n\n\n<p>A ora\u00e7\u00e3o de Paulo em favor dos cor\u00edntios era uma forma de revelar seu amor a eles.<\/p>\n\n\n\n<p><strong>TEXTO B\u00cdBLICO<\/strong><\/p>\n\n\n\n<p><strong>I Cor\u00edntios 3.1-3<\/strong><\/p>\n\n\n\n<p>1 E eu, irm\u00e3os, n\u00e3o vos pude falar como a espirituais, mas como a carnais, como a meninos em Cristo.<\/p>\n\n\n\n<p>2<strong> <\/strong>Com leite vos criei e n\u00e3o com manjar, porque ainda n\u00e3o pod\u00edeis, nem tampouco ainda agora podeis;<\/p>\n\n\n\n<p>3<strong> <\/strong>Porque ainda sois carnais, pois, havendo entre v\u00f3s inveja, contendas e dissens\u00f5es, n\u00e3o sois, porventura, carnais e n\u00e3o andais segundo os homens?<\/p>\n\n\n\n<p><strong>I Cor\u00edntios 6.16-20<\/strong><\/p>\n\n\n\n<p>16 Ou n\u00e3o sabeis que o que se ajunta com a meretriz faz-se um corpo com ela? Porque ser\u00e3o, disse, dois numa s\u00f3 carne.<\/p>\n\n\n\n<p>17<strong> <\/strong>Mas o que se ajunta com o Senhor \u00e9 um mesmo espirito.<\/p>\n\n\n\n<p>18<strong> <\/strong>Fugi da prostitui\u00e7\u00e3o. Todo pecado que o homem comete \u00e9 fora do corpo; mas o que se prostitui peca contra o seu pr\u00f3prio corpo.<\/p>\n\n\n\n<p>19<strong> <\/strong>Ou n\u00e3o sabeis que o nosso corpo \u00e9 o templo do Espirito Santo, que habita em v\u00f3s, proveniente de Deus, e que n\u00e3o sois de v\u00f3s mesmos?<\/p>\n\n\n\n<p>20<strong> <\/strong>Porque fostes comprados por bom pre\u00e7o; glorificai, pois, a Deus no vosso corpo e no vosso espirito, os quais pertencem a Deus.<\/p>\n\n\n\n<p><strong>INTRODU\u00c7\u00c3O<\/strong><\/p>\n\n\n\n<p>Ao iniciar a carta, Paulo faz as sauda\u00e7\u00f5es iniciais com sabedoria, de forma fraterna, agradecendo a Deus pela vida dos cor\u00edntios. O amor do ap\u00f3stolo pela igreja fala mais alto que sua insatisfa\u00e7\u00e3o com alguns comportamentos internos dos crentes. Antes de tratar os problemas. O ap\u00f3stolo registra um a das caracter\u00edsticas da igreja em Corinto: A abund\u00e2ncia de dons espirituais.<\/p>\n\n\n\n<p><strong>I \u2013 SAUDA\u00c7\u00d5ES DE PAULO A IGREJA <\/strong>(1.1-3)<\/p>\n\n\n\n<p><strong>1. Paulo se apresenta e justifica seu chamado <\/strong>(v.1).<strong> <\/strong>O ap\u00f3stolo inicia a Carta com sauda\u00e7\u00f5es e a\u00e7\u00e3o de gra\u00e7as em favor dos cor\u00edntios. Logo de in\u00edcio, ele procurou mostrar que n\u00e3o trabalhava sozinho, pois o irm\u00e3o S\u00f3stenes estava com ele. S\u00f3stenes era o chefe da sinagoga de Corinto, mas se converteu ao cristianismo.<\/p>\n\n\n\n<p>Ele foi espancado pelos judeus diante do tribunal romano por defender Paulo (At 18.17). Enquanto o ap\u00f3stolo escrevia a Carta em \u00c9feso, S\u00f3stenes continuava ao lado dele para ajudara igreja. Esse epis\u00f3dio nos mostra que a amizade verdadeira \u00e9 algo precioso na vida de uma pessoa. Por isso ela deve ser cultivada para que se mantenha ao longo da vida, pois \u00e9 como um tesouro a ser preservado.<\/p>\n\n\n\n<p>Como em outras cartas, o ap\u00f3stolo fez quest\u00e3o de defender seu apostolado e a origem divina do seu chamado (Rm 1.1; Gl 1.1). Ele faz essa defesa porque alguns falsos mestres surgiram na igreja e tentavam constantemente manchar a sua imagem e sua mensagem. Mas Paulo enfatizou que seu minist\u00e9rio era da vontade de Deus. Assim, podemos concluir que a convic\u00e7\u00e3o do chamado fundamenta o exerc\u00edcio do minist\u00e9rio crist\u00e3o.<\/p>\n\n\n\n<p><strong>2. Reconhecimento do chamado de seus leitores (v.2).<\/strong> Paulo tinha uma caracter\u00edstica pr\u00f3pria para lidar com as igrejas, em especial entre as que ele fundou, pois conhecia bem de perto os membros e o estilo de vida desses grupos de crentes. Ele sempre atuava de forma pedag\u00f3gica, carinhosa e pastoral. O ap\u00f3stolo come\u00e7a a escrever enfatizando o lado positivo da igreja.<\/p>\n\n\n\n<p>Ele reconhece as qualidades de seus destinat\u00e1rios, mas n\u00e3o economiza nas repreens\u00f5es, quando aplic\u00e1veis, ao longo da carta. As recomenda\u00e7\u00f5es e advert\u00eancias n\u00e3o serviram somente para seus primeiros destinat\u00e1rios, mas s\u00e3o atuais para as igrejas contempor\u00e2neas. Se olharmos atentamente, o reconhecimento de Paulo destaca a a\u00e7\u00e3o divina na vida da igreja.<\/p>\n\n\n\n<p>Seus membros foram santificados, mas por meio da obra de Cristo. Assim, somente eles poderiam exercer os chamados espec\u00edficos tamb\u00e9m por meio da a\u00e7\u00e3o de Cristo, pois foram chamados para servir na Igreja de Deus.<\/p>\n\n\n\n<p><strong>3. A sauda\u00e7\u00e3o fraternal de Paulo (v.3).<\/strong> Paulo deseja \u00e0 igreja a gra\u00e7a e a paz da parte de Deus e do Senhor Jesus Cristo. Gra\u00e7a n\u00e3o era uma simples palavra de sauda\u00e7\u00e3o, m as tinha um grande significado naquela cultura, pois ela remete a livre d\u00e1diva de Deus em Cristo. O ap\u00f3stolo conhecia muito bem o efeito dessa gra\u00e7a diante das dificuldades, injusti\u00e7as e sofrimento por amor ao Evangelho.<\/p>\n\n\n\n<p>Por isso, como fez a Tim\u00f3teo em um momento de grande dificuldade em sua vida e minist\u00e9rio, ele podia recomendar: \u201cTu, pois, meu filho, fortifica-te na gra\u00e7a que h\u00e1 em Cristo Jesus\u201d (II Tm 2.1). Da mesma forma, quando deseja a<br> paz, com certeza ele tem em mente o conceito do Antigo Testamento, com a express\u00e3o hebraica shalon.<\/p>\n\n\n\n<p>O termo expressa mais do que a aus\u00eancia de luta, representa a prosperidade integral do ser humano, em especial, a espiritual. Portanto, gra\u00e7a e paz seriam muito ben\u00e9ficas na situa\u00e7\u00e3o de tens\u00e3o e conflitos que a igreja em Corinto vivia.<\/p>\n\n\n\n<p><strong>Pense<\/strong>!<br> Voc\u00ea tem convic\u00e7\u00e3o do chamado que Deus tem para a sua vida?<\/p>\n\n\n\n<p><strong>Ponto Importante<\/strong><\/p>\n\n\n\n<p>Servir a Deus \u00e9 uma honra, um privil\u00e9gio.<\/p>\n\n\n\n<p><strong>II \u2013 PAULO D\u00c1 GRA\u00c7AS A DEUS PELA OBRA DE CRISTO NA VIDA DOS COR\u00cdNTIOS (1.4-9)<\/strong><\/p>\n\n\n\n<p><strong>1. Paulo era grato pela convers\u00e3o dos cor\u00edntios (vv. 4-6). <\/strong>Como era costume em suas Cartas, Paulo inclui na introdu\u00e7\u00e3o as a\u00e7\u00f5es de gra\u00e7as a Deus pela obra de Cristo na vida de seus ouvintes. O h\u00e1bito de orar pelas pessoas desenvolve em quem ora o sentimento de empatia, de se colocar no lugar do outro sobre quem se ora. O ap\u00f3stolo agradece a convers\u00e3o dos cor\u00edntios e sua f\u00e9 em Cristo, fruto das prega\u00e7\u00f5es e testemunho de vida na conviv\u00eancia de 18 meses naquela igreja.<\/p>\n\n\n\n<p>O estilo de vida da cidade era um grande desafio para a manuten\u00e7\u00e3o de uma vida exemplar. Mesmo diante das diversas falhas demonstradas pelos membros da igreja, Paulo era grato pela perman\u00eancia do grupo de fi\u00e9is. Ainda no texto b\u00edblico, ele distingue tr\u00eas pontos importantes:<\/p>\n\n\n\n<p>1<strong>)<\/strong> O enriquecimento na Palavra:<\/p>\n\n\n\n<p>2)<strong> <\/strong>O conhecimento experiencial de Deus;<\/p>\n\n\n\n<p>3) O testemunho de Cristo confirmado neles.<\/p>\n\n\n\n<p>O ap\u00f3stolo conhecia bem o poder do Evangelho para salva\u00e7\u00e3o de todo aquele que cr\u00ea (Rm 1.16).<\/p>\n\n\n\n<p><strong>2. As palavras am\u00e1veis de Paulo (1.8).<\/strong> A a\u00e7\u00e3o de gra\u00e7as pela vida e f\u00e9 dos destinat\u00e1rios prepararam o caminho para o que estava porvir. Paulo prepara o cora\u00e7\u00e3o dos ouvintes para escrever a respeito de suas preocupa\u00e7\u00f5es, que vieram depois de ser informado do mal comportamento dos crentes em Corinto. Eles ainda estavam no in\u00edcio da caminhada crist\u00e3 e faltava-lhes maturidade espiritual.<\/p>\n\n\n\n<p>O ap\u00f3stolo faz men\u00e7\u00e3o do Dia do Senhor e da promessa do Arrebatamento. Esse \u201cdia\u201d tem um significado doutrin\u00e1rio muito impactante: Para quem n\u00e3o est\u00e1 preparado ser\u00e1 um dia de ju\u00edzo; contudo, para quem est\u00e1 dentro da vontade de Deus ser\u00e1 um dia de alegria e vit\u00f3ria permanente. Paulo temia que o comportamento dos membros da igreja pudesse comprometer a salva\u00e7\u00e3o deles.<\/p>\n\n\n\n<p>Por isso deixa claro que a nossa conduta no presente pode comprometer o nosso futuro. Assim, um dos objetivos de sua carta era dissipar os conflitos e comportamentos que n\u00e3o condiziam com a vida crist\u00e3.<\/p>\n\n\n\n<p><strong>3. A expectativa de Paulo estava alicer\u00e7ada na fidelidade de Deus (v.9).<\/strong> O ap\u00f3stolo deixa claro que o Deus que os presenteou com a salva\u00e7\u00e3o em Jesus Cristo era fiel para guard\u00e1-los de modo irrepreens\u00edvel at\u00e9 a segunda vinda de Jesus. Na igreja em Corinto existiam muitas pr\u00e1ticas que n\u00e3o agradavam a Deus, mas Paulo nunca desistiu da igreja e de seus membros. Por mais falhas que o ser humano tenha, Deus sempre est\u00e1 disposto a perdo\u00e1-lo, \u00e0 medida que se arrependa dos pecados e os abandone.<\/p>\n\n\n\n<p>O Senhor tem prazer em ajudar em nosso processo de santifica\u00e7\u00e3o. Alguns crentes em Corinto eram infi\u00e9is, mas o ap\u00f3stolo os exortava ao arrependimento, a fim de que se achassem fi\u00e9is aos mandamentos do Senhor.<\/p>\n\n\n\n<p><strong>Pense!<\/strong><\/p>\n\n\n\n<p>Voc\u00ea \u00e9 grato ao Senhor pelo presente da salva\u00e7\u00e3o?<\/p>\n\n\n\n<p><strong>Ponto Importante<\/strong><\/p>\n\n\n\n<p>Cristo nos salvou e como crentes precisamos dissipar os conflitos e comportamentos que n\u00e3o condizem com a vida crist\u00e3.<\/p>\n\n\n\n<p><strong>III \u2013 UMA IGREJA MARCADA PELOS DONS<\/strong><\/p>\n\n\n\n<p><strong>1. Os dons espirituais.<\/strong> Em meio \u00e0 sauda\u00e7\u00e3o aos cor\u00edntios, Paulo lembra que nenhum dom faltava \u00e0 igreja. Mas adiante o ap\u00f3stolo ensina a respeito dos dons espirituais ( I Co 12). <\/p>\n\n\n\n<p>Ele mostra que as promessas de Deus por meio da prega\u00e7\u00e3o do Evangelho estavam sendo cumpridas ali. A igreja em Corinto estava cheia dos dons (presentes) de Deus.<\/p>\n\n\n\n<p>Uma das primeiras rea\u00e7\u00f5es dos leitores das cartas aos Cor\u00edntios \u00e9: Como Deus p\u00f4de conceder tantos dons espirituais a uma igreja carnal e com muitos problemas morais? Os dons s\u00e3o presentes imerecidos de Deus e Paulo diz que a manifesta\u00e7\u00e3o deles na igreja era o testemunho de Cristo a respeito de seu povo (I Co 1.6-7).<\/p>\n\n\n\n<p><strong>2. Os dons espirituais n\u00e3o definem a nossa espiritualidade. <\/strong>Em alguns lugares pentecostais, a ideia que predomina \u00e9 a de que as manifesta\u00e7\u00f5es dos dons espirituais s\u00e3o sin\u00f4nimas de espiritualidade e santidade. Isso \u00e9 um engano, pois a santidade \u00e9 evidenciada pelo fruto do Esp\u00edrito (Gl 5.22-25). Muitos acreditam que o crente espiritual \u00e9 o que tem uma diversidade de dons espirituais. Mas o ap\u00f3stolo Paulo deixa claro que o crente espiritual \u00e9 o que evidencia o fruto do Esp\u00edrito em sua vida (Gl 5; cf. Ef 5.18 \u2013 6.9).<\/p>\n\n\n\n<p>Os dons espirituais s\u00e3o importantes para a Igreja, mas a nossa transforma\u00e7\u00e3o em Jesus Cristo \u00e9 evidenciada pelo fruto do Esp\u00edrito. Por isso, n\u00e3o se engane, para identificar se uma pessoa tem maturidade espiritual observe seus frutos no dia a dia.<\/p>\n\n\n\n<p><strong>3. Os dons s\u00e3o capacita\u00e7\u00f5es para o servi\u00e7o. <\/strong>Os dons devem ser usados com base no amor. Talvez esse seja o motivo de Paulo incluir o cap\u00edtulo 13 entre os cap\u00edtulos 12 e 14 desta carta. A diversidade de dons \u00e9 um grande tesouro para a Igreja, desde que o dom n\u00e3o seja considerado um fim em si mesmo. O ap\u00f3stolo aconselha nas suas Cartas fazer uso da humildade no uso dos dons, e adiante adverte sobre o perigo de us\u00e1-los para proje\u00e7\u00e3o pessoal.<\/p>\n\n\n\n<p>Deus deu gratuitamente diversos dons para serem com partilhados na igreja, trazendo mais benef\u00edcios quando complementados entre si, Portanto, a auto avalia\u00e7\u00e3o n\u00e3o deve ser feita na compara\u00e7\u00e3o com as demais pessoas, mas avaliando qual a contribui\u00e7\u00e3o dada para a totalidade dos dons concedidos \u00e0 Igreja de Cristo.<\/p>\n\n\n\n<p>Por isso, o ap\u00f3stolo compara a Igreja como um corpo. Paulo d\u00e1 gra\u00e7as pelos dons que se manifestavam entre os cor\u00edntios, mas adverte que devem ser usufru\u00eddos para o bem comum.<\/p>\n\n\n\n<p><strong>Pense<\/strong>!<\/p>\n\n\n\n<p>Os dons espirituais definem a nossa espiritualidade?<\/p>\n\n\n\n<p><strong>Ponto Importante<\/strong><\/p>\n\n\n\n<p>Os dons espirituais n\u00e3o definem a nossa espiritualidade, o que define \u00e9 o fruto do Esp\u00edrito.<\/p>\n\n\n\n<p><strong>CONCLUS\u00c3O<\/strong><\/p>\n\n\n\n<p>A maneira como o ap\u00f3stolo inicia a carta a uma igreja com tantos problemas como a igreja em Corinto \u00e9 um bom exemplo de como tratar assuntos complexos de forma positiva. Paulo, enquanto d\u00e1 gra\u00e7as, alerta a seus destinat\u00e1rios que \u00e9 necess\u00e1rio manter a fidelidade at\u00e9 o Dia do Senhor. Por fim, ele introduz um assunto que profundar\u00e1 mais tarde, os dons espirituais, que n\u00e3o definem grau de espiritualidade e s\u00e3o concedidos para o servi\u00e7o e o bem com um da igreja.<\/p>\n\n\n\n<h3 class=\"wp-block-heading\"><strong>&nbsp;<\/strong><\/h3>\n\n\n\n<p><strong>Postado por: <\/strong>Pr. Ademilson Braga<\/p>\n\n\n\n<p style=\"text-align:right\"><strong>Fonte: <\/strong>Editora CPAD<\/p>\n","protected":false},"excerpt":{"rendered":"<p>EBD \u2013 Jovens &#8211; EDI\u00c7\u00c3O: 15&#8211; 2\u00ba Trimestre &#8211; Ano: 2021 &#8211; Editora: CPAD LI\u00c7\u00c3O \u2013 02 \u2013 11 de abril de 2021 TEXTO DO DIA \u201cSempre dou gra\u00e7as ao meu Deus por v\u00f3s pela gra\u00e7a de Deus que vos foi dada em Jesus Cristo.\u201d (I Co 1.4) AGENDA DE LEITURA Segunda-feira \u2013 I Co [&hellip;]<\/p>\n","protected":false},"author":2,"featured_media":7598,"comment_status":"open","ping_status":"open","sticky":false,"template":"","format":"standard","meta":{"footnotes":""},"categories":[10,7,973],"tags":[227],"class_list":["post-7597","post","type-post","status-publish","format-standard","has-post-thumbnail","hentry","category-artigos","category-e-b-d","category-jovens-cpad","tag-graca"],"_links":{"self":[{"href":"https:\/\/www.searadecristo.com.br\/portal\/wp-json\/wp\/v2\/posts\/7597","targetHints":{"allow":["GET"]}}],"collection":[{"href":"https:\/\/www.searadecristo.com.br\/portal\/wp-json\/wp\/v2\/posts"}],"about":[{"href":"https:\/\/www.searadecristo.com.br\/portal\/wp-json\/wp\/v2\/types\/post"}],"author":[{"embeddable":true,"href":"https:\/\/www.searadecristo.com.br\/portal\/wp-json\/wp\/v2\/users\/2"}],"replies":[{"embeddable":true,"href":"https:\/\/www.searadecristo.com.br\/portal\/wp-json\/wp\/v2\/comments?post=7597"}],"version-history":[{"count":2,"href":"https:\/\/www.searadecristo.com.br\/portal\/wp-json\/wp\/v2\/posts\/7597\/revisions"}],"predecessor-version":[{"id":7600,"href":"https:\/\/www.searadecristo.com.br\/portal\/wp-json\/wp\/v2\/posts\/7597\/revisions\/7600"}],"wp:featuredmedia":[{"embeddable":true,"href":"https:\/\/www.searadecristo.com.br\/portal\/wp-json\/wp\/v2\/media\/7598"}],"wp:attachment":[{"href":"https:\/\/www.searadecristo.com.br\/portal\/wp-json\/wp\/v2\/media?parent=7597"}],"wp:term":[{"taxonomy":"category","embeddable":true,"href":"https:\/\/www.searadecristo.com.br\/portal\/wp-json\/wp\/v2\/categories?post=7597"},{"taxonomy":"post_tag","embeddable":true,"href":"https:\/\/www.searadecristo.com.br\/portal\/wp-json\/wp\/v2\/tags?post=7597"}],"curies":[{"name":"wp","href":"https:\/\/api.w.org\/{rel}","templated":true}]}}