{"id":8999,"date":"2022-08-29T07:51:50","date_gmt":"2022-08-29T10:51:50","guid":{"rendered":"http:\/\/www.searadecristo.com.br\/portal\/?p=8999"},"modified":"2022-08-28T13:31:26","modified_gmt":"2022-08-28T16:31:26","slug":"a-solicitude-da-vida","status":"publish","type":"post","link":"http:\/\/www.searadecristo.com.br\/portal\/a-solicitude-da-vida\/","title":{"rendered":"A solicitude da vida"},"content":{"rendered":"<p><strong><a href=\"http:\/\/www.searadecristo.com.br\/portal\/wp-content\/uploads\/2019\/07\/Logotipo-EBD-2.jpg\"><img loading=\"lazy\" decoding=\"async\" class=\"wp-image-6090 alignleft\" src=\"http:\/\/www.searadecristo.com.br\/portal\/wp-content\/uploads\/2019\/07\/Logotipo-EBD-2-298x300.jpg\" alt=\"\" width=\"152\" height=\"153\" srcset=\"http:\/\/www.searadecristo.com.br\/portal\/wp-content\/uploads\/2019\/07\/Logotipo-EBD-2-298x300.jpg 298w, http:\/\/www.searadecristo.com.br\/portal\/wp-content\/uploads\/2019\/07\/Logotipo-EBD-2-150x150.jpg 150w, http:\/\/www.searadecristo.com.br\/portal\/wp-content\/uploads\/2019\/07\/Logotipo-EBD-2.jpg 390w\" sizes=\"auto, (max-width: 152px) 100vw, 152px\" \/><\/a>EBD \u2013 <\/strong>Adultos &#8211; <strong>EDI\u00c7\u00c3O: 138<\/strong> &#8211; 3\u00ba Trimestre &#8211; Ano: 2022 &#8211; Editora: BETEL<\/p>\n<p><strong>LI\u00c7\u00c3O \u2013 10 <\/strong>\u2013 04 de setembro de 2022<\/p>\n<p><strong>TEXTO \u00c1UREO<\/strong><\/p>\n<p>\u201cN\u00e3o vos inquieteis, pois, pelo dia de amanh\u00e3, porque o dia de amanh\u00e3 cuidar\u00e1 de si mesmo. Basta a cada dia o seu mal.\u201d Mateus 6.34<\/p>\n<p><strong>VERDADE APLICADA<\/strong><\/p>\n<p>Um viver com qualidade glorifica a Deus e inclui confian\u00e7a em Nosso Pai Celestial e priorizar o Reino de Deus e a Sua justi\u00e7a.<\/p>\n<p><strong>TEXTOS DE REFER\u00caNCIA<\/strong><\/p>\n<p>Mateus 6<\/p>\n<p>25- Por isso, vos digo: n\u00e3o andeis cuidadosos quanto \u00e0 vossa vida, pelo que haveis de comer ou pelo que haveis de beber; nem quanto ao vosso corpo, pelo que haveis de vestir. N\u00e3o \u00e9 a vida mais do que o mantimento, e o corpo mais do que o vestido?<br \/>\n26- Olhai para as aves do c\u00e9u, que nem semeiam, nem segam, nem ajuntam em celeiros; e vosso Pai celestial as alimenta. N\u00e3o tendes v\u00f3s muito mais valor do que elas?<br \/>\n27- E qual de v\u00f3s poder\u00e1, com todos os seus cuidados, acrescentar um c\u00f4vado \u00e0 sua estatura?<\/p>\n<p><strong>LEITURAS COMPLEMENTARES<\/strong><strong><br \/>\n<\/strong><br \/>\n<strong>S<\/strong><strong>egunda-feira<\/strong> &#8211; Sl 8.3-8<br \/>\nDeus \u00e9 glorificado nas Suas obras.<br \/>\n<strong>T<\/strong><strong>er\u00e7a-feira<\/strong> &#8211; Pv 14.12<br \/>\nH\u00e1 caminho cujo fim s\u00e3o caminhos da morte.<br \/>\n<strong>Quarta-feira<\/strong> &#8211; Mt 16.8<br \/>\nHomens de pouca f\u00e9.<br \/>\n<strong>Q<\/strong><strong>uinta-feira<\/strong> &#8211; Rm14.17<br \/>\nO Reino de Deus \u00e9 justi\u00e7a e paz.<br \/>\n<strong>S<\/strong><strong>exta-feira<\/strong> &#8211; Ef 3.20<br \/>\nPoderoso para fazer al\u00e9m do que pensamos.<br \/>\n<strong>S<\/strong><strong>\u00e1bado <\/strong>&#8211; Fp 4.19<br \/>\nDeus supre as nossas necessidades.<\/p>\n<p><strong>INTRODU\u00c7\u00c3O<\/strong><\/p>\n<p>Mais uma vez o conselho divino nos instrui a confiarmos em Deus, pois Ele nos ama e \u00e9 poderoso para prov\u00ea tudo o que necessitamos. Nesta parte do Serm\u00e3o da Montanha o Senhor trata da preocupa\u00e7\u00e3o excessiva com as coisas materiais<strong> (Mt 6.25).<\/strong><\/p>\n<p><strong>I \u2013 COMBATENDO A ANSIEDADE<\/strong><\/p>\n<p>O alvo principal dos princ\u00edpios ensinados por Jesus Cristo \u00e9 mostrar que a ansiedade \u00e9 desnecess\u00e1ria e que n\u00e3o devemos permitir que o af\u00e3 do dia de amanh\u00e3 desequilibre a estrutura de nossas vidas.<\/p>\n<ol>\n<li><strong> N\u00e3o andeis ansiosos.<\/strong> Antes de falar de ansiedade, precisamos entender corretamente o que Jesus est\u00e1 proibindo ou n\u00e3o neste par\u00e1grafo. A ideia central dos princ\u00edpios ensinados por Ele diz respeito a n\u00e3o vivermos distra\u00eddos, pois quando a mente humana vive em duplicidade, ela procura seguir em duas dire\u00e7\u00f5es ao mesmo tempo, resultando em confus\u00e3o e certa dose de sofrimento. A mente come\u00e7a a admitir o pensamento interior de que a vida consiste apenas em comer, beber e vestir-se. Esse \u00e9 o tipo de atitude daquele que serve a Mamom e n\u00e3o de um disc\u00edpulo de Cristo (Pv 14.12; Mt 6.24-25). Jesus n\u00e3o est\u00e1 proibindo a prud\u00eancia que faz provis\u00e3o para o futuro, est\u00e1 proibindo o af\u00e3, o angustiar-se pelo amanh\u00e3 antes de saber o que ele produzir\u00e1. O termo usado aqui \u00e9 o grego \u201cmerimnan\u201d, que significa preocupar-se ansiosamente.<\/li>\n<li><strong>A vida \u00e9 mais que o mantimento.<\/strong> Champlin diz que a vida deve incluir desejos e interesses que n\u00e3o abranjam apenas as coisas f\u00edsicas. Esta vida deve ser orientada pelos princ\u00edpios espirituais do Reino de Deus e deve levar em conta o verdadeiro destino e utiliza\u00e7\u00e3o da vida humana (Rm 14.17). Ao afirmar que a vida \u00e9 mais que o mantimento, Jesus n\u00e3o exige a absoluta absten\u00e7\u00e3o de uma e a exclusiva busca da outra. Ele est\u00e1 desafiando Seus seguidores a decidir o que ter\u00e1 o lugar mais alto em seus cora\u00e7\u00f5es: comida, bebida e vestimenta ou a justi\u00e7a do governo do c\u00e9u (Mt 5.6; 6.33). Mesmo animais, como as aves, n\u00e3o s\u00e3o vencidos pela ansiedade, cabe ao homem, como criatura feita \u00e0 imagem do Criador, ter a obriga\u00e7\u00e3o de aprender a confiar e depender de Deus, que o criou, assim como as demais criaturas.<\/li>\n<\/ol>\n<p><strong>\u00a0 \u00a0 \u00a03. Olhai para as aves do c\u00e9u.<\/strong> Jesus nos apresenta aqui mais um important\u00edssimo princ\u00edpio: o Pai cuida de Suas criaturas. Ele se utiliza das aves do c\u00e9u para nos falar acerca do cuidado que o Pai tem com a nossa alimenta\u00e7\u00e3o. As aves n\u00e3o produzem, n\u00e3o cuidam da terra, nem guardam em celeiros como n\u00f3s, mas recebem gratuitamente o alimento que necessitam. Jesus n\u00e3o est\u00e1 ordenando que fiquemos esperando cair do c\u00e9u a nossa provis\u00e3o, n\u00e3o est\u00e1 encorajando a pregui\u00e7a, nem falando contra nos esfor\u00e7armos em trabalhar para suprir as necessidades da vida (II Ts 3.10). Ele ensina que n\u00e3o devemos viver ansiosos. As aves n\u00e3o ficam ansiosas pelo amanh\u00e3 (Mt 6.26\u00aa). A aves s\u00e3o criaturas, n\u00f3s somos filhos. Aqui est\u00e1 toda a diferen\u00e7a (Mt 6.26b).<\/p>\n<p><strong>II \u2013<\/strong> <strong>A ANSIEDADE PARA NADA \u00c9 PROVEITOSA<\/strong><\/p>\n<p>O \u00fanico efeito que a ansiedade pode produzir em nossas vidas \u00e9 torn\u00e1-la inoperante e negativa. Devemos confiar em Deus, pois se Ele prov\u00ea para o que \u00e9 passageiro, como n\u00e3o prover\u00e1 para o que \u00e9 eterno? O Deus que nos deu a vida, tamb\u00e9m promete sustent\u00e1-la enquanto vivermos.<\/p>\n<ol>\n<li><strong> A vida n\u00e3o permite acr\u00e9scimos. <\/strong>De maneira muito convincente, Jesus afirma que mesmo com todos os cuidados que venhamos ter com a vida, ela em nada pode ser acrescentada porque o plano de Deus \u00e9 inalter\u00e1vel (Mt 6.27; Lc 12.26). A medida de um c\u00f4vado equivale a cerca de meio metro, e \u00e9 usualmente utilizada como unidade para dist\u00e2ncia, n\u00e3o para tempo. Em linguagem popular o exemplo teria a conota\u00e7\u00e3o de \u201cesticar\u201d a vida um pouco mais. Eis o motivo pelo qual Jesus diz que n\u00e3o devemos ficar ansiosos, porque a ansiedade n\u00e3o \u00e9 fecunda, nada acrescenta, n\u00e3o produz resultados positivos (Lc 10.41).<\/li>\n<li><strong> A ansiedade \u00e9 cega. <\/strong>Pessoas ansiosas s\u00e3o incapazes de enxergar as li\u00e7\u00f5es que a pr\u00f3pria natureza oferece. Ao falar acerca da preocupa\u00e7\u00e3o com aquilo que devemos vestir, Jesus apresenta os l\u00edrios e a erva do campo, em compara\u00e7\u00e3o com o vestu\u00e1rio humano (Mt 6.27-28). O Senhor veste as flores com t\u00e3o rara beleza que est\u00e1 al\u00e9m da capacidade humana imitar, como n\u00e3o cuidar\u00e1 de Seus filhos amados? O Senhor nosso Deus dispensa tanto cuidado, sabedoria e tempo a uma pequenina flor quanto \u00e0s grandes coisas de Sua cria\u00e7\u00e3o (Sl 55.22).<\/li>\n<li><strong> A ansiedade \u00e9 incr\u00e9dula. <\/strong>Ao dizer que Seus disc\u00edpulos s\u00e3o homens de \u201cpequena f\u00e9\u201d (Mt 6.30), Jesus aponta uma defici\u00eancia na f\u00e9, n\u00e3o sua aus\u00eancia, e segue propondo um argumento fundamental contra a ansiedade. A ansiedade, diz Ele, \u00e9 caracter\u00edstica dos pag\u00e3os e n\u00e3o de quem conhece a Deus tal qual Ele \u00e9 (Mt 6.32). A ansiedade por parte de um s\u00fadito do Reino \u00e9 inadequada, pois desonra seu Pai Celestial. Tal desconfian\u00e7a \u00e9 compreens\u00edvel em um pag\u00e3o, que acredita em deuses ego\u00edstas, caprichosos e imprevis\u00edveis, por\u00e9m n\u00e3o se pode aceitar nos que aprenderam a chamar a Deus de Pai. Deve haver uma diferen\u00e7a entre os disc\u00edpulos do reino e os pag\u00e3os.<\/li>\n<\/ol>\n<p><strong>III \u2013 VENCENDO A ANSIEDADE<\/strong><\/p>\n<p>Jesus falou acerca de importantes princ\u00edpios com os quais podemos eliminar a preocupa\u00e7\u00e3o de nossas vidas. O Senhor conhece as nossas necessidades, ordena que priorizemos Seu Reino e vivamos bem a cada dia.<\/p>\n<ol>\n<li><strong> O Pai conhece as nossas necessidades. <\/strong>Esse \u00e9 um princ\u00edpio important\u00edssimo para nossas vidas, pois se Deus sabe de tudo o que necessitamos, n\u00e3o existem motivos para um viver ansioso de nossa parte (Mt 6.32b). \u00c9 poss\u00edvel que um pai natural e terreno, mesmo tendo conhecimento das necessidades de seus filhos, n\u00e3o os sustente, mas Deus jamais faria isso. Em toda a Escritura somos ensinados acerca da bondade e fidelidade de nosso Pai Celestial (Sl 34.8; 113.5). Nele podemos esperar confiantes. O Deus Todo-Poderoso, Criador, age com justi\u00e7a e retid\u00e3o para com Suas criaturas; por ser s\u00e1bio, conhece perfeitamente do que necessitamos; e, por ser totalmente bom e poderoso, prov\u00ea essas coisas aos que nEle confiam e esperam (II Sm 22.31; Sl 125.1).<\/li>\n<li><strong> Estabelecendo prioridades.<\/strong> Este deve ser o objetivo de cada crist\u00e3o, buscar o Reino e n\u00e3o a gl\u00f3ria pessoal ou objetivos ego\u00edstas (Mt 6.33). A quest\u00e3o referente a \u201csua justi\u00e7a\u201d deve ser compreendida em rela\u00e7\u00e3o ao modo de vida justo proposto por todo o serm\u00e3o. A aceita\u00e7\u00e3o da vontade divina e o prop\u00f3sito de p\u00f4-la em a\u00e7\u00e3o em nossas vidas \u00e9 a primeira maneira de derrotar a preocupa\u00e7\u00e3o. Sabemos muito bem, por nossa pr\u00f3pria experi\u00eancia, como um grande amor pode eliminar de nossa mente qualquer outro interesse e preocupa\u00e7\u00e3o (Lc 16.13\u00aa). Tal amor pode ser capaz de inspirar o trabalho, intensificar o estudo, purificar a vida, dominar a totalidade do ser. A convic\u00e7\u00e3o de Jesus \u00e9 que quando Deus se torna o poder dominante de nossas vidas, toda ansiedade desaparece.<\/li>\n<li><strong>Basta a cada dia o seu mal.<\/strong> Nesse \u00faltimo princ\u00edpio, Jesus nos afirma como a preocupa\u00e7\u00e3o pode ser derrotada, quando aprendemos a arte de viver um dia de cada vez (Mt 6.34). Jesus recomenda a cada filho seu que enfrente cada dia sem preocupar-se com um amanh\u00e3 que poder\u00e1 n\u00e3o acontecer (Pv 27.1). Esta \u00e9 a raz\u00e3o de nossos dias terem apenas horas e n\u00e3o per\u00edodos maiores; seria doloroso demais para n\u00f3s lidarmos com tanta press\u00e3o. A vida crist\u00e3 \u00e9 uma jornada di\u00e1ria, com suas lutas, derrotas e vitorias; n\u00e3o existem reservas para o futuro. Da mesma forma que Jesus nos ensina a orar pelo p\u00e3o de cada dia e assim estar sempre na depend\u00eancia do Pai, tamb\u00e9m nos pede que vivamos a cada dia em paz e confian\u00e7a em Sua provis\u00e3o (Sl 68.19).<\/li>\n<\/ol>\n<p><strong>CONCLUS\u00c3O<\/strong><strong>\u00a0<\/strong><\/p>\n<p>A advert\u00eancia contra a ansiedade n\u00e3o \u00e9 uma condena\u00e7\u00e3o da preven\u00e7\u00e3o. Trata-se de n\u00e3o sermos sobrecarregados com os problemas e as dificuldades que ainda nos s\u00e3o desconhecidos. Em todo o tempo devemos confiar no cuidado e na provis\u00e3o de Deus necess\u00e1rios para cada dia.<\/p>\n<p>&nbsp;<\/p>\n<p>&nbsp;<\/p>\n<p><strong>\u00a0<\/strong><\/p>\n<p><strong>\u00a0<\/strong><strong>Postado por: <\/strong>Pr. Ademilson Braga<\/p>\n<p style=\"text-align: right;\">\u00a0\u00a0\u00a0\u00a0\u00a0\u00a0\u00a0\u00a0\u00a0\u00a0\u00a0\u00a0\u00a0\u00a0\u00a0\u00a0\u00a0\u00a0\u00a0\u00a0\u00a0\u00a0\u00a0\u00a0\u00a0\u00a0\u00a0\u00a0\u00a0\u00a0\u00a0\u00a0\u00a0\u00a0\u00a0\u00a0\u00a0\u00a0\u00a0\u00a0\u00a0\u00a0\u00a0\u00a0\u00a0\u00a0\u00a0\u00a0\u00a0\u00a0\u00a0\u00a0\u00a0\u00a0\u00a0\u00a0\u00a0\u00a0\u00a0\u00a0\u00a0\u00a0\u00a0\u00a0\u00a0\u00a0\u00a0\u00a0\u00a0\u00a0\u00a0\u00a0\u00a0\u00a0\u00a0\u00a0\u00a0\u00a0\u00a0\u00a0\u00a0\u00a0\u00a0\u00a0\u00a0\u00a0\u00a0\u00a0\u00a0\u00a0\u00a0\u00a0\u00a0\u00a0\u00a0\u00a0\u00a0\u00a0\u00a0\u00a0\u00a0\u00a0\u00a0\u00a0\u00a0\u00a0\u00a0\u00a0\u00a0\u00a0\u00a0\u00a0\u00a0\u00a0\u00a0\u00a0\u00a0\u00a0\u00a0 <strong>Fonte:<\/strong> Editora Betel<\/p>\n<p>&nbsp;<\/p>\n<p>&nbsp;<\/p>\n<p>&nbsp;<\/p>\n","protected":false},"excerpt":{"rendered":"<p>EBD \u2013 Adultos &#8211; EDI\u00c7\u00c3O: 138 &#8211; 3\u00ba Trimestre &#8211; Ano: 2022 &#8211; Editora: BETEL LI\u00c7\u00c3O \u2013 10 \u2013 04 de setembro de 2022 TEXTO \u00c1UREO \u201cN\u00e3o vos inquieteis, pois, pelo dia de amanh\u00e3, porque o dia de amanh\u00e3 cuidar\u00e1 de si mesmo. Basta a cada dia o seu mal.\u201d Mateus 6.34 VERDADE APLICADA Um [&hellip;]<\/p>\n","protected":false},"author":2,"featured_media":0,"comment_status":"open","ping_status":"open","sticky":false,"template":"","format":"standard","meta":{"footnotes":""},"categories":[950,7],"tags":[1141,57],"class_list":["post-8999","post","type-post","status-publish","format-standard","hentry","category-editora-betel","category-e-b-d","tag-solicitude","tag-vida"],"_links":{"self":[{"href":"http:\/\/www.searadecristo.com.br\/portal\/wp-json\/wp\/v2\/posts\/8999","targetHints":{"allow":["GET"]}}],"collection":[{"href":"http:\/\/www.searadecristo.com.br\/portal\/wp-json\/wp\/v2\/posts"}],"about":[{"href":"http:\/\/www.searadecristo.com.br\/portal\/wp-json\/wp\/v2\/types\/post"}],"author":[{"embeddable":true,"href":"http:\/\/www.searadecristo.com.br\/portal\/wp-json\/wp\/v2\/users\/2"}],"replies":[{"embeddable":true,"href":"http:\/\/www.searadecristo.com.br\/portal\/wp-json\/wp\/v2\/comments?post=8999"}],"version-history":[{"count":1,"href":"http:\/\/www.searadecristo.com.br\/portal\/wp-json\/wp\/v2\/posts\/8999\/revisions"}],"predecessor-version":[{"id":9000,"href":"http:\/\/www.searadecristo.com.br\/portal\/wp-json\/wp\/v2\/posts\/8999\/revisions\/9000"}],"wp:attachment":[{"href":"http:\/\/www.searadecristo.com.br\/portal\/wp-json\/wp\/v2\/media?parent=8999"}],"wp:term":[{"taxonomy":"category","embeddable":true,"href":"http:\/\/www.searadecristo.com.br\/portal\/wp-json\/wp\/v2\/categories?post=8999"},{"taxonomy":"post_tag","embeddable":true,"href":"http:\/\/www.searadecristo.com.br\/portal\/wp-json\/wp\/v2\/tags?post=8999"}],"curies":[{"name":"wp","href":"https:\/\/api.w.org\/{rel}","templated":true}]}}