{"id":8874,"date":"2022-07-18T06:46:12","date_gmt":"2022-07-18T09:46:12","guid":{"rendered":"http:\/\/www.searadecristo.com.br\/portal\/?p=8874"},"modified":"2022-07-16T14:59:32","modified_gmt":"2022-07-16T17:59:32","slug":"o-sal-da-terra-e-a-luz-do-mundo","status":"publish","type":"post","link":"http:\/\/www.searadecristo.com.br\/portal\/o-sal-da-terra-e-a-luz-do-mundo\/","title":{"rendered":"O sal da terra e a luz do mundo"},"content":{"rendered":"<p><strong><a href=\"http:\/\/www.searadecristo.com.br\/portal\/wp-content\/uploads\/2019\/07\/Logotipo-EBD-2.jpg\"><img loading=\"lazy\" decoding=\"async\" class=\"wp-image-6090 alignleft\" src=\"http:\/\/www.searadecristo.com.br\/portal\/wp-content\/uploads\/2019\/07\/Logotipo-EBD-2-298x300.jpg\" alt=\"\" width=\"153\" height=\"154\" srcset=\"http:\/\/www.searadecristo.com.br\/portal\/wp-content\/uploads\/2019\/07\/Logotipo-EBD-2-298x300.jpg 298w, http:\/\/www.searadecristo.com.br\/portal\/wp-content\/uploads\/2019\/07\/Logotipo-EBD-2-150x150.jpg 150w, http:\/\/www.searadecristo.com.br\/portal\/wp-content\/uploads\/2019\/07\/Logotipo-EBD-2.jpg 390w\" sizes=\"auto, (max-width: 153px) 100vw, 153px\" \/><\/a>EBD \u2013 <\/strong>Adultos &#8211; <strong>EDI\u00c7\u00c3O: 132<\/strong> &#8211; 3\u00ba Trimestre &#8211; Ano: 2022 &#8211; Editora: BETEL<\/p>\n<p><strong>LI\u00c7\u00c3O \u2013 04 <\/strong>\u2013 24 de julho de 2022<\/p>\n<p><strong>TEXTO \u00c1UREO<\/strong><\/p>\n<p>\u201cBom \u00e9 o sal; mas, se o sal se tornar insulso, com que o adubareis? Tende sal em v\u00f3s mesmos e paz uns com os outros.\u201d <strong>Marcos 9.50<\/strong><\/p>\n<p><strong>VERDADE APLICADA<\/strong><\/p>\n<p>Em um mundo em trevas e corrupto, somos chamados e capacitados a sermos diferentes e influenciadores para a gl\u00f3ria de Deus.<\/p>\n<p><strong>TEXTOS DE REFER\u00caNCIA<\/strong><\/p>\n<p>Mateus 5<\/p>\n<p>13- V\u00f3s sois o sal da terra; e, se o sal for ins\u00edpido, com que se h\u00e1 de salgar? Para nada mais presta, sen\u00e3o para se lan\u00e7ar fora e ser pisado pelos homens.<br \/>\n14- V\u00f3s sois a luz do mundo; n\u00e3o se pode esconder uma cidade edificada sobre um monte;<br \/>\n15- Nem se acende a candeia e se coloca debaixo do alqueire, mas, no velador, e d\u00e1 luz a todos que est\u00e3o na casa.<br \/>\n16- Assim resplande\u00e7a a vossa luz diante dos homens, para que vejam as vossas boas obras e glorifiquem a vosso Pai, que est\u00e1 nos c\u00e9us.<\/p>\n<p><strong>LEITURAS COMPLEMENTARES<\/strong><strong><br \/>\n<\/strong><br \/>\n<strong>Segunda-feira <\/strong>&#8211; Mc 7.21-23<br \/>\nO interior do cora\u00e7\u00e3o dos homens.<br \/>\n<strong>Ter\u00e7a-feira<\/strong> &#8211; Jo 15.16<br \/>\nJesus nos escolheu para frutificar.<br \/>\n<strong>Quarta-feira <\/strong>&#8211; Fp 2.15<br \/>\nFilhos de Deus: luz no mundo.<br \/>\n<strong>Quinta-feira <\/strong>&#8211; Hb 12.1<br \/>\nPerseveran\u00e7a no meio das prova\u00e7\u00f5es.<br \/>\n<strong>Sexta-feira <\/strong>&#8211; I Pe 2.9<br \/>\nA gera\u00e7\u00e3o eleita, o povo adquirido.<br \/>\n<strong>S\u00e1bado <\/strong>&#8211; I Jo 1.1-3<br \/>\nA Palavra da vida foi manifesta na carne.<\/p>\n<p><strong>INTRODU\u00c7\u00c3O<\/strong><\/p>\n<p>Jesus ressaltou a import\u00e2ncia de sermos o sal e a luz do mundo (Mt 5.13-16). O sal e a luz s\u00e3o met\u00e1foras que denotam a influ\u00eancia positiva que os filhos de Deus devem exercer no mundo.<\/p>\n<p><strong>I \u2013<\/strong> <strong>V\u00d3S SOIS O SAL DA TERRA<\/strong><\/p>\n<p>Ao fazer tal declara\u00e7\u00e3o, Jesus revela a dupla fun\u00e7\u00e3o que devemos exercer nesse mundo avesso e pecaminoso. Somos sal e luz: os agentes influenciadores (Fp 2.15).<\/p>\n<ol>\n<li><strong> A import\u00e2ncia de uma vida constante. <\/strong>Jesus n\u00e3o disse que temos \u201csal\u201d ou que temos \u201cluz\u201d, Ele disse: \u201cV\u00f3s sois\u201d (Mt 5.13-14). Com essa afirma\u00e7\u00e3o Jesus nos apresenta a responsabilidade que temos de viver uma vida de const\u00e2ncia. Jesus conta com cada crist\u00e3o para ser, neste mundo, um agente influenciador para um viver saud\u00e1vel e que glorifique a Deus. Ser como o sal \u00e9 isso, \u00e9 ter influ\u00eancia por ocasi\u00e3o de sua presen\u00e7a. Assim como o sal d\u00e1 sabor e influencia o ambiente em que \u00e9 colocado, assim devemos ser. Do mesmo modo \u00e9 a luz. Ela est\u00e1 em oposi\u00e7\u00e3o \u00e0s trevas, e aonde ela chega, as trevas devem sair porque n\u00e3o existe comunh\u00e3o entre ambas. Ou a luz predomina, ou as trevas. Ser luz \u00e9 manifestar ao mundo e impact\u00e1-lo com as boas obras, de tal maneira que Deus seja glorificado.<\/li>\n<li><strong> O poder relevante do sal<\/strong>. John Stott disse que a salinidade\u00a0do crist\u00e3o \u00e9 o seu car\u00e1ter conforme descrito nas bem-aventuran\u00e7as, \u00e9 discipulado crist\u00e3o verdadeiro, vis\u00edvel em atos e palavras (I Pe 2.9). No coment\u00e1rio \u201cTodas as par\u00e1bolas da B\u00edblia\u201d, h\u00e1 uma cita\u00e7\u00e3o feita pelo Dr. Campbell Morgan acerca do sal. Ele nos diz que o sal \u00e9 ass\u00e9ptico, n\u00e3o antiss\u00e9ptico. O antiss\u00e9ptico \u00e9 contr\u00e1rio ao veneno, \u00e9 capaz de curar. Ass\u00e9ptico \u00e9 algo destitu\u00eddo de veneno. Nesse caso, o sal nunca cura a corrup\u00e7\u00e3o, ele a previne. Ou seja, se a carne estiver contaminada e corrompida, ele nem a descontaminar\u00e1 nem purificar\u00e1; ele impedir\u00e1 que a corrup\u00e7\u00e3o se espalhe, n\u00e3o permitindo que todo o resto se contamine. Agindo como sal, cada servo de Deus \u00e9 um instrumento do Senhor que impede a prolifera\u00e7\u00e3o do mal. Eis a import\u00e2ncia de n\u00e3o se tornar ins\u00edpido nesse mundo (c 9.50).<\/li>\n<li><strong> O sal que provoca sede.<\/strong> Sabemos que o sal provoca a sede. E a pergunta \u00e9: que tipo de sede estamos provocando nas pessoas acerca de Cristo? Ser\u00e1 que nossa vida est\u00e1 atraindo as pessoas para virem a Cristo ou expulsando-as? O mundo est\u00e1 embriagado de materialismo e ins\u00edpido de espiritualidade. Ele est\u00e1 intoxicado de valores errados e ins\u00edpido dos valores eternos. Ele est\u00e1 intoxicado com o conhecimento humano e ins\u00edpido com a sabedoria divina. \u00c9 por isso que Jesus nos diz que devemos ser sal, para dar ao mundo que nos rodeia este sabor que Deus deseja que tenha. Como podemos ser sal para a nossa sociedade?\u00a0Vivendo de modo santo, honrado e com um aut\u00eantico testemunho acerca de Jesus Cristo (Lc 14.34-35; Cl 4.5-6).<\/li>\n<\/ol>\n<p><strong>II \u2013<\/strong> <strong>V\u00d3S SOIS A LUZ DO MUNDO<\/strong><\/p>\n<p>N\u00e3o existe outro motivo para a exist\u00eancia da luz, a n\u00e3o ser para que ilumine. N\u00e3o existe outra forma de iluminar esse mundo de trevas a n\u00e3o ser testemunhando (Mt 5.16).<\/p>\n<ol>\n<li><strong> A luz deve brilhar<\/strong>. Brilhar faz parte da natureza da luz, \u00e9 para isso que ela existe. Jesus disse que somos luz para esse mundo. Como filhos de Deus devemos brilhar em meio \u00e0s densas trevas desse mundo pecaminoso (Mt 5.14-16). Como podemos nos tornar um luzeiro moral e espiritual neste mundo avesso \u00e0 vontade de Deus? Vivendo de acordo com as Escrituras. Nosso compromisso com Jesus Cristo deve nos conduzir a viver uma vida que sirva tamb\u00e9m de modelo para aqueles que est\u00e3o ao nosso redor. Em meio \u00e0s trevas morais que ofuscam a humanidade, a Igreja faz resplandecer o brilho da esperan\u00e7a (Fp 2.15).<\/li>\n<li><strong> N\u00e3o se pode esconder uma luz. <\/strong>Jesus deixou bem claro que a luz foi criada para iluminar, e isto n\u00e3o pode acontecer se ela estiver escondida. A instru\u00e7\u00e3o divina \u00e9 que possamos reluzir e se fazer conhecidos em todos os segmentos, pois quando restringimos a dimens\u00e3o de nossa vida espiritual somente aos limites dos cultos ou de nossos lares, estamos escondendo o que deveria ser amplamente apresentado (At 5.42). Devemos observar bem o que Jesus est\u00e1 dizendo, pois podemos estar apenas pregando para n\u00f3s mesmos, e com isso, estamos limitando o alcance do potencial que nos foi oferecido por Ele. Devemos ampliar nossas fronteiras (Rm 15.20).<\/li>\n<li><strong> Cristo, nossa fonte de luz.<\/strong> Acerca de si mesmo, Jesus disse ser a luz do mundo, a fonte de luz que jorra para todos (Jo 8.12). Assim como uma l\u00e2mpada, naquele tempo, precisava de combust\u00edvel para produzir luz, n\u00f3s dependemos da fonte e precisamos estar conectados a ela em todo o tempo para poder manter a chama sempre acesa (Jo 15.5b). Jesus disse que n\u00e3o h\u00e1 como ficarmos escondidos sendo luz, todos est\u00e3o nos vendo, reparando nossas atitudes e testemunho (Hb 12.1). Somos como uma cidade sobre um monte, cujo brilho chama a aten\u00e7\u00e3o de todos (Mt 5.14). O texto nos ensina que \u00e9 a nossa luz que \u201cdeve brilhar\u201d e n\u00e3o \u201cn\u00f3s\u201d. A luz que brilha em n\u00f3s \u00e9 a vida compartilhada por Cristo.<\/li>\n<\/ol>\n<p><strong>III \u2013<\/strong> <strong>NOSSAS RESPONSABILIDADES COMO SAL E LUZ<\/strong><\/p>\n<p>Existe uma perfeita harmonia ente o sal e a luz. Por\u00e9m, num gesto muito elegante e amoroso, Jesus nos advertiu acerca de nossa import\u00e2ncia em mant\u00ea-los sempre ativos.<\/p>\n<ol>\n<li><strong> Tende sal em v\u00f3s mesmos<\/strong>. Com essa amorosa advert\u00eancia, o Senhor nos convida a priorizar nossa ess\u00eancia. Ter sal em si mesmo \u00e9 julgar o pecado primeiramente em nossas pr\u00f3prias vidas. Que honra existe em ensinar outros a fazerem o que nunca fizemos? Ter sal \u00e9 permitir que o Esp\u00edrito Santo e a Palavra nos limpem e eliminem os elementos destrutivos que existem dentro de n\u00f3s (Sl 119.9; Mc 7.21-23). A Palavra de Deus nos limpa, nos traz paz e nos prepara da melhor maneira para a obra mais importante para a qual fomos chamados neste mundo: anunciar o Evangelho de nosso Senhor Jesus Cristo. Somos o sal da terra e nosso Deus espera que exer\u00e7amos essa influ\u00eancia ben\u00e9fica e purificadora, para manter o verdadeiro car\u00e1ter crist\u00e3o e integridade (Mt 5.13).<\/li>\n<li><strong> Quem pratica a verdade vem para a luz<\/strong>. Observemos que a mesma advert\u00eancia dada ao sal, tamb\u00e9m foi dada \u00e0 luz. Se o sal pode perder o sabor, a luz tamb\u00e9m pode perder seu brilho (Mt 5.16). Duas coisas importantes chamam nossa aten\u00e7\u00e3o: primeiro, os que praticam a verdade v\u00eam para a luz; segundo, quem \u00e9 luz deve ser exemplo da verdade. Essa \u00e9 a nossa responsabilidade para com aqueles que nos observam (Jo 3.21). Que influ\u00eancia pode ter uma lamparina apagada na escurid\u00e3o? Assim tamb\u00e9m \u00e9 a vida de um crist\u00e3o sem o brilho da gra\u00e7a divina em sua vida. Cuidemos para que nossas l\u00e2mpadas n\u00e3o se apaguem como as das cinco virgens loucas (Mt 25.8). A aus\u00eancia da luz na vida de um crist\u00e3o pode significar v\u00e1rias coisas, inclusive, uma vida de trevas (II Co 6.14).<\/li>\n<li><strong> Sal e luz, uma perfeita combina\u00e7\u00e3o.<\/strong> Enquanto o sal serve para dar sabor onde penetra, a luz deve, por sua vez, iluminar o ambiente onde a escurid\u00e3o \u00e9 predominante. Como seria um mundo sem sal e sem luz? Somente assim podemos compreender a import\u00e2ncia do que Jesus falou acerca de nossa posi\u00e7\u00e3o nesse mundo. O sal impede e interrompe a corrup\u00e7\u00e3o, essa \u00e9 nossa responsabilidade, impedir que o mal avance, e como luz, devemos compartilhar a verdade, mostrando o caminho de Deus aos perdidos. Ser sal e luz \u00e9 uma quest\u00e3o apenas de identidade, \u00e9 isso o que Jesus disse que somos (Mt 5.13). Somos ve\u00edculos por meio dos quais a luz brilha, para que os homens tenham fome e sede de Cristo e possam conhecer o caminho.<\/li>\n<\/ol>\n<p><strong>CONCLUS\u00c3O<\/strong><\/p>\n<p>Ao dizer que somos sal da terra e luz do mundo, Jesus n\u00e3o somente revelou a responsabilidade que temos nesse mundo, ressaltou, tamb\u00e9m, as virtudes que acrescentou na vida de todos n\u00f3s.<\/p>\n<p>&nbsp;<\/p>\n<p>&nbsp;<\/p>\n<p>&nbsp;<\/p>\n<p><strong>Postado por: <\/strong>Pr. Ademilson Braga<\/p>\n<p style=\"text-align: right;\"><strong>Fonte:<\/strong> Editora Betel<\/p>\n<p>&nbsp;<\/p>\n<p>&nbsp;<\/p>\n<p>&nbsp;<\/p>\n<p>&nbsp;<\/p>\n","protected":false},"excerpt":{"rendered":"<p>EBD \u2013 Adultos &#8211; EDI\u00c7\u00c3O: 132 &#8211; 3\u00ba Trimestre &#8211; Ano: 2022 &#8211; Editora: BETEL LI\u00c7\u00c3O \u2013 04 \u2013 24 de julho de 2022 TEXTO \u00c1UREO \u201cBom \u00e9 o sal; mas, se o sal se tornar insulso, com que o adubareis? Tende sal em v\u00f3s mesmos e paz uns com os outros.\u201d Marcos 9.50 VERDADE [&hellip;]<\/p>\n","protected":false},"author":2,"featured_media":8875,"comment_status":"open","ping_status":"open","sticky":false,"template":"","format":"standard","meta":{"footnotes":""},"categories":[950,7],"tags":[168],"class_list":["post-8874","post","type-post","status-publish","format-standard","has-post-thumbnail","hentry","category-editora-betel","category-e-b-d","tag-sal"],"_links":{"self":[{"href":"http:\/\/www.searadecristo.com.br\/portal\/wp-json\/wp\/v2\/posts\/8874","targetHints":{"allow":["GET"]}}],"collection":[{"href":"http:\/\/www.searadecristo.com.br\/portal\/wp-json\/wp\/v2\/posts"}],"about":[{"href":"http:\/\/www.searadecristo.com.br\/portal\/wp-json\/wp\/v2\/types\/post"}],"author":[{"embeddable":true,"href":"http:\/\/www.searadecristo.com.br\/portal\/wp-json\/wp\/v2\/users\/2"}],"replies":[{"embeddable":true,"href":"http:\/\/www.searadecristo.com.br\/portal\/wp-json\/wp\/v2\/comments?post=8874"}],"version-history":[{"count":1,"href":"http:\/\/www.searadecristo.com.br\/portal\/wp-json\/wp\/v2\/posts\/8874\/revisions"}],"predecessor-version":[{"id":8876,"href":"http:\/\/www.searadecristo.com.br\/portal\/wp-json\/wp\/v2\/posts\/8874\/revisions\/8876"}],"wp:featuredmedia":[{"embeddable":true,"href":"http:\/\/www.searadecristo.com.br\/portal\/wp-json\/wp\/v2\/media\/8875"}],"wp:attachment":[{"href":"http:\/\/www.searadecristo.com.br\/portal\/wp-json\/wp\/v2\/media?parent=8874"}],"wp:term":[{"taxonomy":"category","embeddable":true,"href":"http:\/\/www.searadecristo.com.br\/portal\/wp-json\/wp\/v2\/categories?post=8874"},{"taxonomy":"post_tag","embeddable":true,"href":"http:\/\/www.searadecristo.com.br\/portal\/wp-json\/wp\/v2\/tags?post=8874"}],"curies":[{"name":"wp","href":"https:\/\/api.w.org\/{rel}","templated":true}]}}