{"id":8854,"date":"2022-07-11T07:22:21","date_gmt":"2022-07-11T10:22:21","guid":{"rendered":"http:\/\/www.searadecristo.com.br\/portal\/?p=8854"},"modified":"2022-07-09T19:35:50","modified_gmt":"2022-07-09T22:35:50","slug":"os-primeiros-passos-de-paulo","status":"publish","type":"post","link":"http:\/\/www.searadecristo.com.br\/portal\/os-primeiros-passos-de-paulo\/","title":{"rendered":"Os primeiros passos de Paulo"},"content":{"rendered":"<p><strong>EBD \u2013 <\/strong>Adolescentes<strong> &#8211; EDI\u00c7\u00c3O: 80<\/strong>\u00a0&#8211; 3\u00ba Trimestre &#8211; Ano: 2022 &#8211; Editora: CPAD<\/p>\n<p><strong>LI\u00c7\u00c3O &#8211; 03<\/strong> \u2013 17 de julho de 2022<\/p>\n<p><strong>TEXTO B\u00cdBLICO<\/strong><\/p>\n<p>G\u00e1latas 1.15-24<\/p>\n<p><strong>DESTAQUE<\/strong><\/p>\n<p>\u201cDepois Barnab\u00e9 foi at\u00e9 a cidade de Tarso a fim de buscar Saulo. Quando o encontrou, ele o levou para Antioquia. Eles se reuniram durante um ano com a gente daquela igreja e ensinaram muitas pessoas.\u201d <strong>Atos 11.25,26a<\/strong><\/p>\n<p><strong>LEITURA DEVOCIONAL<\/strong><\/p>\n<p><strong>Segunda-feira <\/strong>&#8211; II Tm 1.1, 2<br \/>\n<strong>Ter\u00e7a-feira <\/strong>&#8211; Rm 1.1<br \/>\n<strong>Quarta-feira <\/strong>&#8211; Lc 9.23<br \/>\n<strong>Quinta-feira <\/strong>&#8211; II Co 5.17-19<br \/>\n<strong>Sexta-feira<\/strong> &#8211; Ef 2.17-22<br \/>\n<strong>S\u00e1bado <\/strong>&#8211; Fp 3.7-14<\/p>\n<p><strong>I. A TRAJET\u00d3RIA INICIAL DE PAULO<\/strong><\/p>\n<p>Depois do batismo em \u00e1guas, Paulo permaneceu na cidade por algum tempo e anunciou nas sinagogas que Jesus era o Filho de Deus. Alguns judeus n\u00e3o receberam bem essa mensagem, por isso, planejaram mat\u00e1-lo (At 9.22-25). Por\u00e9m, outras pessoas aceitaram a prega\u00e7\u00e3o e ajudaram Paulo a escapar dos opositores, dentro de um cesto, por meio de uma abertura da muralha de Damasco (II Co 11.32, 33). Combinando as informa\u00e7\u00f5es do livro de Atos com a Carta aos G\u00e1latas, sabemos que Paulo passou um tempo na Ar\u00e1bia, os chamados \u201canos ocultos ou silenciosos\u201d, e voltou a Damasco depois, ficando por mais tr\u00eas anos (Gl 1.15-18). O que Paulo fez ali? A B\u00edblia n\u00e3o d\u00e1 detalhes.<\/p>\n<p>Os especialistas em pesquisa b\u00edblica, no entanto, sugerem que ele pode ter aprendido a profiss\u00e3o de fazer barracas, ter iniciado seu minist\u00e9rio entre os gentios, ou se dedicado ao estudo das Escrituras Sagradas, ou ainda analisado o significado da Lei, a fim de entender o cumprimento das profecias sobre o Messias em Jesus. Depois dos anos em Damasco, Paulo foi a Jerusal\u00e9m e teve um contato r\u00e1pido com os disc\u00edpulos de Jesus. Ele menciona que falou com Pedro e Tiago (Gl 1.18,19). Em Jerusal\u00e9m,\u00a0a igreja conhecia o Saulo perseguidor, ent\u00e3o ficaram desconfiados dele. Por isso, Barnab\u00e9 apresentou aos ap\u00f3stolos o Paulo transformado por Jesus. O entusiasmo do Ap\u00f3stolo era grande, e ele pregava as Boas-Novas por toda a cidade. E, mais uma vez, ele encontrou resist\u00eancia por aqueles que n\u00e3o aceitavam Jesus como o Messias. Assim, os irm\u00e3os, que haviam aprendido a amar Paulo, ajudaram-no escapar para Cesar\u00e9ia (At 9.30).<\/p>\n<p>Algum tempo depois, Barnab\u00e9 buscou Paulo em Tarso, para juntos trabalharem em Antioquia da S\u00edria (At 11.26).\u00a0Isso porque a igreja ali cresceu e precisava de Lideran\u00e7a. Antioquia da S\u00edria era uma grande e importante cidade romana. Eram muitos os seguidores de Jesus naquele lugar. L\u00e1 foi onde \u201cpela primeira vez, os seguidores de Jesus foram chamados de crist\u00e3os\u201d (At 11.26).<\/p>\n<p><strong>II. O AMADURECIMENTO ESPIRITUAL DE PAULO<\/strong><\/p>\n<p>Como explicar os anos de sil\u00eancio depois das amea\u00e7as e fugas? Por um Lado, Paulo experimentou uma tremenda transforma\u00e7\u00e3o na sua vida ao encontrar Jesus. Ele era uma nova pessoa, porque \u201cquem est\u00e1 unido com Cristo \u00e9 uma nova pessoa; acabou-se o que era velho, e j\u00e1 chegou o que \u00e9 novo\u201d (II Co 5.17). \u00c9 poss\u00edvel, ent\u00e3o, que ele tenha dedicado um tempo para refazer sua vida, procurar um novo trabalho, cuidar das emo\u00e7\u00f5es e moldar sua personalidade conforme os ensinos de Jesus. Por outro lado, quando Barnab\u00e9 o chamou para ir \u00e0 Antioquia, Paulo estava preparado para acompanh\u00e1-lo e ser um l\u00edder, isso parece sinalizar que, durante esse tempo, Paulo estava se capacitando para exercer seu chamado de maneira apropriada, estudando as Escrituras, orando e jejuando. O Esp\u00edrito Santo estava com ele, guiando sua trajet\u00f3ria. Qualquer que tenha sido a raz\u00e3o pela falta de detalhes, sabemos que esse per\u00edodo era parte dos planos de Deus, pois no tempo certo Paulo estava amadurecido.<\/p>\n<p><strong>III. A MENSAGEM QUE INCOMODA<\/strong><\/p>\n<p>O entusiasmo e a dedica\u00e7\u00e3o que Paulo tinha para rastrear e amea\u00e7ar os disc\u00edpulos foram direcionados para a prega\u00e7\u00e3o do Evangelho. Por\u00e9m, mesmo com sua dedica\u00e7\u00e3o, alguns judeus n\u00e3o aceitaram o Evangelho de Jesus. Voc\u00ea j\u00e1 se perguntou o por qu\u00ea? O povo de Israel aguardava a vinda do Messias, porque os profetas haviam recebido essa mensagem, e as profecias estavam registradas nas Escrituras Sagradas. Durante o tempo que viveu na Terra entre os humanos (Jo 1.14), Jesus declarou que Ele era o cumprimento dessas profecias (Mt 5.17) e mostrou que Ele era o Filho de Deus (Mt 16.16,17). Quando Ele morreu e ressuscitou, n\u00e3o deveriam restar d\u00favidas de que Jesus falou a verdade.<\/p>\n<p>Mas, voc\u00ea acredita que alguns judeus n\u00e3o aceitaram que Jesus era Deus? E n\u00e3o s\u00f3 rejeitaram Jesus, o Messias, como tamb\u00e9m negaram a ressurrei\u00e7\u00e3o? Por isso, acusavam de blasf\u00eamia aquelas pessoas que pregavam essa mensagem. Blasf\u00eamia \u00e9 palavra ofensiva ou insulto contra algu\u00e9m. Os perseguidores de Paulo n\u00e3o tinham o cora\u00e7\u00e3o aberto para que o Esp\u00edrito Santo mostrasse que Jesus era o Salvador. Voc\u00ea tem encontrado alguma resist\u00eancia quando conta as suas experi\u00eancias com Jesus? N\u00e3o esque\u00e7a que nosso dever \u00e9 falar de Jesus para as pessoas, mas \u00e9 o Esp\u00edrito Santo que as convence do pecado (Jo 16.7,8). Ent\u00e3o, n\u00e3o desanime! Continue contando que Deus \u00e9 bom e misericordioso.<\/p>\n<p><strong>CONCLUS\u00c3O<\/strong><\/p>\n<p>A caminhada com Cristo come\u00e7a quando reconhecemos que Ele \u00e9 o Salvador e entregamos nossa vida a Jesus. Com o Ap\u00f3stolo Paulo n\u00e3o foi diferente. Ele encontrou com o Messias e se sujeitou totalmente a Jesus. Seus primeiros anos como crist\u00e3o foram marcados por prega\u00e7\u00f5es, prova\u00e7\u00f5es e amadurecimento da f\u00e9.<\/p>\n<p>&nbsp;<\/p>\n<p>&nbsp;<\/p>\n<p><strong>Postado por: <\/strong>Pr. Ademilson Braga<\/p>\n<p style=\"text-align: right;\"><strong>Fonte: <\/strong>Editora CPAD<\/p>\n<p>&nbsp;<\/p>\n<p>&nbsp;<\/p>\n<p>&nbsp;<\/p>\n<p>&nbsp;<\/p>\n","protected":false},"excerpt":{"rendered":"<p>EBD \u2013 Adolescentes &#8211; EDI\u00c7\u00c3O: 80\u00a0&#8211; 3\u00ba Trimestre &#8211; Ano: 2022 &#8211; Editora: CPAD LI\u00c7\u00c3O &#8211; 03 \u2013 17 de julho de 2022 TEXTO B\u00cdBLICO G\u00e1latas 1.15-24 DESTAQUE \u201cDepois Barnab\u00e9 foi at\u00e9 a cidade de Tarso a fim de buscar Saulo. Quando o encontrou, ele o levou para Antioquia. Eles se reuniram durante um ano [&hellip;]<\/p>\n","protected":false},"author":2,"featured_media":0,"comment_status":"open","ping_status":"open","sticky":false,"template":"","format":"standard","meta":{"footnotes":""},"categories":[972,7],"tags":[1113],"class_list":["post-8854","post","type-post","status-publish","format-standard","hentry","category-adolescente","category-e-b-d","tag-passos"],"_links":{"self":[{"href":"http:\/\/www.searadecristo.com.br\/portal\/wp-json\/wp\/v2\/posts\/8854","targetHints":{"allow":["GET"]}}],"collection":[{"href":"http:\/\/www.searadecristo.com.br\/portal\/wp-json\/wp\/v2\/posts"}],"about":[{"href":"http:\/\/www.searadecristo.com.br\/portal\/wp-json\/wp\/v2\/types\/post"}],"author":[{"embeddable":true,"href":"http:\/\/www.searadecristo.com.br\/portal\/wp-json\/wp\/v2\/users\/2"}],"replies":[{"embeddable":true,"href":"http:\/\/www.searadecristo.com.br\/portal\/wp-json\/wp\/v2\/comments?post=8854"}],"version-history":[{"count":3,"href":"http:\/\/www.searadecristo.com.br\/portal\/wp-json\/wp\/v2\/posts\/8854\/revisions"}],"predecessor-version":[{"id":10292,"href":"http:\/\/www.searadecristo.com.br\/portal\/wp-json\/wp\/v2\/posts\/8854\/revisions\/10292"}],"wp:attachment":[{"href":"http:\/\/www.searadecristo.com.br\/portal\/wp-json\/wp\/v2\/media?parent=8854"}],"wp:term":[{"taxonomy":"category","embeddable":true,"href":"http:\/\/www.searadecristo.com.br\/portal\/wp-json\/wp\/v2\/categories?post=8854"},{"taxonomy":"post_tag","embeddable":true,"href":"http:\/\/www.searadecristo.com.br\/portal\/wp-json\/wp\/v2\/tags?post=8854"}],"curies":[{"name":"wp","href":"https:\/\/api.w.org\/{rel}","templated":true}]}}