{"id":8081,"date":"2021-11-15T11:03:38","date_gmt":"2021-11-15T14:03:38","guid":{"rendered":"http:\/\/www.searadecristo.com.br\/portal\/?p=8081"},"modified":"2021-11-15T11:12:24","modified_gmt":"2021-11-15T14:12:24","slug":"paulo-o-plantador-de-igrejas","status":"publish","type":"post","link":"http:\/\/www.searadecristo.com.br\/portal\/paulo-o-plantador-de-igrejas\/","title":{"rendered":"Paulo o plantador de igrejas"},"content":{"rendered":"\n<p><strong>EDI\u00c7\u00c3O: 499<\/strong> &#8211; 4\u00ba Trimestre &#8211; Ano: 2021 &#8211; Editora: CPAD<\/p>\n\n\n\n<div class=\"wp-block-image\"><figure class=\"alignleft is-resized\"><img loading=\"lazy\" decoding=\"async\" src=\"http:\/\/www.searadecristo.com.br\/portal\/wp-content\/uploads\/2019\/07\/Logotipo-EBD-2.jpg\" alt=\"\" class=\"wp-image-6090\" width=\"140\" height=\"141\" srcset=\"http:\/\/www.searadecristo.com.br\/portal\/wp-content\/uploads\/2019\/07\/Logotipo-EBD-2.jpg 390w, http:\/\/www.searadecristo.com.br\/portal\/wp-content\/uploads\/2019\/07\/Logotipo-EBD-2-150x150.jpg 150w, http:\/\/www.searadecristo.com.br\/portal\/wp-content\/uploads\/2019\/07\/Logotipo-EBD-2-298x300.jpg 298w\" sizes=\"auto, (max-width: 140px) 100vw, 140px\" \/><\/figure><\/div>\n\n\n\n<p><strong>LI\u00c7\u00c3O &#8211; 07<\/strong> \u2013 14 de novembro de 2021<\/p>\n\n\n\n<p><strong>TEXTO \u00c1UREO<\/strong><\/p>\n\n\n\n<p>\u201cEu plantei: Apolo regou; mas Deus deu o crescimento. <strong>(I Co 3.6)<\/strong><\/p>\n\n\n\n<p><strong>VERDADE PR\u00c1TICA<\/strong><\/p>\n\n\n\n<p>A experi\u00eancia com Cristo \u00e9 o mais poderoso fator motivacional para plantar igrejas<\/p>\n\n\n\n<p><strong>LEITURA DI\u00c1RIA<\/strong><\/p>\n\n\n\n<p><strong>Segunda-feira <\/strong>\u2013 Rm 15.20<br>Igrejas plantadas em lugares onde Cristo n\u00e3o foi anunciado<\/p>\n\n\n\n<p><strong>Ter\u00e7a-feira<\/strong> \u2013 Ef 3.1<br>A planta\u00e7\u00e3o de igrejas se deu entre os gentios<\/p>\n\n\n\n<p><strong>Quarta-feira <\/strong>\u2013 I Co 9.16<br>Pregar o Evangelho \u00e9 uma obriga\u00e7\u00e3o<\/p>\n\n\n\n<p><strong>Quinta-feira <\/strong>\u2013 Rm 13.1-3<br>Antioquia, o ponto de partida do minist\u00e9rio de Paulo<\/p>\n\n\n\n<p><strong>Sexta-feira <\/strong>\u2013 At 16.9<br>O Esp\u00edrito Santo direcionou Paulo na miss\u00e3o<\/p>\n\n\n\n<p><strong>S\u00e1bado <\/strong>\u2013 At 26.14,19<br>A verdadeira motiva\u00e7\u00e3o para a miss\u00e3o<\/p>\n\n\n\n<p><strong>LEITURA B\u00cdBLICA<\/strong><\/p>\n\n\n\n<p><strong>I Cor\u00edntios 3<\/strong><\/p>\n\n\n\n<p>6- Eu plantei, Apolo regou; mas Deus deu o crescimento.<\/p>\n\n\n\n<p>7- Pelo que nem o que planta \u00e9 alguma coisa, nem o que rega, mas Deus, que d\u00e1 o crescimento.<\/p>\n\n\n\n<p>8- Ora, o que planta e o que rega s\u00e3o um; mas cada um receber\u00e1 o seu galard\u00e3o, segundo o seu trabalho.<\/p>\n\n\n\n<p>9- Porque n\u00f3s somos cooperadores de Deus; v\u00f3s sois lavoura de Deus e edif\u00edcio de Deus.<\/p>\n\n\n\n<p><strong>Atos 13<\/strong><\/p>\n\n\n\n<p>1- Na igreja que estava em Antioquia havia alguns profetas e doutores, a saber: Barnab\u00e9, e Sime\u00e3o, chamado N\u00edger, e L\u00facio, cireneu, e Mana\u00e9m, que fora criado com Herodes, o tetrarca, e Saulo.<\/p>\n\n\n\n<p>2- E, servindo eles ao Senhor e jejuando, disse o Esp\u00edrito Santo: Apartai-me a Barnab\u00e9 e a Saulo para a obra a que os tenho chamado.<\/p>\n\n\n\n<p>3- Ent\u00e3o, jejuando, e orando, e pondo sobre eles as m\u00e3os, os despediram.<\/p>\n\n\n\n<p><strong>Atos 16<\/strong><\/p>\n\n\n\n<p>1- E chegou a Derbe e Listra. E eis que estava ali um certo disc\u00edpulo por nome Tim\u00f3teo, filho de uma judia que era crente, mas de pai grego,<\/p>\n\n\n\n<p>2- do qual davam bom testemunho os irm\u00e3os que estavam em Listra e em Ic\u00f4nio.<\/p>\n\n\n\n<p>3- Paulo quis que este fosse com ele e, tomando-o, o circuncidou, por causa dos judeus que estavam naqueles lugares; porque todos sabiam que seu pai era grego.<\/p>\n\n\n\n<p>4- E, quando iam passando pelas cidades, lhes entregavam, para serem observados, os decretos que haviam sido estabelecidas pelos ap\u00f3stolos e anci\u00e3os em Jerusal\u00e9m<\/p>\n\n\n\n<p>5- de sorte que as igrejas eram confirmadas na f\u00e9 e cada dia cresciam em n\u00famero.<\/p>\n\n\n\n<p>9- E Paulo teve, de noite, uma vis\u00e3o em que se apresentava um var\u00e3o da Maced\u00f4nia e lhe rogava, dizendo: Passa \u00e0 Maced\u00f4nia e ajuda-nos!<\/p>\n\n\n\n<p>10- E, logo depois desta vis\u00e3o, procuramos partir para a Maced\u00f4nia, concluindo que o Senhor nos chamava para lhes anunciarmos o evangelho.<strong> <\/strong><\/p>\n\n\n\n<p><strong>INTRODU\u00c7\u00c3O<\/strong><\/p>\n\n\n\n<p>Nesta li\u00e7\u00e3o, estudaremos sobre o processo de planta\u00e7\u00e3o de igreja que o ap\u00f3stolo Paulo executou. Veremos que ele foi um desbravador da causa do Mestre no mundo pag\u00e3o, e seu ponto de partida no minist\u00e9rio&nbsp; foi Antioquia, quando enviado para outras regi\u00f5es do mundo onde o Evangelho foi com Cristo e o pregado. Tamb\u00e9m refletimos sobre as caracter\u00edsticas do plantador da igreja local frente aos desafios atuais.<\/p>\n\n\n\n<p><strong>I \u2013 PAULO, O DESBRAVADOR SOB UMA GLORIOSA OBRIGA\u00c7\u00c3O<\/strong><\/p>\n\n\n\n<p><strong>1. Paulo, o desbravador.<\/strong> Paulo foi, sem d\u00favida, o grande desbravador da f\u00e9 crist\u00e3 no mundo gent\u00edlico. Ele dedicou a sua vida para proclamar o Evangelho e cumprir a miss\u00e3o entre os pag\u00e3os. O ap\u00f3stolo contribuiu grandiosamente na implanta\u00e7\u00e3o de in\u00fameras igrejas e no crescimento da f\u00e9 crist\u00e3. N\u00e3o houve quem plantasse tantas igrejas, em t\u00e3o pouco tempo, como o ap\u00f3stolo dos gentios. Sua vida e minist\u00e9rio constrangem a semear o Evangelho e a plantar igrejas em lugares onde pessoas nunca ouviram falar do Evangelho das Boas-Novas (Rm 15.20).<\/p>\n\n\n\n<p><strong>2. Uma gloriosa obriga\u00e7\u00e3o<\/strong>. O ap\u00f3stolo foi chamado por Cristo para pregar o Evangelho aos gentios. Por isso, na B\u00edblia, vemos a express\u00e3o: \u201cEu, Paulo, sou o prisioneiro de Jesus Cristo por v\u00f3s, os gentios\u201d (Ef 3.1). Seu compromisso com os gentios estava firmado em Cristo, o nosso Senhor. Nesse sentido, toda sua ousadia, coragem e precis\u00e3o, no minist\u00e9rio de planta\u00e7\u00e3o de igrejas levavam em conta esse compromisso com Cristo, \u201cpois me \u00e9 imposta essa obriga\u00e7\u00e3o; e ai de mim se n\u00e3o anunciar o evangelho\u201d (I Co 9.16). Assim, Paulo passou a pregar ousadamente a Cristo nas sinagogas, anunciando que Ele \u00e9 o Filho de Deus. Essa ousadia e coragem recebemos diretamente do Esp\u00edrito Santo.<\/p>\n\n\n\n<p><strong>3. Planta\u00e7\u00e3o de igreja, uma parceria.<\/strong> A planta\u00e7\u00e3o da igreja envolve um trabalho duplo: do homem e de Deus. N\u00f3s, seus servos, plantamos igrejas como sementes na terra. Nas cartas de Paulo, a imagem da planta\u00e7\u00e3o aparece, em especial, na Primeira Carta aos Cor\u00edntios (I Co 3.6-9). O ap\u00f3stolo dava o devido m\u00e9rito desse processo a Deus (I Co 3.6). E n\u00f3s somos os seus cooperadores e, a igreja, a lavoura e o edif\u00edcio de Deus (I. Co 3.9). Nesse divino minist\u00e9rio de planta\u00e7\u00e3o de igreja, \u00e0 luz do ensino de Paulo, fica claro que o trabalho de semear e plantar \u00e9 nosso, mas quem faz germinar, frutificar e crescer \u00e9 Deus. Deus e o homem cooperam na planta\u00e7\u00e3o de igrejas.<\/p>\n\n\n\n<p><strong>II \u2013 ANTIOQUIA, O PONTO DE PARTIDA PARA O CRESCIMENTO DA IGREJA<\/strong><\/p>\n\n\n\n<p><strong>1. Uma igreja mission\u00e1ria<\/strong>. A igreja em Antioquia era rica em l\u00edderes (At 13.1-3), pois nela havia \u201cprofetas e doutores, a saber: Barnab\u00e9, Sime\u00e3o cognominado Niger, L\u00facio de Cirene, e ainda Manaen, companheiro de inf\u00e2ncia do tetrarca Herodes, e Saulo\u201d (v.1). Ali, foi o ponto de partida de Paulo para a extraordin\u00e1ria obra de plantar igrejas entre os gentios. Juntamente com Barnab\u00e9, sob jejum, ora\u00e7\u00e3o e imposi\u00e7\u00e3o de m\u00e3os (v.3), ele foi enviado ao vasto campo do mundo gent\u00edlico para pregar o Evangelho e plantar igrejas.<\/p>\n\n\n\n<p><strong>2. A primeira viagem mission\u00e1ria<\/strong>. Paulo e Barnab\u00e9 pregaram em Chipre (13.4). Neste lugar, o ap\u00f3stolo desmascarou o feiticeiro Elimas, o encantador, e ganhou o proc\u00f3nsul para Cristo. Mais adiante pregou na sinagoga de Antioquia da Pis\u00eddia, onde os judeus lhe fizeram oposi\u00e7\u00e3o (13.45), e, ao mesmo tempo, os gentios alegraram-se, creram e o Esp\u00edrito Santo se fez presente ali. O mesmo aconteceu em Ic\u00f4nio, Listra, Derbe (14.1-28). Ora, no trabalho de evangeliza\u00e7\u00e3o e implanta\u00e7\u00e3o de igrejas h\u00e1 muitos desafios. Uns recebem a Palavra, outros a rejeitam, outros ainda zombam. O trabalho de implanta\u00e7\u00e3o da igreja n\u00e3o \u00e9 f\u00e1cil, mas o Esp\u00edrito Santo opera, fala aos cora\u00e7\u00f5es e d\u00e1 o crescimento \u00e0 obra de Deus.<\/p>\n\n\n\n<p><strong>3. A segunda viagem mission\u00e1ria<\/strong>. Depois do Conc\u00edlio de Jerusal\u00e9m (At 15). Paulo visitou igrejas j\u00e1 plantadas, a partir das regi\u00f5es do Oriente para o Ocidente, envolvendo a \u00c1sia e a Europa. De fato, nessa segunda viagem houve uma mudan\u00e7a de rumo sob a dire\u00e7\u00e3o do Esp\u00edrito, quando ele teve a vis\u00e3o de um maced\u00f3nio que dizia: \u201cPassa \u00e0 Maced\u00f4nia e ajuda-nos\u201d (At 16.9). Paulo empreendeu uma viagem que inclu\u00eda Derbe, Listra, Troas, Filipos e Tessal\u00f4nica. Ber\u00e9ia, Atenas, Corinto, \u00c9feso. Outras cidades foram alcan\u00e7adas pelo \u00edmpeto evangel\u00edstico do ap\u00f3stolo e in\u00fameras igrejas foram plantadas. Quando estamos na depend\u00eancia do Esp\u00edrito Santo, temos uma vis\u00e3o ampliada acerca do Reino de Deus.<\/p>\n\n\n\n<p><strong>III \u2013 CARACTER\u00cdSTICAS DE UM PLANTADOR DE IGREJAS<\/strong><\/p>\n\n\n\n<p><strong>1. Motivado pelo chamado<\/strong>. Como vemos em Paulo, um plantador de igrejas deve estar consciente do chamado divino em sua vida. Deus nos chama e confirma esse chamado no Corpo de Cristo (At 9.17-22). Na vida de Paulo, tudo come\u00e7ou no caminho para Damasco (At 9.4,5). Esse come\u00e7o tornou-se um elemento motivador no minist\u00e9rio do ap\u00f3stolo (At 26.14,19). Sempre h\u00e1 um ponto de partida em que somos tomados pela consci\u00eancia daquilo que Deus nos chamou para fazer. Essa consci\u00eancia do chamado \u00e9 o fator motivacional que nos faz enfrentar os desafios diante de n\u00f3s. Deus ainda chama!<\/p>\n\n\n\n<p><strong>2. Experimentado no deserto da vida.<\/strong> O ap\u00f3stolo foi experimentado no deserto da \u00c1rabia (Gl 1.17,18). Para forjar o nosso car\u00e1ter, muitas vezes Deus nos leva ao deserto da vida para falar ao nosso cora\u00e7\u00e3o (Os 2.14). Ali, somos capacitados por Deus para topar contra os grandes desafios na miss\u00e3o de pregar o Evangelho e plantar igrejas. O Senhor trabalha em nosso temperamento, car\u00e1ter e personalidade. As experi\u00eancias que passamos ao longo da vida podem ser oportunidades de Deus para forjar o nosso car\u00e1ter.<\/p>\n\n\n\n<p><strong>3. A igreja segundo as Escrituras<\/strong>. Toda a estrat\u00e9gia de um plantador de igreja deve levar em conta as Sagradas Escrituras. Nas Escrituras, vemos que igreja local \u00e9 um lugar onde devemos ter um relacionamento pessoal com Deus; onde h\u00e1 amor pelo pecador; onde h\u00e1 batismo no Esp\u00edrito Santo para o exerc\u00edcio do servi\u00e7o; profus\u00e3o dos dons espirituais, ministeriais e de servi\u00e7o (I Co 12.28-31); h\u00e1 de se ter autoridade do alto para expulsar dem\u00f4nios e curar enfermos; h\u00e1 de ter prega\u00e7\u00e3o fiel da Palavra de Deus com a autoridade do Esp\u00edrito, e vida de ora\u00e7\u00e3o, pois os ministros n\u00e3o podem deixar de perseverar na Palavra e na ora\u00e7\u00e3o (At 6.4). Nessa igreja batizamos em nome do Pai, do Filho e do Esp\u00edrito Santo, partilhamos da ceia do Senhor e aguardamos a sua volta para nos encontrar com Ele. N\u00e3o podemos perder de vista que n\u00f3s plantamos, mas \u00e9 Deus que d\u00e1 o crescimento e aprova a obra (I Co 3.6).<\/p>\n\n\n\n<p><strong>CONCLUS\u00c3O<\/strong><\/p>\n\n\n\n<p>Vimos que muitos epis\u00f3dios na vida do ap\u00f3stolo Paulo aumentaram sua vis\u00e3o para expandir a Igreja por todas as partes. \u00c9 vontade de Deus que vidas sejam chamadas por Ele para se tornarem plantadoras de igreja. Pessoas que amem proclamar a Palavra de Deus para quem n\u00e3o a conhece e formar uma igreja local que glorifique a Deus e viva a f\u00e9 com fidelidade ao nosso Senhor.<\/p>\n\n\n\n<p><strong>Postado por: <\/strong>Pr. Ademilson Braga<\/p>\n\n\n\n<p style=\"text-align:right\"><strong>Fonte: <\/strong>Revista<strong> &nbsp;<\/strong>CPAD<\/p>\n","protected":false},"excerpt":{"rendered":"<p>EDI\u00c7\u00c3O: 499 &#8211; 4\u00ba Trimestre &#8211; Ano: 2021 &#8211; Editora: CPAD LI\u00c7\u00c3O &#8211; 07 \u2013 14 de novembro de 2021 TEXTO \u00c1UREO \u201cEu plantei: Apolo regou; mas Deus deu o crescimento. (I Co 3.6) VERDADE PR\u00c1TICA A experi\u00eancia com Cristo \u00e9 o mais poderoso fator motivacional para plantar igrejas LEITURA DI\u00c1RIA Segunda-feira \u2013 Rm 15.20Igrejas [&hellip;]<\/p>\n","protected":false},"author":2,"featured_media":8088,"comment_status":"open","ping_status":"open","sticky":false,"template":"","format":"standard","meta":{"footnotes":""},"categories":[949,10,7],"tags":[],"class_list":["post-8081","post","type-post","status-publish","format-standard","has-post-thumbnail","hentry","category-cpad","category-artigos","category-e-b-d"],"_links":{"self":[{"href":"http:\/\/www.searadecristo.com.br\/portal\/wp-json\/wp\/v2\/posts\/8081","targetHints":{"allow":["GET"]}}],"collection":[{"href":"http:\/\/www.searadecristo.com.br\/portal\/wp-json\/wp\/v2\/posts"}],"about":[{"href":"http:\/\/www.searadecristo.com.br\/portal\/wp-json\/wp\/v2\/types\/post"}],"author":[{"embeddable":true,"href":"http:\/\/www.searadecristo.com.br\/portal\/wp-json\/wp\/v2\/users\/2"}],"replies":[{"embeddable":true,"href":"http:\/\/www.searadecristo.com.br\/portal\/wp-json\/wp\/v2\/comments?post=8081"}],"version-history":[{"count":5,"href":"http:\/\/www.searadecristo.com.br\/portal\/wp-json\/wp\/v2\/posts\/8081\/revisions"}],"predecessor-version":[{"id":8090,"href":"http:\/\/www.searadecristo.com.br\/portal\/wp-json\/wp\/v2\/posts\/8081\/revisions\/8090"}],"wp:featuredmedia":[{"embeddable":true,"href":"http:\/\/www.searadecristo.com.br\/portal\/wp-json\/wp\/v2\/media\/8088"}],"wp:attachment":[{"href":"http:\/\/www.searadecristo.com.br\/portal\/wp-json\/wp\/v2\/media?parent=8081"}],"wp:term":[{"taxonomy":"category","embeddable":true,"href":"http:\/\/www.searadecristo.com.br\/portal\/wp-json\/wp\/v2\/categories?post=8081"},{"taxonomy":"post_tag","embeddable":true,"href":"http:\/\/www.searadecristo.com.br\/portal\/wp-json\/wp\/v2\/tags?post=8081"}],"curies":[{"name":"wp","href":"https:\/\/api.w.org\/{rel}","templated":true}]}}