{"id":7506,"date":"2021-02-23T17:40:07","date_gmt":"2021-02-23T20:40:07","guid":{"rendered":"http:\/\/www.searadecristo.com.br\/portal\/?p=7506"},"modified":"2021-02-23T17:45:19","modified_gmt":"2021-02-23T20:45:19","slug":"a-oracao-do-fariseu-e-do-publicano","status":"publish","type":"post","link":"http:\/\/www.searadecristo.com.br\/portal\/a-oracao-do-fariseu-e-do-publicano\/","title":{"rendered":"A ora\u00e7\u00e3o do fariseu e do publicano"},"content":{"rendered":"\n<p><strong>EBD \u2013 <\/strong>Jovens<strong> &#8211; EDI\u00c7\u00c3O: 09<\/strong>&#8211; 1\u00ba Trimestre &#8211; Ano: 2021 &#8211; Editora: CPAD<\/p>\n\n\n\n<p><strong>LI\u00c7\u00c3O &#8211; 09<\/strong> \u2013 28 de fevereiro de 2021<\/p>\n\n\n\n<p><strong>TEXTO DO DIA<\/strong><\/p>\n\n\n\n<p>\u201c[\u2026] Qualquer que a si mesmo se exaltar ser\u00e1 humilhado, e qualquer que a si mesmo se humilha ser\u00e1 exaltado.\u201d <strong>(Lc 18.14)&nbsp;<\/strong><\/p>\n\n\n\n<p><strong>SINTESE<\/strong><\/p>\n\n\n\n<p>Na par\u00e1bola do fariseu e do publicano, Jesus nos ensina preciosas li\u00e7\u00f5es atrav\u00e9s das ora\u00e7\u00f5es desses personagens. Justifica\u00e7\u00e3o, miseric\u00f3rdia divina, cora\u00e7\u00e3o sincero e o valor da humildade s\u00e3o alguns dos temas abordados.&nbsp;<\/p>\n\n\n\n<p><strong>AGENDA DE LEITURA<\/strong><\/p>\n\n\n\n<p><strong>Segunda-feira<\/strong> \u2013 I Tm 1.15<\/p>\n\n\n\n<p>Devemos reconhecer que somos pecadores<\/p>\n\n\n\n<p><strong>Ter\u00e7a-feira <\/strong>\u2013 I Pe 1.16<\/p>\n\n\n\n<p>Deus \u00e9 santo<\/p>\n\n\n\n<p><strong>Quarta-feira <\/strong>\u2013 Dn 4.29-33<\/p>\n\n\n\n<p>Quando o orgulhoso \u00e9 humilhado<\/p>\n\n\n\n<p><strong>Quinta-feira <\/strong>\u2013 SI 46.1<\/p>\n\n\n\n<p>Deus \u00e9 o nosso ref\u00fagio e fortaleza<\/p>\n\n\n\n<p><strong>Sexta-feira <\/strong>\u2013 Jo 1.12<\/p>\n\n\n\n<p>Somos filhos de Deus<\/p>\n\n\n\n<p><strong>S\u00e1bado <\/strong>\u2013 SL 23.1<\/p>\n\n\n\n<p>O Senhor nos basta<\/p>\n\n\n\n<p><strong>TEXTO B\u00cdBLICO<\/strong><\/p>\n\n\n\n<p><strong>Lucas 18.9-14<\/strong><\/p>\n\n\n\n<p>9 E disse tamb\u00e9m esta par\u00e1bola a uns que confiavam em si mesmos, crendo que eram justos e desprezavam os outros:<\/p>\n\n\n\n<p>10 Dois homens subiram ao templo, a orar: um, fariseu, e o outro, publicano.<\/p>\n\n\n\n<p>11 O fariseu, estando em p\u00e9, orava consigo desta maneira: \u00d3 Deus, gra\u00e7as te dou. porque n\u00e3o sou como os demais homens. roubadores, injustos e ad\u00falteros, nem ainda como este publicano.<\/p>\n\n\n\n<p>12 Jejuo duas vezes na semana dou os d\u00edzimos de tudo quanto possuo.<\/p>\n\n\n\n<p>13 O publicano, por\u00e9m, estando em p\u00e9, de longe, nem ainda queria levantar os olhos ao c\u00e9u, mas batia no peito, dizendo: \u00d3 Deus, tem miseric\u00f3rdia de mim, pecador!<\/p>\n\n\n\n<p>14 Digo-vos que este desceu justificado para sua casa, e n\u00e3o aquele, porque qualquer que a si mesmo se exalta ser\u00e1 humilhado, e qualquer que a si mesmo se humilha ser\u00e1 exaltado.<\/p>\n\n\n\n<p><strong>INTRODU\u00c7\u00c3O<\/strong><\/p>\n\n\n\n<p>As par\u00e1bolas eram amplamente utilizadas por Jesus para ensinar as verdades acerca do Reino de Deus. Vamos estudar a do fariseu e do publicano. Trata-se de dois homens que foram ao templo orar. Cada um revelou uma postura completamente distinta da do outro. Um saiu ainda mais imerso em pecado, ou outro, justificado voltou para a sua casa.<\/p>\n\n\n\n<p>Cada ora\u00e7\u00e3o proferida revelou um perfil completamente distinto do outro: O primeiro, adorador de si mesmo e descomprometido com Deus; o segundo, consciente de sua condi\u00e7\u00e3o pecaminosa e n\u00e3o merecedor da miseric\u00f3rdia, por\u00e9m profundamente desejoso de ser alcan\u00e7ado pela salva\u00e7\u00e3o.<\/p>\n\n\n\n<p><strong>I \u2013 A ORA\u00c7\u00c3O DO FARISEU<\/strong><\/p>\n\n\n\n<p><strong>1. A apar\u00eancia da santidade.<\/strong> Assim que o fariseu chegou ao templo permaneceu em p\u00e9 e sozinho justamente para n\u00e3o se misturar com as demais pessoas que n\u00e3o eram dignas de sua presen\u00e7a. Tamb\u00e9m buscou estar em uma posi\u00e7\u00e3o que lhe conferisse um destaque. Logo no in\u00edcio, falou: \u201cn\u00e3o sou como os demais homens\u201d, e come\u00e7ou a apontar as falhas dos outros a fim de diminu\u00ed-los. Foi buscando ficar sozinho, se exaltando por uma pretensa santidade.<\/p>\n\n\n\n<p>O foco do fariseu n\u00e3o estava em mostrar as suas imperfei\u00e7\u00f5es diante da perfei\u00e7\u00e3o divina, mas sim em evidenciar o quanto era mais perfeito que a maioria dos homens. Ele orgulhava-se de ter, ao seu ver, poucos pecados, permitindo-se mostrar mais santo do que todos os demais. Um contraste com a ardente fala do ap\u00f3stolo Paulo, que confessou ser o principal dos pecadores (I Tm 1.15).<\/p>\n\n\n\n<p>No pref\u00e1cio dessa par\u00e1bola, Jesus usa uma palavra para revelar uma grande falha no car\u00e1ter do fariseu: Desprezar (Lc 18.9b) Esse verbo revela um ego\u00edsmo religioso repulsivo protagonizado por pessoas como o fariseu. Nesse momento, dois pecados s\u00e3o condenados pelo Senhor: Uma confian\u00e7a indevida em si mesmo e o orgulho em desprezar os outros. <\/p>\n\n\n\n<p><strong>2. A glorifica\u00e7\u00e3o do eu.<\/strong> Ao passo que o publicano buscava a miseric\u00f3rdia de Deus e assumia sua condi\u00e7\u00e3o de pecador, o fariseu cometia uma falta de consider\u00e1vel gravidade: A glorifica\u00e7\u00e3o do seu pr\u00f3prio \u201ceu\u201d. Com uma postura inflada e excessivamente autoconfiante, buscava adorar a um deus chamado \u201corgulho pr\u00f3prio\u201d, Em sua ora\u00e7\u00e3o de aproximadamente tr\u00eas dezenas de palavras, se autopromove sete vezes: N\u00e3o sou como os demais n\u00e3o roubo, n\u00e3o sou injusto, n\u00e3o adultero, n\u00e3o sou como o publicano,        <a rel=\"noreferrer noopener\" href=\"https:\/\/escolabiblicadominical.com.br\/?s=publicano\" target=\"_blank\"><\/a>jejuo e dou os d\u00edzimos.<\/p>\n\n\n\n<p>N\u00e3o h\u00e1 espa\u00e7o ao Deus amoroso em sua fala, apenas para a promo\u00e7\u00e3o de suas pr\u00f3prias \u201csupostas\u201d qualidades. \u00c9 importante destacarmos que quando nos inflamos de autoconfian\u00e7a, desrespeitamos o nosso pr\u00f3prio Deus e desprezamos o seu cuidado para conosco. A a\u00e7\u00e3o e o cuidado de Deus para as nossas vidas requerem uma postura de completa ren\u00fancia de n\u00f3s mesmos e uma depend\u00eancia de sua bondade e miseric\u00f3rdia. Uma ora\u00e7\u00e3o t\u00e3o cheia de orgulho jamais alcan\u00e7aria os ouvidos do nosso Pai. <\/p>\n\n\n\n<p><strong>3. Ser\u00e1 humilhado. <\/strong>A ora\u00e7\u00e3o do fariseu foi, se considerarmos o n\u00famero de palavras, sete vezes mais extensa do que a do publicano al\u00e9m disso, foi constru\u00edda com a finalidade de apresentar algu\u00e9m que, aos olhos do autor, deveria ser exaltado. Tal exalta\u00e7\u00e3o iniciou-se j\u00e1 quando o homem procurou estar de p\u00e9 \u00e0 frente. Era uma \u201code\u201d a si mesmo.&nbsp;<\/p>\n\n\n\n<p>Essa ora\u00e7\u00e3o \u00e9 fruto de uma postura que jamais poderemos aceitar em nossas vidas. Muitas hist\u00f3rias b\u00edblicas nos revelam momentos onde essa pr\u00e1tica trouxe consequ\u00eancias lament\u00e1veis para seus protagonistas: Nabucodonosor (Dn 4.29-33), Hama (Et 6.1-12). Absal\u00e3o (II Sm 18.30-33),  entre tantos outros. Em nossas trajet\u00f3rias e experi\u00eancias, fujamos dessa armadilha terr\u00edvel que \u00e9 o \u201corgulho\u201d e sejamos sempre conscientes de que Deus \u00e9 o nosso ref\u00fagio e a nossa fortaleza (Sl 46.1).<\/p>\n\n\n\n<p>Descansemos nEle, O Mestre finaliza a par\u00e1bola enfatizando uma grande verdade: \u201c\u2026] qualquer que a si mesmo se exalta ser\u00e1 humilhado, e qualquer que a si mesmo se humilha ser\u00e1 exaltado\u201d (Lc 18.14).<\/p>\n\n\n\n<p><strong>II \u2013 A ORA\u00c7\u00c3O DO PUBLICANO&nbsp;<\/strong><\/p>\n\n\n\n<p><strong>1. Sou um pecador.<\/strong> Os publicanos eram indesejados pelos judeus, pois eram os respons\u00e1veis pelo recolhimento dos impostos. Entre alguns conhecidos do Novo Testamento podemos citar os publicanos Mateus e Zaqueu. Muitas vezes eram impedidos de entrar nas sinagogas e no templo e tinham poucas amizades, j\u00e1 que ningu\u00e9m queria ser visto em companhia de tais pessoas.<\/p>\n\n\n\n<p>Por\u00e9m, o publicano da par\u00e1bola se encontrava no templo buscando uma experi\u00eancia com Deus e sentindo a profunda dist\u00e2ncia entre o sagrado e a sua vida, envolta em falhas e pecados, Assim como o fariseu, o publicano tamb\u00e9m orava sozinho, por\u00e9m por um motivo muito diferente. Enquanto o fariseu buscava a solid\u00e3o para n\u00e3o ser contaminado com as imperfei\u00e7\u00f5es dos demais, o publicano se distanciava dos outros por reconhecer sua pecaminosidade e indignidade de estar ali.<\/p>\n\n\n\n<p>Sua postura era de vergonha e humildade aceitando publicamente a sua condi\u00e7\u00e3o de pecador e culpado por suas falhas. O pobre homem nem conseguia erguer a cabe\u00e7a e apenas pronunciou sete palavras carregadas de significado: \u201cO Deus, tem miseric\u00f3rdia de mim, pecador!\u201d (Lc 18.13) Uma ora\u00e7\u00e3o que dava \u00eanfase em tr\u00eas grandes verdades: Sou pecador; mere\u00e7o o castigo e imploro o perd\u00e3o<\/p>\n\n\n\n<p><strong>2. Justificados por Deus.<\/strong> O publicano, ao ouvir falar das verdades divinas, sentiu o seu cora\u00e7\u00e3o arder. A sua consci\u00eancia acusava os seus pecados e o levava a um inc\u00f4modo crescente. Era preciso fazer algo! Enfim, para onde ir? N\u00e3o havia para onde fugir nem onde se esconder. s\u00f3 havia uma possibilidade Deus!&nbsp;Quando o homem se percebe pecador, tem in\u00edcio o processo que o deixar\u00e1 pronto para ser finalmente salvo, <\/p>\n\n\n\n<p>O pecado implica separa\u00e7\u00e3o de Deus, mas quando confessamos o nosso pecado, vivemos uma a\u00e7\u00e3o que nos prepara para a liberta\u00e7\u00e3o e real transforma\u00e7\u00e3o. Nesse momento, estamos prontos para confessar nossas faltas e aceitar o sacrif\u00edcio de Jesus. E no Filho de Deus, nos tornamos filhos de Deus. Todos os que reconhecem a sua condi\u00e7\u00e3o pecaminosa e aceitam o sacrif\u00edcio vic\u00e1rio de Cristo, recebem o poder de serem feitos filhos de Deus, adotados na celeste fam\u00edlia (Jo 1.12).<\/p>\n\n\n\n<p>Quando somos adotados, passamos a ter em Cristo o nosso referencial em todas as \u00e1reas da vida, das mais simples \u00e0s mais complexas. Enfim, passamos a fazer as coisas do mesmo jeito que Jesus faria. Aquele desprezado e humilhado publicano, ao fazer sua ora\u00e7\u00e3o, se derramou diante de Deus: Poucas palavras foram suficientes para expressar sua real condi\u00e7\u00e3o e um grande desejo de regenerar-se. Uma bela transforma\u00e7\u00e3o: De um perdido pecador a um homem justificado por Deus.<\/p>\n\n\n\n<p><strong>3. Ser\u00e1 exaltado<\/strong>. O pobre homem chegou diante de Deus com humildade e reconheceu a sua condi\u00e7\u00e3o pecaminosa. N\u00e3o havia espa\u00e7o para orgulho nem para sentimentos altivos, apenas para o reconhecimento de sua condi\u00e7\u00e3o pecaminosa e o profundo desejo de ser Libertado e transformado, e assim foi. Segundo Jesus, isso foi justificado (Lc 18.14). Era o dia de iniciar uma nova vida, Ele humilhou-se, por\u00e9m Jesus o valorizou e o exaltou.<\/p>\n\n\n\n<p>Ao que se exaltar\u00e1 restou a reprova\u00e7\u00e3o por parte dos que entenderam a mensagem da par\u00e1bola. E na humildade que nos permitiu desenvolver a nossa depend\u00eancia da a\u00e7\u00e3o divina. N\u00e3o h\u00e1 maior exalta\u00e7\u00e3o do ser humano do que gozar da \u00edntima comunh\u00e3o com Deus A gl\u00f3ria n\u00e3o deve repousar no homem, mas sim, a todo o tempo, emanar do Pai e assim ser b\u00ean\u00e7\u00e3o sobre todos. Enfim, o Senhor \u00e9 o nosso pastor, basta (Sl 23.1).<\/p>\n\n\n\n<p><strong>CONCLUS\u00c3O<\/strong><\/p>\n\n\n\n<p>Ao estudarmos as ora\u00e7\u00f5es presentes na par\u00e1bola do fariseu e do publicano podemos perceber duas grandes verdades: O quanto as apar\u00eancias enganam e qu\u00e3o maravilhosa \u00e9 a miseric\u00f3rdia de Deus por nossas vidas. Que possamos, ao orar, buscar o Senhor com integridade e sinceridade confessando nossas falhas, aceitando o sacrif\u00edcio de Cristo e com alegria celebrar a oportunidade que nos \u00e9 dada em ser chamados filhos de Deus.<\/p>\n\n\n\n<p><\/p>\n\n\n\n<p><strong>Postado por: <\/strong>Pr. Ademilson Braga<\/p>\n\n\n\n<p style=\"text-align:right\"><strong>Fonte: <\/strong>Editora CPAD<\/p>\n","protected":false},"excerpt":{"rendered":"<p>EBD \u2013 Jovens &#8211; EDI\u00c7\u00c3O: 09&#8211; 1\u00ba Trimestre &#8211; Ano: 2021 &#8211; Editora: CPAD LI\u00c7\u00c3O &#8211; 09 \u2013 28 de fevereiro de 2021 TEXTO DO DIA \u201c[\u2026] Qualquer que a si mesmo se exaltar ser\u00e1 humilhado, e qualquer que a si mesmo se humilha ser\u00e1 exaltado.\u201d (Lc 18.14)&nbsp; SINTESE Na par\u00e1bola do fariseu e do [&hellip;]<\/p>\n","protected":false},"author":2,"featured_media":7512,"comment_status":"open","ping_status":"open","sticky":false,"template":"","format":"standard","meta":{"footnotes":""},"categories":[10,7,973],"tags":[990],"class_list":["post-7506","post","type-post","status-publish","format-standard","has-post-thumbnail","hentry","category-artigos","category-e-b-d","category-jovens-cpad","tag-fariseu"],"_links":{"self":[{"href":"http:\/\/www.searadecristo.com.br\/portal\/wp-json\/wp\/v2\/posts\/7506","targetHints":{"allow":["GET"]}}],"collection":[{"href":"http:\/\/www.searadecristo.com.br\/portal\/wp-json\/wp\/v2\/posts"}],"about":[{"href":"http:\/\/www.searadecristo.com.br\/portal\/wp-json\/wp\/v2\/types\/post"}],"author":[{"embeddable":true,"href":"http:\/\/www.searadecristo.com.br\/portal\/wp-json\/wp\/v2\/users\/2"}],"replies":[{"embeddable":true,"href":"http:\/\/www.searadecristo.com.br\/portal\/wp-json\/wp\/v2\/comments?post=7506"}],"version-history":[{"count":2,"href":"http:\/\/www.searadecristo.com.br\/portal\/wp-json\/wp\/v2\/posts\/7506\/revisions"}],"predecessor-version":[{"id":7510,"href":"http:\/\/www.searadecristo.com.br\/portal\/wp-json\/wp\/v2\/posts\/7506\/revisions\/7510"}],"wp:featuredmedia":[{"embeddable":true,"href":"http:\/\/www.searadecristo.com.br\/portal\/wp-json\/wp\/v2\/media\/7512"}],"wp:attachment":[{"href":"http:\/\/www.searadecristo.com.br\/portal\/wp-json\/wp\/v2\/media?parent=7506"}],"wp:term":[{"taxonomy":"category","embeddable":true,"href":"http:\/\/www.searadecristo.com.br\/portal\/wp-json\/wp\/v2\/categories?post=7506"},{"taxonomy":"post_tag","embeddable":true,"href":"http:\/\/www.searadecristo.com.br\/portal\/wp-json\/wp\/v2\/tags?post=7506"}],"curies":[{"name":"wp","href":"https:\/\/api.w.org\/{rel}","templated":true}]}}