{"id":7279,"date":"2021-02-05T17:29:50","date_gmt":"2021-02-05T20:29:50","guid":{"rendered":"http:\/\/www.searadecristo.com.br\/portal\/?p=7279"},"modified":"2021-02-23T11:59:49","modified_gmt":"2021-02-23T14:59:49","slug":"orando-pela-intervencao-divina%ef%bb%bf","status":"publish","type":"post","link":"http:\/\/www.searadecristo.com.br\/portal\/orando-pela-intervencao-divina%ef%bb%bf\/","title":{"rendered":"Orando pela interven\u00e7\u00e3o divina\ufeff"},"content":{"rendered":"\n<p><strong>EDI\u00c7\u00c3O: 26 <\/strong>&#8211; 2\u00ba Trimestre &#8211; Ano: 2020 &#8211; Editora: BETEL<\/p>\n\n\n\n<div class=\"wp-block-image\"><figure class=\"alignleft is-resized\"><img loading=\"lazy\" decoding=\"async\" src=\"http:\/\/www.searadecristo.com.br\/portal\/wp-content\/uploads\/2019\/07\/Logotipo-EBD-2.jpg\" alt=\"\" class=\"wp-image-6090\" width=\"136\" height=\"137\" srcset=\"http:\/\/www.searadecristo.com.br\/portal\/wp-content\/uploads\/2019\/07\/Logotipo-EBD-2.jpg 390w, http:\/\/www.searadecristo.com.br\/portal\/wp-content\/uploads\/2019\/07\/Logotipo-EBD-2-150x150.jpg 150w, http:\/\/www.searadecristo.com.br\/portal\/wp-content\/uploads\/2019\/07\/Logotipo-EBD-2-298x300.jpg 298w\" sizes=\"auto, (max-width: 136px) 100vw, 136px\" \/><\/figure><\/div>\n\n\n\n<p><strong>LI\u00c7\u00c3O &#8211; 13<\/strong> \u2013 28 de junho de 2020<\/p>\n\n\n\n<p><strong>TEXTO \u00c1UREO<\/strong><\/p>\n\n\n\n<p>&#8220;Senhor, que \u00e9 o homem, para que o conhe\u00e7as, e o filho do homem, para que o estimes?&#8221;,<strong>&nbsp;Salmo 144.3<\/strong><\/p>\n\n\n\n<p><strong>VERDADE APLICADA<\/strong><\/p>\n\n\n\n<p>\u00c9 fundamental que o disc\u00edpulo de Cristo tenha uma vida em permanente ora\u00e7\u00e3o por si pr\u00f3prio, pela fam\u00edlia e pela na\u00e7\u00e3o.<\/p>\n\n\n\n<p><strong>TEXTOS DE REFER\u00caNCIA<\/strong><\/p>\n\n\n\n<p><strong>Salmo 144<\/strong><\/p>\n\n\n\n<p>5. Abaixa, \u00f3 Senhor, os teus c\u00e9us, e desce; toca os montes, e fumegar\u00e3o.<\/p>\n\n\n\n<p>7. Estende as tuas m\u00e3os desde o alto; livra-me, e arrebata-me das muitas<\/p>\n\n\n\n<p>\u00e1guas e das m\u00e3os dos filhos estranhos,<\/p>\n\n\n\n<p>9. A ti, \u00f3 Deus, cantarei um c\u00e2ntico novo; com o salt\u00e9rio e instrumento de dez cordas te cantarei louvores;<\/p>\n\n\n\n<p>12. Para que nossos filhos sejam como plantas crescidas na sua mocidade; para que as nossas filhas sejam como pedras de esquina lavradas \u00e0 moda de pal\u00e1cio;<\/p>\n\n\n\n<p>15. Bem-aventurado o povo ao qual assim acontece; bem-aventurado \u00e9 o povo cujo Deus \u00e9 o Senhor.<\/p>\n\n\n\n<p><strong>INTRODU\u00c7\u00c3O<\/strong><\/p>\n\n\n\n<p>No presente salmo, aprendemos sobre a ora\u00e7\u00e3o acompanhada de confian\u00e7a e louvor e os benef\u00edcios que ela traz para o nosso relacionamento com Deus, para a nossa fam\u00edlia e para a sociedade na qual vivemos.<\/p>\n\n\n\n<p><strong>I. SALMO 144<\/strong><\/p>\n\n\n\n<p>Estudaremos nesta li\u00e7\u00e3o o Salmo 144, que nos conduz \u00e0 reflex\u00e3o sobre o nosso relacionamento com Deus, principalmente no que diz respeito \u00e0 ora\u00e7\u00e3o.<\/p>\n\n\n\n<p><strong>1. Vis\u00e3o panor\u00e2mica.<\/strong><\/p>\n\n\n\n<p>Os escritores Esdras e Reginaldo, na classifica\u00e7\u00e3o dos Salmos por assunto, incluem o Salmo 144 no grupo dos Salmos de Ora\u00e7\u00e3o, usado, principalmente em culto. H\u00e1 quem o classifique como Salmo de a\u00e7\u00e3o de gra\u00e7as e louvor. Encontramos neste Salmo muitas express\u00f5es presentes no Salmo 18, bem como no C\u00e2ntico de Davi registrado em II Samuel 22. A presen\u00e7a de temas presentes em outros c\u00e2nticos, segundo Kidner, fez v\u00e1rios estudiosos considerarem a possibilidade deste Salmo ter sido composto por algu\u00e9m posterior a Davi. Seja como for, \u00e9 poss\u00edvel identificar neste Salt\u00e9rio muitas experi\u00eancias de Davi [vs. 7-8, 10-11], sua plena confian\u00e7a no Senhor [vs 1-2] e sua vida de constante reconhecimento e gratid\u00e3o a Deus [vs. 3-4,9]. Trata-se de um excelente guia para nossa vida devocional &#8211; louvor, clamor, gratid\u00e3o, intercess\u00e3o.<\/p>\n\n\n\n<p><strong>2. Um salmo que exalta a Deus.<\/strong><\/p>\n\n\n\n<p>Como \u00e9 recorrente nos Salmos, o c\u00e2ntico inicia exaltando a Deus &#8211; &#8220;Bendito&#8221; [v.1] &#8211; aponta para &#8220;ajoelhar-se e bendizer a Deus&#8221; (ou louvar em adora\u00e7\u00e3o). Significativo o uso da express\u00e3o &#8220;minha rocha&#8221; &#8211; transmite ideia de experi\u00eancia pessoal e relacionamento. Rocha \u00e9 uma figura bastante utilizada para expressar seguran\u00e7a, firmeza, prote\u00e7\u00e3o, ref\u00fagio que encontramos em Deus [Dt 32.31; II Sm 22.47; Sl 18.31; 62.2]. Adora\u00e7\u00e3o e relacionamento (notar a repeti\u00e7\u00e3o das express\u00f5es no v.2 &#8211; minha e meu) s\u00e3o preciosas li\u00e7\u00f5es para os disc\u00edpulos de Cristo nestes dias t\u00e3o desafiadores. N\u00e3o apenas cantar, clamar na hora do perigo, mas relacionamento.&nbsp;<\/p>\n\n\n\n<p><strong>3. A inferioridade do homem.<\/strong><\/p>\n\n\n\n<p>O salmista procura fazer um paralelo entre a superioridade de Deus e a inferioridade do homem. Conforme destacado no t\u00f3pico anterior, Deus \u00e9 comparado a uma rocha, representando a firmeza, aus\u00eancia de varia\u00e7\u00e3o, um ser inabal\u00e1vel. Ao referir-se ao homem, o salmista declara: &#8220;O homem \u00e9 semelhante \u00e0 vaidade; os seus dias s\u00e3o como a sombra que passa.&#8221; [Sl 144.4]. Assim, o salmista apresenta alguns contrastes entre o homem e Deus. Deus \u00e9 rocha, o homem \u00e9 vaidade. Vaidade \u00e9 aquilo que \u00e9 v\u00e3o, ilus\u00f3rio, inst\u00e1vel, pouco duradouro. A ideia de instabilidade \u00e9 reafirmada pela express\u00e3o &#8220;os seus dias s\u00e3o como a sombra&#8221;, ou seja, ef\u00eameros, logo passam. Independentemente da posi\u00e7\u00e3o ocupada, da condi\u00e7\u00e3o financeira ostentada e do conhecimento obtido, n\u00f3s n\u00e3o podemos transpor a instabilidade humana. Por um lado, somos transit\u00f3rios. Por outro, a superioridade e estabilidade de Deus nos completam.<\/p>\n\n\n\n<p><strong>II. CONFIAN\u00c7A, ORA\u00c7\u00c3O E A GRA\u00c7A DE DEUS<br><\/strong><\/p>\n\n\n\n<p>Uma das muitas li\u00e7\u00f5es que os servos de Deus da atualidade podem extrair dos salmos \u00e9 o fato de que, mesmo passando por afli\u00e7\u00f5es, persegui\u00e7\u00f5es e perigos, aquele que est\u00e1 em Cristo n\u00e3o est\u00e1 impossibilitado de apresentar a Deus, em ora\u00e7\u00e3o, seus maus momentos e necessidades, com plena confian\u00e7a, al\u00e9m de expressar em todo o&nbsp;tempo gratid\u00e3o ao Senhor.<\/p>\n\n\n\n<p><strong>1. A gra\u00e7a de Deus.<\/strong><\/p>\n\n\n\n<p>Num contexto de tanta exalta\u00e7\u00e3o humana e exagerada exposi\u00e7\u00e3o de conquistas pessoais, bom como o uso de express\u00f5es como &#8211; &#8220;determino&#8221;, &#8220;meus direitos&#8221;, entre outras &#8211; \u00e9 importante enfatizarmos que o salmista est\u00e1 bem consciente de que sua seguran\u00e7a e certeza na ora\u00e7\u00e3o est\u00e3o baseadas na benignidade (ou gra\u00e7a) de Deus [Sl 144.2-4]. Tal percep\u00e7\u00e3o tamb\u00e9m est\u00e1 no Salmo 8.4. Por outro lado, tamb\u00e9m \u00e9 preciso lembrar que fato de reconhecermos nossa indignidade diante da grandeza e santidade de Deus n\u00e3o deve impedir-nos de O buscarmos. Mas como o salmista, e tantos outros, nos achegarmos com confian\u00e7a, n\u00e3o em nossos m\u00e9ritos e justi\u00e7a pr\u00f3pria, mas em Jesus Cristo que intercede por n\u00f3s junto a Deus Pai [Hb 4.14-16]. Que &#8220;ningu\u00e9m se glorie&#8221; [Ef 2.7-9]. No Novo Testamento, a palavra gra\u00e7a est\u00e1 ligada ao sacrif\u00edcio vic\u00e1rio de Cristo. Gratuitamente, Jesus se sacrificou aos homens [Rm 6.14; 5.15-18; Ef 1.7].<\/p>\n\n\n\n<p><strong>2. Ora\u00e7\u00e3o pela presen\u00e7a de Deus.<\/strong><\/p>\n\n\n\n<p>Ao clamar a Deus que abaixasse os c\u00e9us e descesse [Sl 144.5] \u00e9 poss\u00edvel que o salmista estivesse recorrendo a outros registros que fizeram uso desta express\u00e3o: \u00cax 3.7-8 &#8211; O Senhor disse a Mois\u00e9s que tinha visto a afli\u00e7\u00e3o de Seu povo, ouvido o seu clamor e desceu para dar livramento; \u00cax 19.11 &#8211; O Senhor desceu sobre o monte Sinai para transmitir os estatutos e mandamentos; Salmo 18.9 &#8211; O Senhor desceu para dar livramento. Tais express\u00f5es sinalizam dentre tantas outras, duas verdades: 1) A grandeza de Deus [Sl 113.4-6]; 2) Sua maravilhosa gra\u00e7a &#8211; apesar de sua imensur\u00e1vel grandeza, contudo n\u00e3o est\u00e1 indiferente ao que passa na terra e est\u00e1 atento ao clamor dos que nele confiam e esperam [Sl 18.16-17; 113.7; 144.7; Is 57.15].<\/p>\n\n\n\n<p><strong>3. Expressa confian\u00e7a.<\/strong><\/p>\n\n\n\n<p>A confian\u00e7a do salmista \u00e9 expressa logo no in\u00edcio, pois ele faz diversas afirma\u00e7\u00f5es e acrescenta &#8211; &#8220;em quem eu confio&#8221; [vs.1-2] e depois declara: &#8220;cantarei um c\u00e2ntico novo&#8221; [vs. 9]. Notemos esta interessante sequ\u00eancia: Porque sei quem \u00e9 Deus, confio. Porque confio, sei que cantarei um c\u00e2ntico novo! Podemos refletir sobre este aspecto t\u00e3o importante na vida crist\u00e3: crescer no conhecimento de Deus deve ser acompanhado no aprofundamento da nossa confian\u00e7a em Deus [Sl 9.10; Pv 22.19]. Faz a diferen\u00e7a no enfrentamento das muitas adversidades.&nbsp;<\/p>\n\n\n\n<p><strong>III. INTERCESS\u00c3O PELO BEM DA FAM\u00cdLIA E SOCIEDADE<\/strong><\/p>\n\n\n\n<p>Notemos que este salmo inicia com a experi\u00eancia do salmista e com Deus [vs. 1-2]. Agora ele se volta para interceder pela fam\u00edlia [vs. 12-13] e, a seguir, pelo povo [vs. 14-15]. Importante li\u00e7\u00e3o para os nossos dias: pessoal, fam\u00edlia e sociedade. Transforma\u00e7\u00f5es come\u00e7am pelas pessoas.<\/p>\n\n\n\n<p><strong>1. Filhos: plantas bem desenvolvidas na sua mocidade.<\/strong><\/p>\n\n\n\n<p>\u00c9 fundamental nos unirmos em ora\u00e7\u00e3o pelos filhos &#8211; principalmente crian\u00e7as, adolescentes e jovens &#8211; para que sejam como plantas florescentes, bem desenvolvidos, vi\u00e7osos no &#8220;jardim do Senhor&#8221;. Evidente que dependemos do Senhor e de Seu agir na vida dos nossos filhos. Contudo, tamb\u00e9m \u00e9 certo que se espera de quem confia no Senhor e est\u00e1 orando, que seja um agente respons\u00e1vel. Filhos bem desenvolvidos s\u00e3o resultado de ora\u00e7\u00e3o, ensino, exemplo, discipulado, disciplina &#8211; pois precisam estar plantados &#8220;juntos a ribeiros de \u00e1guas&#8221; [Sl 1.3; Jr 17.8]. Que nossos filhos, assim, sejam plantas que expressem: vitalidade, estabilidade e produtividade. O Salmo 128.3 tamb\u00e9m compara os filhos como plantas.<\/p>\n\n\n\n<p><strong>2. Filhas: pedras de esquina, como colunas de um pal\u00e1cio.<\/strong><\/p>\n\n\n\n<p>O salmista nos informa que a a\u00e7\u00e3o de Deus tornaria as suas filhas como colunas ou pedras de esquina [Sl 144.12]. As palavras &#8220;colunas&#8221; e &#8220;pedra de esquina&#8221; t\u00eam diversos significados, por exemplo, beleza, sustento, estabilidade e comunh\u00e3o. Vemos que a a\u00e7\u00e3o de Deus em prol do salmista n\u00e3o se restringiria aos livramentos, mas \u00e0 prote\u00e7\u00e3o e estrutura\u00e7\u00e3o dos filhos e filhas. H\u00e1 v\u00e1rios coment\u00e1rios a respeito das filhas como pedras e colunas. Destacaremos na presente li\u00e7\u00e3o as filhas como referenciais de apoio, beleza e firmeza, principalmente no aspecto do car\u00e1ter. &#8220;Pedras lavradas e colunas de um pal\u00e1cio&#8221; lembram, entre outros aspectos, trabalho e tempo. S\u00e3o dois aspectos fundamentais na constru\u00e7\u00e3o moral e espiritual de uma pessoa. Os pais podem contar com a ora\u00e7\u00e3o, a Palavra de Deus, o Esp\u00edrito Santo e a Igreja nessa t\u00e3o importante constru\u00e7\u00e3o.<\/p>\n\n\n\n<p><strong>3. Interesse pelo bem da sociedade.<\/strong><\/p>\n\n\n\n<p>O salmista menciona &#8220;nossas ruas&#8221; e &#8220;o povo&#8221; [vs. 14-15]. Ele pede a b\u00ean\u00e7\u00e3o de Deus n\u00e3o apenas para si e fam\u00edlia, mas, tamb\u00e9m, para a sociedade. Pessoas que t\u00eam um relacionamento com Deus refletem isso no seio familiar e na sociedade [Gn 12.2-3;18.19 notar que Deus enfatiza que Abra\u00e3o iria ensinar seus filhos; Jeremias 29.7 &#8211; mesmo sendo cativo, o povo de Deus deveria trabalhar para o bem da cidade). Por isso a import\u00e2ncia de fortalecermos nossas fam\u00edlias, pois comp\u00f5e a base da sociedade. Nossos compromissos como disc\u00edpulos de Cristo incluem nosso viver em sociedade [Mt 15.13-16; Rm 13.1-7; I Tm 2.1-3; I Pe 2.11-17].<\/p>\n\n\n\n<p><strong>CONCLUS\u00c3O<\/strong><\/p>\n\n\n\n<p>Al\u00e9m de ser grande e transcendente, Deus est\u00e1 atento ao clamor dos que nEle confiam e esperam. Podemos, assim, apresentar a Ele nossas inquieta\u00e7\u00f5es e afli\u00e7\u00f5es certos da vit\u00f3ria. \u00c9 nossa responsabilidade como servos de Deus interceder e procurar o bem da fam\u00edlia e da sociedade.<\/p>\n\n\n\n<p><\/p>\n\n\n\n<p><strong>Postado por: <\/strong>Pr. Ademilson Braga<\/p>\n\n\n\n<p><\/p>\n\n\n\n<p style=\"text-align:right\"><strong>Fonte:<\/strong> Revista Betel<\/p>\n","protected":false},"excerpt":{"rendered":"<p>EDI\u00c7\u00c3O: 26 &#8211; 2\u00ba Trimestre &#8211; Ano: 2020 &#8211; Editora: BETEL LI\u00c7\u00c3O &#8211; 13 \u2013 28 de junho de 2020 TEXTO \u00c1UREO &#8220;Senhor, que \u00e9 o homem, para que o conhe\u00e7as, e o filho do homem, para que o estimes?&#8221;,&nbsp;Salmo 144.3 VERDADE APLICADA \u00c9 fundamental que o disc\u00edpulo de Cristo tenha uma vida em permanente [&hellip;]<\/p>\n","protected":false},"author":2,"featured_media":7280,"comment_status":"open","ping_status":"open","sticky":false,"template":"","format":"standard","meta":{"footnotes":""},"categories":[950,10,7],"tags":[133],"class_list":["post-7279","post","type-post","status-publish","format-standard","has-post-thumbnail","hentry","category-editora-betel","category-artigos","category-e-b-d","tag-oracao"],"_links":{"self":[{"href":"http:\/\/www.searadecristo.com.br\/portal\/wp-json\/wp\/v2\/posts\/7279","targetHints":{"allow":["GET"]}}],"collection":[{"href":"http:\/\/www.searadecristo.com.br\/portal\/wp-json\/wp\/v2\/posts"}],"about":[{"href":"http:\/\/www.searadecristo.com.br\/portal\/wp-json\/wp\/v2\/types\/post"}],"author":[{"embeddable":true,"href":"http:\/\/www.searadecristo.com.br\/portal\/wp-json\/wp\/v2\/users\/2"}],"replies":[{"embeddable":true,"href":"http:\/\/www.searadecristo.com.br\/portal\/wp-json\/wp\/v2\/comments?post=7279"}],"version-history":[{"count":3,"href":"http:\/\/www.searadecristo.com.br\/portal\/wp-json\/wp\/v2\/posts\/7279\/revisions"}],"predecessor-version":[{"id":7501,"href":"http:\/\/www.searadecristo.com.br\/portal\/wp-json\/wp\/v2\/posts\/7279\/revisions\/7501"}],"wp:featuredmedia":[{"embeddable":true,"href":"http:\/\/www.searadecristo.com.br\/portal\/wp-json\/wp\/v2\/media\/7280"}],"wp:attachment":[{"href":"http:\/\/www.searadecristo.com.br\/portal\/wp-json\/wp\/v2\/media?parent=7279"}],"wp:term":[{"taxonomy":"category","embeddable":true,"href":"http:\/\/www.searadecristo.com.br\/portal\/wp-json\/wp\/v2\/categories?post=7279"},{"taxonomy":"post_tag","embeddable":true,"href":"http:\/\/www.searadecristo.com.br\/portal\/wp-json\/wp\/v2\/tags?post=7279"}],"curies":[{"name":"wp","href":"https:\/\/api.w.org\/{rel}","templated":true}]}}