{"id":7267,"date":"2021-02-03T20:29:42","date_gmt":"2021-02-03T23:29:42","guid":{"rendered":"http:\/\/www.searadecristo.com.br\/portal\/?p=7267"},"modified":"2021-02-03T20:29:46","modified_gmt":"2021-02-03T23:29:46","slug":"jeremias-a-oracao-e-o-lamento-de-um-profeta","status":"publish","type":"post","link":"http:\/\/www.searadecristo.com.br\/portal\/jeremias-a-oracao-e-o-lamento-de-um-profeta\/","title":{"rendered":"Jeremias: A ora\u00e7\u00e3o e o lamento de um profeta"},"content":{"rendered":"<b><span style=\"font-size: 10.0pt; font-family: 'Arial',sans-serif; color: black; mso-themecolor: text1; background: white;\">EBD \u2013 <\/span><\/b><span style=\"font-size: 10.0pt; font-family: 'Arial',sans-serif; color: black; mso-themecolor: text1; background: white;\">Jovens<b> &#8211; EDI\u00c7\u00c3O: 06<\/b> &#8211; 1\u00ba Trimestre &#8211; Ano: 2021 &#8211; Editora: CPAD<\/span>\n\n<b><span style=\"font-size: 10.0pt; font-family: 'Arial',sans-serif; color: black; mso-themecolor: text1;\">LI\u00c7\u00c3O &#8211; 06<\/span><\/b><span style=\"font-size: 10.0pt; font-family: 'Arial',sans-serif; color: black; mso-themecolor: text1;\"> \u2013 07 de fevereiro de 2021<\/span>\n\n<b><span style=\"font-size: 10.0pt; font-family: 'Arial',sans-serif; color: black; mso-themecolor: text1;\">TEXTO DO DIA<\/span><\/b>\n\n<span style=\"font-size: 10.0pt; font-family: 'Arial',sans-serif; color: black; mso-themecolor: text1;\">\u201cE estendeu o <\/span><span style=\"font-size: 10.0pt; font-family: 'Arial',sans-serif; color: black; mso-themecolor: text1;\">SENHOR a m\u00e3o, tocou-me na boca e disse-me o SENHOR: Eis\u00a0que ponho as\nminhas palavras na tua boca.\u201d <b>(Jr 1.9)<\/b><\/span>\n\n<b><span style=\"font-size: 10.0pt; font-family: 'Arial',sans-serif; color: black; mso-themecolor: text1;\">SINTESE<\/span><\/b>\n\n<span style=\"font-size: 10.0pt; font-family: 'Arial',sans-serif; color: black; mso-themecolor: text1;\">Devemos buscar a vontade de Deus para nossas vidas diariamente, pois a vontade do Senhor \u00e9\nboa, agrad\u00e1vel e perfeita. Busquemos o arrependimento<\/span>\n\n<b><span style=\"font-size: 10.0pt; font-family: 'Arial',sans-serif; color: black; mso-themecolor: text1;\">AGENDA DE LEITURA<\/span><\/b>\n\n<strong><span style=\"font-size: 10.0pt; font-family: 'Arial',sans-serif; color: black; mso-themecolor: text1;\">Segunda-feira <\/span><\/strong><span style=\"font-size: 10.0pt; font-family: 'Arial',sans-serif; color: black; mso-themecolor: text1;\">\u2013 Jr 1.4-10 <\/span>\n\n<span style=\"font-size: 10.0pt; font-family: 'Arial',sans-serif; color: black; mso-themecolor: text1;\">Algu\u00e9m com um chamado<\/span>\n\n<strong><span style=\"font-size: 10.0pt; font-family: 'Arial',sans-serif; color: black; mso-themecolor: text1;\">Ter\u00e7a<\/span><\/strong><strong><span style=\"font-size: 10.0pt; font-family: 'Arial',sans-serif; color: black;\">-feira<\/span><\/strong> <span style=\"font-size: 10.0pt; font-family: 'Arial',sans-serif; color: black; mso-themecolor: text1;\">\u2013 GL 1.15 <\/span>\n\n<span style=\"font-size: 10.0pt; font-family: 'Arial',sans-serif; color: black; mso-themecolor: text1;\">Chamado desde o ventre materno<\/span>\n\n<strong><span style=\"font-size: 10.0pt; font-family: 'Arial',sans-serif; color: black; mso-themecolor: text1;\"><!-- \/wp:post-content --><!-- wp:paragraph {\"fontSize\":\"medium\"} -->Quarta<\/span><\/strong><strong><span style=\"font-size: 10.0pt; font-family: 'Arial',sans-serif; color: black;\">-feira<\/span><\/strong> <span style=\"font-size: 10.0pt; font-family: 'Arial',sans-serif; color: black; mso-themecolor: text1;\">\u2013 Is 55.6 <\/span>\n\n<!-- \/wp:paragraph --><!-- wp:heading -->\n<p class=\"has-medium-font-size\" style=\"text-align: justify; background: white; mso-background-themecolor: background1;\"><span style=\"font-size: 10.0pt; font-family: 'Arial',sans-serif; color: black; mso-themecolor: text1;\">Busquemos enquanto podemos ach\u00e1-lo<\/span><\/p>\n<p class=\"has-medium-font-size\" style=\"text-align: justify; background: white; mso-background-themecolor: background1;\"><strong><span style=\"font-size: 10.0pt; font-family: 'Arial',sans-serif; color: black; mso-themecolor: text1;\"><!-- \/wp:heading --><!-- wp:paragraph {\"fontSize\":\"medium\"} -->Quinta<\/span><\/strong><strong><span style=\"font-size: 10.0pt; font-family: 'Arial',sans-serif; color: black;\">-feira<\/span><\/strong> <span style=\"font-size: 10.0pt; font-family: 'Arial',sans-serif; color: black; mso-themecolor: text1;\">\u2013 Rm 10.9 <\/span><\/p>\n<p class=\"has-medium-font-size\" style=\"text-align: justify; background: white; mso-background-themecolor: background1;\"><span style=\"font-size: 10.0pt; font-family: 'Arial',sans-serif; color: black; mso-themecolor: text1;\">Confessar e crer<\/span><\/p>\n<p class=\"has-medium-font-size\" style=\"text-align: justify; background: white; mso-background-themecolor: background1;\"><strong><span style=\"font-size: 10.0pt; font-family: 'Arial',sans-serif; color: black; mso-themecolor: text1;\">Sexta<\/span><\/strong><strong><span style=\"font-size: 10.0pt; font-family: 'Arial',sans-serif; color: black;\">-feira<\/span><\/strong> <span style=\"font-size: 10.0pt; font-family: 'Arial',sans-serif; color: black; mso-themecolor: text1;\">\u2013 At 4.12 <\/span><\/p>\n<p class=\"has-medium-font-size\" style=\"text-align: justify; background: white; mso-background-themecolor: background1;\"><span style=\"font-size: 10.0pt; font-family: 'Arial',sans-serif; color: black; mso-themecolor: text1;\">Em Jesus somos salvos<\/span><\/p>\n<p class=\"has-medium-font-size\" style=\"text-align: justify; background: white; mso-background-themecolor: background1;\"><strong><span style=\"font-size: 10.0pt; font-family: 'Arial',sans-serif; color: black; mso-themecolor: text1;\"><!-- \/wp:paragraph --><!-- wp:paragraph {\"fontSize\":\"medium\"} -->S\u00e1bado <\/span><\/strong><span style=\"font-size: 10.0pt; font-family: 'Arial',sans-serif; color: black; mso-themecolor: text1;\">\u2013 At 2.38\u00a0<\/span><\/p>\n<p class=\"has-medium-font-size\" style=\"text-align: justify; background: white; mso-background-themecolor: background1;\"><span style=\"font-size: 10.0pt; font-family: 'Arial',sans-serif; color: black; mso-themecolor: text1;\">Busquemos o arrependimento<\/span><\/p>\n<p class=\"has-medium-font-size\" style=\"text-align: justify; background: white; mso-background-themecolor: background1;\"><b><span style=\"font-size: 10.0pt; font-family: 'Arial',sans-serif; color: black; mso-themecolor: text1;\">TEXTO B\u00cdBLICO<\/span><\/b><\/p>\n<p class=\"has-medium-font-size\" style=\"text-align: justify; background: white; mso-background-themecolor: background1;\"><strong><span style=\"font-size: 10.0pt; font-family: 'Arial',sans-serif; color: black; mso-themecolor: text1;\">Jeremias 14.7-12\u00a0<\/span><\/strong><\/p>\n<p class=\"has-medium-font-size\" style=\"text-align: justify; background: white; mso-background-themecolor: background1;\"><span style=\"font-size: 10.0pt; font-family: 'Arial',sans-serif; color: black; mso-themecolor: text1;\"><!-- \/wp:paragraph --><!-- wp:paragraph {\"fontSize\":\"medium\"} -->7 Posto que as nossas maldades testificam contra n\u00f3s, O SENHOR opera tu por amor do teu nome: porque as nossas rebeldias se multiplicaram, contra ti pecamos.<\/span><\/p>\n<p class=\"has-medium-font-size\" style=\"text-align: justify; background: white; mso-background-themecolor: background1;\"><span style=\"font-size: 10.0pt; font-family: 'Arial',sans-serif; color: black; mso-themecolor: text1;\"><!-- \/wp:paragraph --><!-- wp:paragraph {\"fontSize\":\"medium\"} -->8 Oh! Esperan\u00e7a de Israel, Redentor seu no tempo da ang\u00fastia! Por que serias como\num estrangeiro na terra e como o viandante que se retira a passar a noite?<\/span><\/p>\n<p class=\"has-medium-font-size\" style=\"text-align: justify; background: white; mso-background-themecolor: background1;\"><span style=\"font-size: 10.0pt; font-family: 'Arial',sans-serif; color: black; mso-themecolor: text1;\"><!-- \/wp:paragraph --><!-- wp:paragraph {\"fontSize\":\"medium\"} -->9 Por que serias como homem cansado, como valoroso que n\u00e3o pode livrar? Mas tu\nest\u00e1s no meio de n\u00f3s, O SENHOR, e n\u00f3s somos chamados pelo teu nome: n\u00e3o nos\ndesampares,<\/span><\/p>\n<p class=\"has-medium-font-size\" style=\"text-align: justify; background: white; mso-background-themecolor: background1;\"><span style=\"font-size: 10.0pt; font-family: 'Arial',sans-serif; color: black; mso-themecolor: text1;\"><!-- \/wp:paragraph --><!-- wp:paragraph {\"fontSize\":\"medium\"} -->10 Assim diz o SENHOR acerca deste povo: Pois que tanto amaram o afastar-se e n\u00e3o\ndetiveram os p\u0117s, por isso, O SENHOR se n\u00e3o agrada deles, mas agora se lembrar\u00e1\nda maldade deles e visitar\u00e1 os seus pecados.<\/span><\/p>\n<p class=\"has-medium-font-size\" style=\"text-align: justify; background: white; mso-background-themecolor: background1;\"><span style=\"font-size: 10.0pt; font-family: 'Arial',sans-serif; color: black; mso-themecolor: text1;\"><!-- \/wp:paragraph --><!-- wp:paragraph {\"fontSize\":\"medium\"} -->11 Disse-me mais o SENHOR N\u00e3o rogues por este povo para bem.<\/span><\/p>\n<p class=\"has-medium-font-size\" style=\"text-align: justify; background: white; mso-background-themecolor: background1;\"><span style=\"font-size: 10.0pt; font-family: 'Arial',sans-serif; color: black; mso-themecolor: text1;\"><!-- \/wp:paragraph --><!-- wp:paragraph {\"fontSize\":\"medium\"} -->12 Quando jejuarem, n\u00e3o ouvirei o seu clamor e quando oferecerem holocaustos e\nofertas de manjares, n\u00e3o me agradarei deles; antes, eu os consumirei pela\nespada, e pela fome, e pela peste.<\/span><\/p>\n<p class=\"has-medium-font-size\" style=\"text-align: justify; background: white; mso-background-themecolor: background1;\"><b><span style=\"font-size: 10.0pt; font-family: 'Arial',sans-serif; color: black; mso-themecolor: text1;\">INTRODU\u00c7\u00c3O<\/span><\/b><\/p>\n<p class=\"has-black-color\" style=\"text-align: justify; background: white; mso-background-themecolor: background1;\"><span style=\"font-size: 10.0pt; font-family: 'Arial',sans-serif; color: black; mso-themecolor: text1;\">Essa semana estudaremos acerca de um profeta que viveu um dos momentos mais dif\u00edceis do povo judeu. Vamos aprender valiosas li\u00e7\u00f5es por interm\u00e9dio da vida desse homem que dedicou a sua vida \u00e0 obra de Deus. Nascido em uma pequena vila pr\u00f3xima a <a href=\"https:\/\/pt.wikipedia.org\/wiki\/Jerusal%C3%A9m\" target=\"_blank\" rel=\"noopener noreferrer\"><span style=\"color: black; mso-themecolor: text1;\">Jerusal\u00e9m<\/span><\/a>, foi filho de um <a href=\"https:\/\/www.dicionarioinformal.com.br\/sacerdote%20\/\" target=\"_blank\" rel=\"noopener noreferrer\"><span style=\"color: black; mso-themecolor: text1;\">sacerdote<\/span><\/a> e nunca veio a se casar, dedicando-se de forma intensa ao minist\u00e9rio prof\u00e9tico por quatro d\u00e9cadas.<\/span><\/p>\n<p class=\"has-black-color\" style=\"text-align: justify; background: white; mso-background-themecolor: background1;\"><strong><span style=\"font-size: 10.0pt; font-family: 'Arial',sans-serif; color: black; mso-themecolor: text1;\">I \u2013 AVOCA\u00c7\u00c3O E A PRIMEIRA VIS\u00c3O DE JEREMIAS\u00a0<\/span><\/strong><\/p>\n<p class=\"has-black-color\" style=\"text-align: justify; background: white; mso-background-themecolor: background1;\"><strong><span style=\"font-size: 10.0pt; font-family: 'Arial',sans-serif; color: black; mso-themecolor: text1;\"><!-- \/wp:paragraph --><!-- wp:paragraph {\"textColor\":\"black\",\"fontSize\":\"medium\"} -->1. Um jovem com uma voca\u00e7\u00e3o.<\/span><\/strong><span style=\"font-size: 10.0pt; font-family: 'Arial',sans-serif; color: black; mso-themecolor: text1;\"> Jeremias foi chamado por Deus ainda muito jovem, provavelmente, aos vinte e cinco anos de idade. Esse fato, em um primeiro momento o deixou muito surpreso. Imagine, um mo\u00e7o t\u00edmido que ainda se considerava uma crian\u00e7a (<a href=\"https:\/\/www.bible.com\/pt\/bible\/1608\/JER.16.ARA\" target=\"_blank\" rel=\"noopener noreferrer\"><span style=\"color: black; mso-themecolor: text1;\">Jr 16<\/span><\/a>) sendo chamado diretamente pelo Alt\u00edssimo para ser um profeta levando a mensagem sagrada as na\u00e7\u00f5es. Sem d\u00favida, um grande desafio!<\/span><\/p>\n<p class=\"has-black-color\" style=\"text-align: justify; background: white; mso-background-themecolor: background1;\"><span style=\"font-size: 10.0pt; font-family: 'Arial',sans-serif; color: black; mso-themecolor: text1;\"><!-- \/wp:paragraph --><!-- wp:paragraph {\"fontSize\":\"medium\"} -->O chamado desse jovem mo\u00e7o \u00e9 registrado na B\u00edblia Sagrada com bel\u00edssimas e inspiradoras palavras: \u201cAntes que eu te formasse no ventre, eu te conheci: e antes que sa\u00edsses da madre, te santifiquei e \u00e0s na\u00e7\u00f5es te dei por profeta. Eis que ponho as minhas palavras na tua boca. Olha, ponho-te neste dia sobre as na\u00e7\u00f5es e sobre os reinos, para arrancares, e para derrubares, e para destru\u00edres, e para arruinares; e tamb\u00e9m para edificares e para plantares\u201d (Jr 1.4-10).<\/span><\/p>\n<p class=\"has-medium-font-size\" style=\"text-align: justify; background: white; mso-background-themecolor: background1;\"><strong><span style=\"font-size: 10.0pt; font-family: 'Arial',sans-serif; color: black; mso-themecolor: text1;\"><!-- \/wp:paragraph --><!-- wp:paragraph {\"fontSize\":\"medium\"} -->2. Vejo uma vara de amendoeira.<\/span><\/strong><span style=\"font-size: 10.0pt; font-family: 'Arial',sans-serif; color: black; mso-themecolor: text1;\"> H\u00e1 uma peculiaridade nas amendoeiras que nasciam nas terras de Israel e Jud\u00e1 as flores rosadas, bem clarinhas, cobria as pequenas \u00e1rvores quase que por completo quando era chegado o m\u00eas de janeiro. Esse fato sinaliza o final do inverno e o in\u00edcio da primavera. Era um sinal da planta vigilante de que um novo ciclo come\u00e7a: Talvez seja esse o motivo do nome em hebraico para a amendoeira ser \u201cshoked, ou seja, \u201cvigilante\u201d<\/span><\/p>\n<p class=\"has-black-color\" style=\"text-align: justify; background: white; mso-background-themecolor: background1;\"><span style=\"font-size: 10.0pt; font-family: 'Arial',sans-serif; color: black; mso-themecolor: text1;\"><!-- \/wp:paragraph --><!-- wp:paragraph {\"textColor\":\"black\",\"fontSize\":\"medium\"} -->O que significa essa primeira vis\u00e3o (Jr 1.11,12)? Uma maravilhosa constata\u00e7\u00e3o: Deus \u00e9 fiel e cumpre a sua palavra! No tempo certo a resposta do Senhor se far\u00e1 presente. Assim como a amendoeira anuncia a chegada da primavera, as profecias de Jeremias anunciavam a proximidade do ju\u00edzo do Senhor. A Palavra de Deus iria se cumprir. O profeta era apenas aquele que anunciaria o ju\u00edzo, j\u00e1 a obra seria realizada pelo Alt\u00edssimo.<\/span><\/p>\n<p class=\"has-black-color\" style=\"text-align: justify; background: white; mso-background-themecolor: background1;\"><strong><span style=\"font-size: 10.0pt; font-family: 'Arial',sans-serif; color: black; mso-themecolor: text1;\"><!-- \/wp:paragraph --><!-- wp:paragraph {\"textColor\":\"black\",\"fontSize\":\"medium\"} -->3. H\u00e1 um chamado para voc\u00ea! <\/span><\/strong><span style=\"font-size: 10.0pt; font-family: 'Arial',sans-serif; color: black; mso-themecolor: text1;\">O chamado \u00e9 algo muito relevante em nossas vidas. Foi atrav\u00e9s de seus chamados que grandes personagens da B\u00edblia entendem os prop\u00f3sitos de Deus em suas vidas, vejamos:\nSans\u00e3o (Jz 13.5). Isa\u00edas (Is 6.1). Paulo (Gl 1.15), entre tantos outros. Tamb\u00e9m encontramos muitos personagens da hist\u00f3ria da igreja que dedicaram suas vidas de forma intensa a uma causa, e tudo come\u00e7ou com um chamado Vejamos os exemplos de Lutero. Finney, Wesley. Moody, Vingren e Berg.<\/span><\/p>\n<p class=\"has-medium-font-size\" style=\"text-align: justify; background: white; mso-background-themecolor: background1;\"><span style=\"font-size: 10.0pt; font-family: 'Arial',sans-serif; color: black; mso-themecolor: text1;\"><!-- \/wp:paragraph --><!-- wp:paragraph {\"fontSize\":\"medium\"} -->S\u00f3 uma coisa pode trazer paz ao cora\u00e7\u00e3o de quem tem um chamado: Atender prontamente ao convite de Deus para colocar as m\u00e3os no arado! Comprometa-se com a vontade de Deus e permita-se ser uma b\u00ean\u00e7\u00e3o aonde for, O Pai Amado nos chama e coloca em nossas m\u00e3os uma grande obra a ser feita (Ne 6:3).<\/span><\/p>\n<p class=\"has-medium-font-size\" style=\"text-align: justify; background: white; mso-background-themecolor: background1;\"><strong><span style=\"font-size: 10.0pt; font-family: 'Arial',sans-serif; color: black; mso-themecolor: text1;\"><!-- \/wp:paragraph --><!-- wp:paragraph {\"textColor\":\"black\",\"fontSize\":\"medium\"} -->II \u2013 A REBELI\u00c3O DO POVO E A INVAS\u00c3O ESTRANGEIRA ANUNCIADA\u00a0<\/span><\/strong><\/p>\n<p class=\"has-medium-font-size\" style=\"text-align: justify; background: white; mso-background-themecolor: background1;\"><strong><span style=\"font-size: 10.0pt; font-family: 'Arial',sans-serif; color: black; mso-themecolor: text1;\"><!-- \/wp:paragraph --><!-- wp:paragraph {\"fontSize\":\"medium\"} -->1. Um povo rebelde.<\/span><\/strong><span style=\"font-size: 10.0pt; font-family: 'Arial',sans-serif; color: black; mso-themecolor: text1;\"> Deus sempre buscou derramar b\u00ean\u00e7\u00e3os sobre seus filhos, mas para tudo h\u00e1 limite. Uma hist\u00f3ria que tinha tudo para ser repleta das b\u00ean\u00e7\u00e3os de um Pai Amoroso sobre um povo escolhido encaminha-se para um desfecho tr\u00e1gico. Deus esperava do povo fidelidade, gratid\u00e3o e um compromisso de obedi\u00eancia. O povo deu ao Senhor o contr\u00e1rio: infidelidade, ingratid\u00e3o e uma total rebeldia.<\/span><\/p>\n<p class=\"has-medium-font-size\" style=\"text-align: justify; background: white; mso-background-themecolor: background1;\"><span style=\"font-size: 10.0pt; font-family: 'Arial',sans-serif; color: black; mso-themecolor: text1;\"><!-- \/wp:paragraph --><!-- wp:paragraph {\"fontSize\":\"medium\"} -->Um grande exemplo dessa rebeldia vinha dos pr\u00f3prios reis. Vejamos o caso de Jeoaquim. Certa vez, quando Nabucodonosor j\u00e1 iniciava sua campanha de domina\u00e7\u00e3o, Jeremias profetizou condenando os atos praticados e pregou o arrependimento embora o ju\u00edzo j\u00e1 se mostrava iminente Jeremias alertara o rei que todos os eventos que estavam acontecendo representavam um ex\u00edlio que duraria 70 anos (Jr 25:1-14).<\/span><\/p>\n<p class=\"has-medium-font-size\" style=\"text-align: justify; background: white; mso-background-themecolor: background1;\"><span style=\"font-size: 10.0pt; font-family: 'Arial',sans-serif; color: black; mso-themecolor: text1;\"><!-- \/wp:paragraph --><!-- wp:paragraph {\"fontSize\":\"medium\"} -->Todas essas palavras foram escritas e entregues nas m\u00e3os do rei. Sabe qual foi a postura real? Ser\u00e1 que o Jeoaquim se arrepender\u00e1 e buscou o perd\u00e3o? N\u00e3o, ele simplesmente ficou em peda\u00e7os a profecia e a jogou no fogo (Jr 36.9-26)! O resultado, todos sabemos.<\/span><\/p>\n<p class=\"has-medium-font-size\" style=\"text-align: justify; background: white; mso-background-themecolor: background1;\"><span style=\"font-size: 10.0pt; font-family: 'Arial',sans-serif; color: black; mso-themecolor: text1;\"><!-- \/wp:paragraph --><!-- wp:paragraph {\"fontSize\":\"medium\"} -->O povo era rebelde porque seus l\u00edderes eram rebeldes Como esperar fidelidade de uma na\u00e7\u00e3o cujos reis haviam se afastado tanto dos caminhos de Deus? Poucas eram as vozes que pregavam uma convers\u00e3o e o retorno \u00e0 comunh\u00e3o com Deus. A consequ\u00eancia desse afastamento se concretizou nos tempos de Jeremias, um profeta menosprezado.<\/span><\/p>\n<p class=\"has-black-color\" style=\"text-align: justify; background: white; mso-background-themecolor: background1;\"><strong><span style=\"font-size: 10.0pt; font-family: 'Arial',sans-serif; color: black; mso-themecolor: text1;\">2. O profeta menosprezado. <\/span><\/strong><span style=\"font-size: 10.0pt; font-family: 'Arial',sans-serif; color: black; mso-themecolor: text1;\">Jeremias <\/span><span style=\"font-size: 10.0pt; font-family: 'Arial',sans-serif; color: black; mso-themecolor: text1;\">tinha um chamado muito especial: As mensagens que Deus lhe dera eram tanto de destrui\u00e7\u00e3o quanto de edifica\u00e7\u00e3o (Jr 1.10). Tudo depender\u00e1 de como suas profecias seriam recebidas nos cora\u00e7\u00f5es das pessoas a que se destinavam.<\/span><\/p>\n<p class=\"has-medium-font-size\" style=\"text-align: justify; background: white; mso-background-themecolor: background1;\"><span style=\"font-size: 10.0pt; font-family: 'Arial',sans-serif; color: black; mso-themecolor: text1;\"><!-- \/wp:paragraph --><!-- wp:paragraph {\"fontSize\":\"medium\"} -->O profeta anunciava a necessidade de arrependimento e convers\u00e3o, mas sabia o fim que estava determinado aquele povo. Constantemente apontava os graves pecados cometidos pelo povo (Jr 6.1-30. 13.15-27. 16:10-13), mas era hostilizado e desprezado. Restou-lhe a profunda dor de ver a senten\u00e7a ser cumprida: Viveu para assistir toda h\u00e1 destrui\u00e7\u00e3o que se seguir\u00e1 levada a termo pelos ex\u00e9rcitos babil\u00f4nicos.<\/span><\/p>\n<p class=\"has-medium-font-size\" style=\"text-align: justify; background: white; mso-background-themecolor: background1;\"><span style=\"font-size: 10.0pt; font-family: 'Arial',sans-serif; color: black; mso-themecolor: text1;\"><!-- \/wp:paragraph --><!-- wp:paragraph {\"fontSize\":\"medium\"} -->Iniciava-se ali os tristes anos do ex\u00edlio de Jud\u00e1 na Babil\u00f4nia. Restava ao profeta menosprezado, o choro e o lamento. A vida do profeta Jeremias era marcada por muito sofrimento. Tudo isso lhe causou uma s\u00e9rie de lutas interiores e tormentos. Por\u00e9m, era um homem profundamente comprometido com Deus e a com a ousadia necess\u00e1ria para proferir suas profecias, apesar das grandes resist\u00eancias e persegui\u00e7\u00f5es.<\/span><\/p>\n<p class=\"has-black-color\" style=\"text-align: justify; background: white; mso-background-themecolor: background1;\"><span style=\"font-size: 10.0pt; font-family: 'Arial',sans-serif; color: black; mso-themecolor: text1;\"><!-- \/wp:paragraph --><!-- wp:paragraph {\"textColor\":\"black\",\"fontSize\":\"medium\"} -->O custo pessoal a Jeremias foi grande. Nascido em meio a muita alegria (Jr 20.15) em pleno minist\u00e9rio chegou a amaldi\u00e7oar o dia do seu nascimento (Jr 20.14). Em outro momento de profunda dor chegou a declarar: \u201cAi de mim, minha m\u00e3e! Por que me deste \u00e0 luz \u2026\u201d. Jr 15.10. Grande e o pre\u00e7o pago, mas vale a pena dizer sim ao chamado e cumprir a miss\u00e3o dada pelo nosso Amado Deus.<\/span><\/p>\n<p class=\"has-medium-font-size\" style=\"text-align: justify; background: white; mso-background-themecolor: background1;\"><strong><span style=\"font-size: 10.0pt; font-family: 'Arial',sans-serif; color: black; mso-themecolor: text1;\"><!-- \/wp:paragraph --><!-- wp:paragraph {\"fontSize\":\"medium\"} -->3. Deus usa quem Ele quer.<\/span><\/strong><span style=\"font-size: 10.0pt; font-family: 'Arial',sans-serif; color: black; mso-themecolor: text1;\"> O povo de Jud\u00e1 acreditava que nada poderia acontecer com eles, pois nenhum povo pag\u00e3o entraria em Jerusal\u00e9m, a cidade santa. Mas, n\u00e3o foi isso que aconteceu O ju\u00edzo veio pelas m\u00e3os dos babil\u00f4nios. Mas ser\u00e1 que o poder de Deus n\u00e3o foi suficiente para proteger a cidade sagrada? Nada disso! Deus \u00e9 soberano e usa de sua soberania para comandar quem Ele quer. Da mesma forma que endureceu o cora\u00e7\u00e3o do Fara\u00f3 (Ex 9.12) e lan\u00e7ou os Ass\u00edrios para levarem ju\u00edzo a Israel (II Rs 17.5.6), agora estava levantando os babil\u00f4nios para disciplinar o povo de Jud\u00e1 (II Cr 36.6).<\/span><\/p>\n<p class=\"has-black-color\" style=\"text-align: justify; background: white; mso-background-themecolor: background1;\"><span style=\"font-size: 10.0pt; font-family: 'Arial',sans-serif; color: black; mso-themecolor: text1;\"><!-- \/wp:paragraph --><!-- wp:paragraph {\"textColor\":\"black\",\"fontSize\":\"medium\"} -->Igualmente anos mais tarde, usaria os persas para viabilizarem a reconstru\u00e7\u00e3o dos muros de Jerusal\u00e9m atrav\u00e9s de <a href=\"https:\/\/escolabiblicadominical.com.br\/?s=Neemias\" target=\"_blank\" rel=\"noopener noreferrer\"><span style=\"color: black; mso-themecolor: text1;\">Neemias <\/span><\/a>(Ne 2.6). Deus \u00e9 soberano e usa quem Ele quer, quem Deus usou como instrumento para realizar a sua obra? Um povo que n\u00e3o o adorava e ainda mais envolvido com pecados e injusti\u00e7as do que Jud\u00e1. Isso nos mostra que Ele est\u00e1 no controle absoluto da hist\u00f3ria. Ele levanta reis e os faz cair (Dn 2.21). Vamos dar ouvidos a essa verdade e sempre estarmos prontos a dizer: \u201cEis-me aqui, envia-me a mim\u201d (Is 6.8).<\/span><\/p>\n\n<h2 style=\"text-align: justify; background: white; mso-background-themecolor: background1;\"><strong><span style=\"font-size: 10.0pt; font-family: 'Arial',sans-serif; color: black; mso-themecolor: text1;\"><!-- \/wp:paragraph --><!-- wp:paragraph {\"textColor\":\"black\",\"fontSize\":\"medium\"} -->III \u2013 JEREMIAS, EM V\u00c3O, INTERCEDE PELO POVO (Jr 14)\u00a0<\/span><\/strong><\/h2>\n<p class=\"has-medium-font-size\" style=\"text-align: justify; background: white; mso-background-themecolor: background1;\"><strong><span style=\"font-size: 10.0pt; font-family: 'Arial',sans-serif; color: black; mso-themecolor: text1;\"><!-- \/wp:paragraph --><!-- wp:paragraph {\"fontSize\":\"medium\"} -->1. O profeta intercede pelo povo<\/span><\/strong><span style=\"font-size: 10.0pt; font-family: 'Arial',sans-serif; color: black; mso-themecolor: text1;\">. Jeremias mais uma vez intercedeu pelo povo (Jr 14). Era chegada uma \u00e9poca de grande calamidade e o ju\u00edzo estava pr\u00f3ximo. Mas uma intercess\u00e3o por quem n\u00e3o se arrepende gera poucos efeitos.<\/span><\/p>\n<p class=\"has-black-color\" style=\"text-align: justify; background: white; mso-background-themecolor: background1;\"><span style=\"font-size: 10.0pt; font-family: 'Arial',sans-serif; color: black; mso-themecolor: text1;\"><!-- \/wp:paragraph --><!-- wp:paragraph {\"textColor\":\"black\",\"fontSize\":\"medium\"} -->Al\u00e9m do mal que se aproximava, uma grande seca assolava a todos e, aqueles que rejeitaram a Deus, a fonte de \u00e1gua viva, agora estavam tamb\u00e9m sem a \u00e1gua natural. Os Po\u00e7os se secaram e os c\u00e9us n\u00e3o mais enviar\u00e1 mais chuvas. A Erva secou as planta\u00e7\u00f5es n\u00e3o geraram seus mantimentos. A fome e a sede desafiaram aqueles que escarneceram a Deus e ofenderam a sua santidade.<\/span><\/p>\n<p class=\"has-black-color\" style=\"text-align: justify; background: white; mso-background-themecolor: background1;\"><span style=\"font-size: 10.0pt; font-family: 'Arial',sans-serif; color: black; mso-themecolor: text1;\"><!-- \/wp:paragraph --><!-- wp:paragraph {\"fontSize\":\"medium\"} -->Deus esperava do povo o arrependimento e o desejo de buscar a santidade. O povo, por\u00e9m apenas exp\u00f5e o desespero pelos confortos que j\u00e1 n\u00e3o encontravam mais, tamb\u00e9m a mis\u00e9ria, a viol\u00eancia, a fome e as pr\u00e1ticas pecaminosas foram intensificadas levando as pessoas ao lamento, por\u00e9m sem arrependimento. As maldades do povo de Jud\u00e1 testificam contra eles. Era chegado o tempo, a amendoeira floresceu.<\/span><\/p>\n<p class=\"has-medium-font-size\" style=\"text-align: justify; background: white; mso-background-themecolor: background1;\"><span style=\"font-size: 10.0pt; font-family: 'Arial',sans-serif; color: black; mso-themecolor: text1;\"><!-- \/wp:paragraph --><!-- wp:paragraph {\"fontSize\":\"medium\"} -->Jeremias chorou e intercedeu. Mas n\u00e3o h\u00e1 salva\u00e7\u00e3o sem arrependimento e uma total transforma\u00e7\u00e3o de vida! Que os nossos dias possam aprender com os epis\u00f3dios do ocaso de Jud\u00e1, que nossa gera\u00e7\u00e3o possa buscar o Senhor enquanto se pode achar (Is 55.6).<\/span><\/p>\n<p class=\"has-medium-font-size\" style=\"text-align: justify; background: white; mso-background-themecolor: background1;\"><strong><span style=\"font-size: 10.0pt; font-family: 'Arial',sans-serif; color: black; mso-themecolor: text1;\"><!-- \/wp:paragraph --><!-- wp:paragraph {\"fontSize\":\"medium\"} -->2. Um Deus de fidelidade e de promessas.<\/span><\/strong><span style=\"font-size: 10.0pt; font-family: 'Arial',sans-serif; color: black; mso-themecolor: text1;\"> Mesmo em meio \u00e0 ca\u00f3tica situa\u00e7\u00e3o havia uma firme esperan\u00e7a Deus \u00e9 fiel cumpre suas promessas (Dt 431). Jeremias proclamara uma esperan\u00e7a futura para o povo de Israel e um tempo de vit\u00f3ria (Jr 30 a 33) Israel e Jud\u00e1 voltariam \u00e0 Terra Prometida, para tempos de renovo e uma nova alian\u00e7a (Jr 3131).<\/span><\/p>\n<p class=\"has-black-color\" style=\"text-align: justify; background: white; mso-background-themecolor: background1;\"><span style=\"font-size: 10.0pt; font-family: 'Arial',sans-serif; color: black; mso-themecolor: text1;\"><!-- \/wp:paragraph --><!-- wp:paragraph {\"textColor\":\"black\",\"fontSize\":\"medium\"} -->Desde os tempos dos primeiros seres humanos, a vontade do Senhor era clara: Ver pessoas criadas \u00e0 sua imagem e semelhan\u00e7a gozando de plena comunh\u00e3o como Criador. Por\u00e9m, com a queda do homem da mulher essa realidade foi radicalmente alterada (Gn 3), mas, o Pai Amado desenhou uma estrat\u00e9gia infal\u00edvel: O Plano Divino para Reden\u00e7\u00e3o da Humanidade (Jo 3.16). Mediante o sacrif\u00edcio de Jesus Cristo na cruz do calv\u00e1rio (Lc 23.33-43). uma nova realidade se descortinava aos seres humanos e a porta da salva\u00e7\u00e3o finalmente estava aberta (Rm 10.9).<\/span><\/p>\n<p class=\"has-medium-font-size\" style=\"text-align: justify; background: white; mso-background-themecolor: background1;\"><strong><span style=\"font-size: 10.0pt; font-family: 'Arial',sans-serif; color: black; mso-themecolor: text1;\"><!-- \/wp:paragraph --><!-- wp:paragraph {\"fontSize\":\"medium\"} -->3. A ora\u00e7\u00e3o que Deus n\u00e3o ouve<\/span><\/strong><span style=\"font-size: 10.0pt; font-family: 'Arial',sans-serif; color: black; mso-themecolor: text1;\">. Muitos s\u00e3o os motivos que impedem que as ora\u00e7\u00f5es sejam atendidas por Deus. Um claro exemplo disso encontramos nas ora\u00e7\u00f5es de intercess\u00e3o feitas em prol do povo. Por mais que Jeremias intercedesse, o ju\u00edzo se cumpriu e o Imp\u00e9rio Babil\u00f4nico foi o\ninstrumento usado por Deus nesse momento lament\u00e1vel da hist\u00f3ria humana.<\/span><\/p>\n<p class=\"has-medium-font-size\" style=\"text-align: justify; background: white; mso-background-themecolor: background1;\"><span style=\"font-size: 10.0pt; font-family: 'Arial',sans-serif; color: black; mso-themecolor: text1;\"><!-- \/wp:paragraph --><!-- wp:paragraph {\"fontSize\":\"medium\"} -->Veja a seguir alguns dos motivos para que Deus n\u00e3o ou\u00e7a as ora\u00e7\u00f5es (lembremos que h\u00e1\nmuitos outros motivos, aqui destacaremos os que encontramos no contexto de Jeremias): Por pedir mal ou movido por raz\u00f5es ego\u00edstas (Tg 4.3) por n\u00e3o ter chegado o tempo de Deus (Ec 8.6); por orarmos sem f\u00e9 (Tg 1.6-8); por mesmo orando, permanecer no pecado; por orarmos de forma indigna (Ml 1.7-9); entre tantos outros.<\/span><\/p>\n<p class=\"has-medium-font-size\" style=\"text-align: justify; background: white; mso-background-themecolor: background1;\"><span style=\"font-size: 10.0pt; font-family: 'Arial',sans-serif; color: black; mso-themecolor: text1;\"><!-- \/wp:paragraph --><!-- wp:paragraph {\"fontSize\":\"medium\"} -->O Pai deseja atender ao clamor de seus filhos, mas \u00e9 preciso que estejamos envolvidos pela sua presen\u00e7a. Deus n\u00e3o quer apenas dar uma b\u00ean\u00e7\u00e3o, Ele quer que gozemos de sua presen\u00e7a e vivamos cheios do Santo Esp\u00edrito. Assim como nos dias de Mois\u00e9s (Ex 33), a presen\u00e7a de Deus continua sendo infinitamente melhor do que todas as b\u00ean\u00e7\u00e3os que Ele pode nos conceder. Precisamos ter essa verdade sempre vivida em nossas mentes: O melhor de Deus \u00e9 a sua presen\u00e7a aconchegante em nossas vidas!<\/span><\/p>\n<p class=\"has-medium-font-size\" style=\"text-align: justify; background: white; mso-background-themecolor: background1;\"><b><span style=\"font-size: 10.0pt; font-family: 'Arial',sans-serif; color: black; mso-themecolor: text1;\">CONCLUS\u00c3O<\/span><\/b><\/p>\n<p class=\"has-medium-font-size\" style=\"text-align: justify; background: white; mso-background-themecolor: background1;\"><span style=\"font-size: 10.0pt; font-family: 'Arial',sans-serif; color: black; mso-themecolor: text1;\">Nesta li\u00e7\u00e3o estudamos acerca de um momento lament\u00e1vel para o povo de Jud\u00e1: O ju\u00edzo de Deus\nhavia chegado. As ora\u00e7\u00f5es n\u00e3o eram mais ouvidas e tudo o que restava era esperar o dia da chegada daqueles que empunhavam as espadas. Mas grandes aprendizados tamb\u00e9m podem ser obtidos com o estudo desses epis\u00f3dios, lembremos: Deus nos ama e deseja que gozemos de sua maravilhosa presen\u00e7a, devemos sempre estar atentos ao chamado de Deus: confiemos nas promessas do Senhor Ele \u00e9 fiel e justo!<\/span><\/p>\n\n\n<!-- \/wp:paragraph --><!-- wp:heading {\"level\":4} -->\n<p class=\"MsoNormal\" style=\"text-align: justify; background: white; mso-background-themecolor: background1;\"><b><span style=\"font-size: 10.0pt; font-family: 'Arial',sans-serif; color: black; mso-themecolor: text1;\">Postado por: <\/span><\/b><span style=\"font-size: 10.0pt; font-family: 'Arial',sans-serif; color: black; mso-themecolor: text1;\">Pr. Ademilson Braga<\/span><span style=\"font-size: 10.0pt; font-family: 'Arial',sans-serif; color: black; mso-themecolor: text1;\">\u00a0<\/span><\/p>\n<p class=\"MsoNormal\" style=\"text-align: justify; background: white; mso-background-themecolor: background1;\"><span style=\"font-size: 10.0pt; font-family: 'Arial',sans-serif; color: black; mso-themecolor: text1;\">\u00a0<\/span><\/p>\n<p class=\"MsoNormal\" style=\"text-align: right; background: white; mso-background-themecolor: background1;\" align=\"right\"><b><span style=\"font-size: 10.0pt; font-family: 'Arial',sans-serif; color: black; mso-themecolor: text1;\">Fonte: <\/span><\/b><span style=\"font-size: 10.0pt; font-family: 'Arial',sans-serif; color: black; mso-themecolor: text1;\">Editora CPAD<\/span><\/p>\n<p class=\"MsoNormal\" style=\"text-align: justify; background: white; mso-background-themecolor: background1;\"><span style=\"font-size: 10.0pt; font-family: 'Arial',sans-serif; color: black; mso-themecolor: text1;\">\u00a0<\/span><\/p>\n<p class=\"MsoNormal\" style=\"text-align: justify; background: white; mso-background-themecolor: background1;\"><span style=\"font-size: 10.0pt; font-family: 'Arial',sans-serif; color: black; mso-themecolor: text1;\">\u00a0<\/span><\/p>\n<p class=\"MsoNormal\" style=\"text-align: justify; background: white; mso-background-themecolor: background1;\"><span style=\"font-size: 10.0pt; font-family: 'Arial',sans-serif; color: black; mso-themecolor: text1;\">\u00a0<\/span><\/p>\n<p class=\"MsoNormal\" style=\"text-align: justify; background: white; mso-background-themecolor: background1;\"><span style=\"font-size: 10.0pt; font-family: 'Arial',sans-serif; color: black; mso-themecolor: text1;\">\u00a0<\/span><\/p>\n<p class=\"MsoNormal\" style=\"text-align: justify; background: white; mso-background-themecolor: background1;\"><span style=\"font-size: 10.0pt; font-family: 'Arial',sans-serif; color: black; mso-themecolor: text1;\">\u00a0<\/span><\/p>\n<p class=\"MsoNormal\" style=\"text-align: justify; background: white; mso-background-themecolor: background1;\"><span style=\"font-size: 10.0pt; font-family: 'Arial',sans-serif; color: black; mso-themecolor: text1;\">\u00a0<\/span><\/p>\n<p class=\"MsoNormal\" style=\"text-align: justify; background: white; mso-background-themecolor: background1;\"><span style=\"font-size: 10.0pt; font-family: 'Arial',sans-serif; color: black; mso-themecolor: text1;\">\u00a0<\/span><\/p>\n<p class=\"MsoNormal\" style=\"text-align: justify; background: white; mso-background-themecolor: background1;\"><span style=\"font-size: 10.0pt; font-family: 'Arial',sans-serif; color: black; mso-themecolor: text1;\">\u00a0<\/span><\/p>\n<p class=\"MsoNormal\" style=\"text-align: justify; background: white; mso-background-themecolor: background1;\"><span style=\"font-size: 10.0pt; font-family: 'Arial',sans-serif; color: black; mso-themecolor: text1;\">\u00a0<\/span><\/p>\n<p class=\"MsoNormal\" style=\"text-align: justify; background: white; mso-background-themecolor: background1;\"><span style=\"font-size: 10.0pt; font-family: 'Arial',sans-serif; color: black; mso-themecolor: text1;\">\u00a0<\/span><\/p>\n<p class=\"MsoNormal\" style=\"text-align: justify; background: white; mso-background-themecolor: background1;\"><span style=\"font-size: 10.0pt; font-family: 'Arial',sans-serif; color: black; mso-themecolor: text1;\">\u00a0<\/span><\/p>\n<!--EndFragment-->","protected":false},"excerpt":{"rendered":"<p>EBD \u2013 Jovens &#8211; EDI\u00c7\u00c3O: 06 &#8211; 1\u00ba Trimestre &#8211; Ano: 2021 &#8211; Editora: CPAD LI\u00c7\u00c3O &#8211; 06 \u2013 07 de fevereiro de 2021 TEXTO DO DIA \u201cE estendeu o SENHOR a m\u00e3o, tocou-me na boca e disse-me o SENHOR: Eis\u00a0que ponho as minhas palavras na tua boca.\u201d (Jr 1.9) SINTESE Devemos buscar a vontade [&hellip;]<\/p>\n","protected":false},"author":2,"featured_media":7269,"comment_status":"open","ping_status":"open","sticky":false,"template":"","format":"standard","meta":{"footnotes":""},"categories":[10,7,973],"tags":[974],"class_list":["post-7267","post","type-post","status-publish","format-standard","has-post-thumbnail","hentry","category-artigos","category-e-b-d","category-jovens-cpad","tag-jeremias"],"_links":{"self":[{"href":"http:\/\/www.searadecristo.com.br\/portal\/wp-json\/wp\/v2\/posts\/7267","targetHints":{"allow":["GET"]}}],"collection":[{"href":"http:\/\/www.searadecristo.com.br\/portal\/wp-json\/wp\/v2\/posts"}],"about":[{"href":"http:\/\/www.searadecristo.com.br\/portal\/wp-json\/wp\/v2\/types\/post"}],"author":[{"embeddable":true,"href":"http:\/\/www.searadecristo.com.br\/portal\/wp-json\/wp\/v2\/users\/2"}],"replies":[{"embeddable":true,"href":"http:\/\/www.searadecristo.com.br\/portal\/wp-json\/wp\/v2\/comments?post=7267"}],"version-history":[{"count":4,"href":"http:\/\/www.searadecristo.com.br\/portal\/wp-json\/wp\/v2\/posts\/7267\/revisions"}],"predecessor-version":[{"id":7272,"href":"http:\/\/www.searadecristo.com.br\/portal\/wp-json\/wp\/v2\/posts\/7267\/revisions\/7272"}],"wp:featuredmedia":[{"embeddable":true,"href":"http:\/\/www.searadecristo.com.br\/portal\/wp-json\/wp\/v2\/media\/7269"}],"wp:attachment":[{"href":"http:\/\/www.searadecristo.com.br\/portal\/wp-json\/wp\/v2\/media?parent=7267"}],"wp:term":[{"taxonomy":"category","embeddable":true,"href":"http:\/\/www.searadecristo.com.br\/portal\/wp-json\/wp\/v2\/categories?post=7267"},{"taxonomy":"post_tag","embeddable":true,"href":"http:\/\/www.searadecristo.com.br\/portal\/wp-json\/wp\/v2\/tags?post=7267"}],"curies":[{"name":"wp","href":"https:\/\/api.w.org\/{rel}","templated":true}]}}