{"id":7252,"date":"2021-01-30T10:23:25","date_gmt":"2021-01-30T13:23:25","guid":{"rendered":"http:\/\/www.searadecristo.com.br\/portal\/?p=7252"},"modified":"2021-02-15T11:11:44","modified_gmt":"2021-02-15T14:11:44","slug":"efesios-a-carta-da-fe-do-amor-e-das-virtudes","status":"publish","type":"post","link":"http:\/\/www.searadecristo.com.br\/portal\/efesios-a-carta-da-fe-do-amor-e-das-virtudes\/","title":{"rendered":"Ef\u00e9sios: a carta da f\u00e9, do amor e das virtudes"},"content":{"rendered":"\n<p><strong>EBD \u2013 <\/strong>Adolescentes<strong> &#8211; EDI\u00c7\u00c3O: 05<\/strong> &#8211; 1\u00ba Trimestre &#8211; Ano: 2021 &#8211; Editora:CPAD<\/p>\n\n\n\n<p><strong>LI\u00c7\u00c3O &#8211; 05<\/strong> \u2013 31 de janeiro de 2021<\/p>\n\n\n\n<p><strong>OBJETIVOS<\/strong><\/p>\n\n\n\n<p><strong>&#8211; Salientar <\/strong>A nossa condi\u00e7\u00e3o espiritual antes da salva\u00e7\u00e3o; <\/p>\n\n\n\n<p><strong>&#8211; Enfatizar <\/strong>que a salva\u00e7\u00e3o \u00e9 pela gra\u00e7a de Deus; <\/p>\n\n\n\n<p><strong>&#8211; Destacar <\/strong>que o Crist\u00e3o foi salvo para praticar boas obras<\/p>\n\n\n\n<p><strong>TEXTO B\u00cdBLICO<\/strong><\/p>\n\n\n\n<p><strong>Ef\u00e9sios 2.1-10<\/strong><\/p>\n\n\n\n<p>1 E Vos vivificou, estando v\u00f3s mortos em ofensas e pecados,<\/p>\n\n\n\n<p>2 Em que noutro tempo andastes segundo o curso deste mundo, segundo o pr\u00edncipe das potestades do ar, do esp\u00edrito que agora opera nos filhos da desobedi\u00eancia.<\/p>\n\n\n\n<p>3 Entre os quais todos n\u00f3s tamb\u00e9m antes and\u00e1vamos nos desejos da nossa carne, fazendo a vontade da carne e dos pensamentos; e \u00e9ramos por natureza filhos da ira, como os outros tamb\u00e9m.<\/p>\n\n\n\n<p>4 Mas Deus, que \u00e9 riqu\u00edssimo em miseric\u00f3rdia, pelo seu muito amor com que nos amou,<\/p>\n\n\n\n<p>5 Estando n\u00f3s ainda mortos em nossas ofensas, nos vivificou juntamente com Cristo (pela gra\u00e7a sois salvos),<\/p>\n\n\n\n<p>6 E nos ressuscitou juntamente com ele e nos fez assentar nos lugares celestiais, em Cristo Jesus;<\/p>\n\n\n\n<p>7 Para mostrar nos s\u00e9culos vindouros as abundantes riquezas da sua gra\u00e7a <a rel=\"noreferrer noopener\" href=\"https:\/\/escolabiblicadominical.org\/?s=gra%C3%A7a+\" target=\"_blank\">g<\/a>pela sua benignidade para conosco em Cristo Jesus.<\/p>\n\n\n\n<p>8 Porque pela gra\u00e7a sois salvos, por meio da f\u00e9; e isto n\u00e3o vem de v\u00f3s, \u00e9 dom de Deus.<\/p>\n\n\n\n<p>9 N\u00e3o vem das obras, para que ningu\u00e9m se glorie;<\/p>\n\n\n\n<p>10 Porque somos feitura sua, criados em Cristo Jesus para as boas obras, as quais Deus preparou para que and\u00e1ssemos nelas.<\/p>\n\n\n\n<p><strong>DESTAQUE<\/strong><\/p>\n\n\n\n<p>\u201cPois pela gra\u00e7a de Deus voc\u00eas s\u00e3o salvos por meio da f\u00e9. Isso n\u00e3o vem de voc\u00eas, mas \u00e9 um presente dado por Deus. A salva\u00e7\u00e3o n\u00e3o \u00e9 o resultado dos esfor\u00e7os de voc\u00eas; portanto, ningu\u00e9m pode se orgulhar de t\u00ea-la.\u201d (Ef 2.8,9)<\/p>\n\n\n\n<p><strong>LEITURA DEVOCIONAL<\/strong><\/p>\n\n\n\n<p><strong>Segunda-feira <\/strong>\u2013 Ef 2.1-4<\/p>\n\n\n\n<p><strong>Ter\u00e7a-feira <\/strong>\u2013 Jo 2.15<\/p>\n\n\n\n<p><strong>Quarta-feira <\/strong>\u2013 Gl 5.16-21<\/p>\n\n\n\n<p><strong>Quinta-feira <\/strong>\u2013 Rm 5.8<\/p>\n\n\n\n<p><strong>Sexta-feira <\/strong>\u2013 Mt 5.13,14&nbsp;<\/p>\n\n\n\n<p><strong>S\u00e1bado <\/strong>\u2013 Ef 2.10<\/p>\n\n\n\n<p><strong>Domingo <\/strong>\u2013 Rm 5.1<\/p>\n\n\n\n<p><strong>QUEM N\u00d3S \u00c9RAMOS ANTES DE ESTAR EM CRISTO?<\/strong><\/p>\n\n\n\n<p>Essa pergunta diz respeito \u00e0 nossa condi\u00e7\u00e3o espiritual no passado, quando n\u00f3s ainda n\u00e3o hav\u00edamos confessado Cristo como Senhor e Salvador de nossas vidas.<\/p>\n\n\n\n<p>A resposta de Paulo a esta pergunta envolve tr\u00eas aspectos:<\/p>\n\n\n\n<p><strong>a)<\/strong> Est\u00e1vamos \u201cespiritualmente mortos\u201d (2.1). Em Ad\u00e3o, independente de cor, condi\u00e7\u00e3o social ou capacidade intelectual, todos n\u00f3s fomos feitos pecadores, e por isso, est\u00e1vamos \u201cafastados da presen\u00e7a gloriosa de Deus\u201d (Rm 3.23). Com o pecado, o ser humano morreu espiritual e fisicamente, e teria morrido eternamente se n\u00e3o tivesse aceitado a provis\u00e3o de salva\u00e7\u00e3o oferecida pelo Pai por interm\u00e9dio do seu Filho. O pecado nos tornou inimigos de Deus.<\/p>\n\n\n\n<p><strong>b)<\/strong> Segu\u00edamos \u201co mau caminho deste mundo\u201d (2.2). Ou seja, viv\u00edamos com base no pensamento mundano, hostil e descomprometido com os valores eternos de Deus revelados em sua Palavra (Cl 3.5-7). \u00c9ramos, nas palavras de Jo\u00e3o, \u201camantes do mundo\u201d (Jo 2.15); escravos de \u201cargumentos sem valor, que v\u00eam da sabedoria humana. Essas coisas v\u00eam dos ensinamentos de criaturas humanas e dos esp\u00edritos que dominam o Universo\u201d (Cl 2.8); percorr\u00edamos as \u201ctrilhas de Satan\u00e1s\u201d ao inv\u00e9s de andarmos no caminho de Deus.<\/p>\n\n\n\n<p><strong>c)<\/strong> Viv\u00edamos de acordo com a nossa natureza humana, fazendo o que o nosso corpo e a nossa mente queriam (2.3).<\/p>\n\n\n\n<p>O ap\u00f3stolo afirma que a nossa vontade era satisfazer nossa pr\u00f3pria natureza pecaminosa. \u00c9ramos escravos de nossa natureza e as obras que pratic\u00e1vamos eram m\u00e1s, porque brotavam de um cora\u00e7\u00e3o enganoso e perverso (Mc 7.21-23), que conspira contra o que o Esp\u00edrito deseja (Gl 5.16-21).<\/p>\n\n\n\n<p>Como podemos perceber, nosso problema n\u00e3o estava no lado de fora, mas nas profundezas de nosso pr\u00f3prio cora\u00e7\u00e3o. Como diz o ap\u00f3stolo Paulo, \u00e9ramos filhos da ira, merecedores do justo castigo de Deus; pecadores nas m\u00e3os de um Deus irado. Mas gra\u00e7as a Deus que apesar de um passado de inimizade e justa condena\u00e7\u00e3o pelos pecados praticados, na Cruz do Calv\u00e1rio Jesus Cristo ofereceu-se a Deus por n\u00f3s, para nos salvar, oferecendo-nos seu gracioso perd\u00e3o. Hoje temos paz com Deus por meio de Jesus Cristo (Rm 5.1).<\/p>\n\n\n\n<p><strong>SALVOS PELA GRA\u00c7A MEDIANTE A F\u00c9<\/strong><\/p>\n\n\n\n<p>A salva\u00e7\u00e3o \u00e9 um presente maravilhoso de Deus \u00e0 humanidade. N\u00e3o \u00e9 fruto da engenhosidade dos filhos dos homens, mas do planejamento do Pai (Ef 1.4-6); n\u00e3o \u00e9 conquistada por esfor\u00e7os pessoais de homens e mulheres bem-intencionados, mas ofertada gratuitamente pelo incalcul\u00e1vel pre\u00e7o pago com o sangue de Jesus Cristo, o Filho (Ef 1.7-12). Essa salva\u00e7\u00e3o \u00e9 aplicada e confirmada pelo Esp\u00edrito Santo, o qual nos marcou como propriedade de Deus, sendo Ele mesmo a garantia de que receberemos o que Deus prometeu ao seu povo (Ef 1.13,14).<\/p>\n\n\n\n<p>Paulo destaca que a salva\u00e7\u00e3o, do in\u00edcio ao fim, \u00e9 obra de um Deus misericordioso e amoroso (Rm 5.8; Ef 2.4,5) que vem ao nosso encontro por interm\u00e9dio de seu Filho Jesus Cristo. Se no passado est\u00e1vamos mortos espiritualmente, no presente estamos vivos em Cristo. Agora pela gra\u00e7a de Deus somos salvos.<\/p>\n\n\n\n<p>Em Ef\u00e9sios 2.8, <a rel=\"noreferrer noopener\" href=\"https:\/\/www.bibliaonline.com.br\/acf\/ef\/2\/8\" target=\"_blank\">E<\/a>o ap\u00f3stolo ressalta que a gra\u00e7a, e n\u00e3o as obras, \u00e9 a fonte da nossa salva\u00e7\u00e3o; caso contr\u00e1rio n\u00f3s nos gloriar\u00edamos em nossas pr\u00f3prias obras. Pois a gra\u00e7a \u00e9 o favor de Deus para com aqueles que nada merecem. Entretanto, como bem afirmou o pastor Myer Pearlman: \u201cuma d\u00e1diva precisa ser aceita. Como \u00e9 que um homem aceita a salva\u00e7\u00e3o? Mediante a f\u00e9\u2026 A f\u00e9 \u00e9 a m\u00e3o que recebe aquilo que Deus oferece\u201d.<\/p>\n\n\n\n<p>Como \u00e9 poss\u00edvel observar, a salva\u00e7\u00e3o n\u00e3o pode ser comprada nem tampouco vendida pelos seres humanos. Ela n\u00e3o \u00e9 uma moeda de troca, um bem negoci\u00e1vel, mas um presente recebido pela f\u00e9 das m\u00e3os de um Deus gracioso e que deve ser cuidado por n\u00f3s.<\/p>\n\n\n\n<p>N\u00e3o se esque\u00e7a: voc\u00ea n\u00e3o \u00e9 salvo porque \u00e9 bom, bonito ou religioso, mas porque a gra\u00e7a de Deus revelada em Jesus o salvou. Valorize isso. Testemunhe dessa salva\u00e7\u00e3o. N\u00e3o abra m\u00e3o deste presente, \u00e9 valioso demais para ser jogado na lata do lixo ou ser apagado como se faz com algo indesejado nas redes sociais.<\/p>\n\n\n\n<p><strong>UMA VIDA DE AMOR E DE BOAS OBRAS<\/strong><\/p>\n\n\n\n<p>Se \u00e9 verdade que n\u00e3o fomos salvos porque praticamos boas obras, tamb\u00e9m \u00e9 verdade que somos salvos para praticar as boas obras. Pois s\u00e3o por elas que demonstramos nosso amor, gratid\u00e3o e servi\u00e7o a Deus e aos homens. Paulo deixa isso claro quando diz que \u201cem nossa uni\u00e3o com Cristo Jesus, ele nos criou para que fiz\u00e9ssemos as boas obras que eleja havia preparados para n\u00f3s\u201d (2.10). A pr\u00e1tica das boas obras n\u00e3o \u00e9 uma op\u00e7\u00e3o para os salvos, mas um compromisso com o Deus que nos salvou.<\/p>\n\n\n\n<p>Jesus, no serm\u00e3o da montanha, disse aos seus disc\u00edpulos que eles deveriam ser o \u201csal da terra\u201d e a \u201cluz do mundo\u201d (Mt 5.13,14). Essas alegorias revelam o compromisso que Jesus espera de seus seguidores para com o mundo. Eles devem exercer influ\u00eancia positiva, contagiante e transformadora tanto na terra que est\u00e1 em estado de deteriora\u00e7\u00e3o como no mundo marcado por profundas trevas, por causa do pecado; devem praticar boas obras para que os homens as vejam e glorifiquem ao Pai que est\u00e1 nos c\u00e9us (Mt 5.16).<\/p>\n\n\n\n<p>O Pai deve ser glorificado n\u00e3o apenas com mensagens virtuais, mas acima de tudo com atitudes reais na vida. Essa influ\u00eancia s\u00f3 ser\u00e1 poss\u00edvel com um engajamento radical de nossa parte. Precisamos tornar nossa vida um instrumento de glorifica\u00e7\u00e3o a Deus e de servi\u00e7o ao pr\u00f3ximo. Devemos utilizar toda nossa capacidade intelectual, criativa, emocional e f\u00edsica para o Reino de Deus. Nossas rela\u00e7\u00f5es, sejam interpessoais ou virtuais, devem revelar Cristo. <\/p>\n\n\n\n<p>O nosso compromisso deve ser integral; precisamos cuidar n\u00e3o s\u00f3 do pr\u00f3ximo, mas tamb\u00e9m da terra que o Senhor nos deu (Gn 2.15); precisamos orar e respeitar tanto as autoridades, como nossos pais (Ef 5); devemos falar a verdade na igreja, mas tamb\u00e9m na escola, no trabalho, em casa. A nossa luz precisa brilhar em todos os lugares onde as trevas do pecado est\u00e3o a dominar.<\/p>\n\n\n\n<p><strong>RECAPITULANDO<\/strong><\/p>\n\n\n\n<p>Mortos em nossos pecados decorrentes completamente de nascer quadros ao desafio de viver segundo a boa, perfeita e agrad\u00e1vel \u00e0 vontade de Deus. Mas a morte de Jesus nos deu condi\u00e7\u00e3o de experimentar a gra\u00e7a do bondoso pai. Hoje temos paz com Deus e somos desafiados a viver em paz com os homens. Fomos salvos para manifestar o amor de Deus, E isso fazemos atrav\u00e9s das boas obras. Que Deus nos aben\u00e7oe em Cristo e nos d\u00ea condi\u00e7\u00f5es de continuar o minist\u00e9rio da Reconcilia\u00e7\u00e3o deixada por Cristo \u00e0 igreja (II Co 5.17-21).<\/p>\n\n\n\n<h2 class=\"wp-block-heading\">&nbsp;<\/h2>\n\n\n\n<p><strong>Postado por: <\/strong>Pr. Ademilson Braga<\/p>\n\n\n\n<p style=\"text-align:right\"><strong>Fonte: <\/strong>Editora CPAD<\/p>\n","protected":false},"excerpt":{"rendered":"<p>EBD \u2013 Adolescentes &#8211; EDI\u00c7\u00c3O: 05 &#8211; 1\u00ba Trimestre &#8211; Ano: 2021 &#8211; Editora:CPAD LI\u00c7\u00c3O &#8211; 05 \u2013 31 de janeiro de 2021 OBJETIVOS &#8211; Salientar A nossa condi\u00e7\u00e3o espiritual antes da salva\u00e7\u00e3o; &#8211; Enfatizar que a salva\u00e7\u00e3o \u00e9 pela gra\u00e7a de Deus; &#8211; Destacar que o Crist\u00e3o foi salvo para praticar boas obras TEXTO [&hellip;]<\/p>\n","protected":false},"author":2,"featured_media":7159,"comment_status":"open","ping_status":"open","sticky":false,"template":"","format":"standard","meta":{"footnotes":""},"categories":[972,10,7],"tags":[149],"class_list":["post-7252","post","type-post","status-publish","format-standard","has-post-thumbnail","hentry","category-adolescente","category-artigos","category-e-b-d","tag-carta"],"_links":{"self":[{"href":"http:\/\/www.searadecristo.com.br\/portal\/wp-json\/wp\/v2\/posts\/7252","targetHints":{"allow":["GET"]}}],"collection":[{"href":"http:\/\/www.searadecristo.com.br\/portal\/wp-json\/wp\/v2\/posts"}],"about":[{"href":"http:\/\/www.searadecristo.com.br\/portal\/wp-json\/wp\/v2\/types\/post"}],"author":[{"embeddable":true,"href":"http:\/\/www.searadecristo.com.br\/portal\/wp-json\/wp\/v2\/users\/2"}],"replies":[{"embeddable":true,"href":"http:\/\/www.searadecristo.com.br\/portal\/wp-json\/wp\/v2\/comments?post=7252"}],"version-history":[{"count":3,"href":"http:\/\/www.searadecristo.com.br\/portal\/wp-json\/wp\/v2\/posts\/7252\/revisions"}],"predecessor-version":[{"id":7255,"href":"http:\/\/www.searadecristo.com.br\/portal\/wp-json\/wp\/v2\/posts\/7252\/revisions\/7255"}],"wp:featuredmedia":[{"embeddable":true,"href":"http:\/\/www.searadecristo.com.br\/portal\/wp-json\/wp\/v2\/media\/7159"}],"wp:attachment":[{"href":"http:\/\/www.searadecristo.com.br\/portal\/wp-json\/wp\/v2\/media?parent=7252"}],"wp:term":[{"taxonomy":"category","embeddable":true,"href":"http:\/\/www.searadecristo.com.br\/portal\/wp-json\/wp\/v2\/categories?post=7252"},{"taxonomy":"post_tag","embeddable":true,"href":"http:\/\/www.searadecristo.com.br\/portal\/wp-json\/wp\/v2\/tags?post=7252"}],"curies":[{"name":"wp","href":"https:\/\/api.w.org\/{rel}","templated":true}]}}