{"id":7247,"date":"2021-01-29T18:44:48","date_gmt":"2021-01-29T21:44:48","guid":{"rendered":"http:\/\/www.searadecristo.com.br\/portal\/?p=7247"},"modified":"2021-02-15T11:16:24","modified_gmt":"2021-02-15T14:16:24","slug":"neemias-a-oracao-de-um-construtor","status":"publish","type":"post","link":"http:\/\/www.searadecristo.com.br\/portal\/neemias-a-oracao-de-um-construtor\/","title":{"rendered":"Neemias: A ora\u00e7\u00e3o de um construtor"},"content":{"rendered":"\n<p><strong>EBD \u2013 <\/strong>Jovens<strong> &#8211;&nbsp; EDI\u00c7\u00c3O: 05<\/strong> &#8211; 1\u00ba Trimestre &#8211; Ano: 2021 &#8211; Editora: CPAD<\/p>\n\n\n\n<p><strong>LI\u00c7\u00c3O &#8211; 05<\/strong> \u2013 31 de janeiro de 2021<\/p>\n\n\n\n<p><strong>OBJETIVOS<\/strong><\/p>\n\n\n\n<p><strong>\u2022 MOSTRAR<\/strong> a tristeza de Neemias diante da mis\u00e9ria&nbsp;do seu povo;&nbsp;<\/p>\n\n\n\n<p>\u2022 <strong>DEMONSTRAR <\/strong>a import\u00e2ncia do jejum e da ora\u00e7\u00e3o;&nbsp;<\/p>\n\n\n\n<p>\u2022 <strong>ENFATIZAR <\/strong>os resultados da ora\u00e7\u00e3o de Neemias.&nbsp;<\/p>\n\n\n\n<p><strong>TEXTO DO DIA<\/strong><\/p>\n\n\n\n<p>\u201cEstejam, pois, atentos os teus ouvidos, e os teus olhos, abertos, para ouvires a ora\u00e7\u00e3o do teu servo, que eu hoje fa\u00e7o perante ti, de dia e de noite, pelos filhos de Israel, teus servos [\u2026]\u201d <strong>(Ne 1.6)&nbsp;<\/strong><\/p>\n\n\n\n<p><strong>SINTESE<\/strong><\/p>\n\n\n\n<p>Com Neemias aprendemos duas valiosas li\u00e7\u00f5es: Que a ora\u00e7\u00e3o \u00e9 uma ferramenta indispens\u00e1vel para vencermos os maiores desafios e que precisamos eleger as prioridades certas em nossas vidas.&nbsp;<\/p>\n\n\n\n<p><strong>AGENDA DE LEITURA<\/strong><\/p>\n\n\n\n<p><strong>Segunda-feira<\/strong> \u2013 Ne 6.3 <\/p>\n\n\n\n<p>Uma grande obra!&nbsp;<\/p>\n\n\n\n<p><strong>Ter\u00e7a-feira &#8211; <\/strong>Jo 15.1-8 <\/p>\n\n\n\n<p>Chamados a frutificar&nbsp;<\/p>\n\n\n\n<p><strong>Quarta-feira <\/strong>\u2013 Ec 3.4 <\/p>\n\n\n\n<p>Tempo de sorrir e de chorar<\/p>\n\n\n\n<p><strong>Quinta-feira <\/strong>\u2013 Lc 6.27,28 <\/p>\n\n\n\n<p>Fazei o bem, sempre&nbsp;<\/p>\n\n\n\n<p><strong>Sexta-feira <\/strong>\u2013 Mt 6.17,18 <\/p>\n\n\n\n<p>Jesus e o jejum&nbsp;<\/p>\n\n\n\n<p><strong>S\u00e1bado <\/strong>\u2013 Is 59.1 <\/p>\n\n\n\n<p>O Senhor nos salva e nos ouve&nbsp;<\/p>\n\n\n\n<p><strong>TEXTO B\u00cdBLICO<\/strong><\/p>\n\n\n\n<p><strong>Neemias 1.4-11&nbsp;<\/strong><\/p>\n\n\n\n<p>4 E Sucedeu que, ouvindo eu estas palavras, assentei-me, e chorei, e lamentei por alguns dias e estive jejuando e orando perante o Deus dos c\u00e9us.&nbsp;<\/p>\n\n\n\n<p>5 E disse: Ah! Senhor, Deus dos c\u00e9us, Deus grande e terr\u00edvel, que guardas o concerto e a benignidade para com aqueles que te amam e guardam os Teus mandamentos!&nbsp;<\/p>\n\n\n\n<p>6 Estejam, pois, atentos os teus ouvidos, e os teus olhos, abertos, para ouvires a ora\u00e7\u00e3o do teu servo, que eu hoje fa\u00e7o perante ti, de dia e de noite, pelos filhos de Israel, teus servos; e fa\u00e7o confiss\u00e3o pelos pecados dos filhos de Israel, que pecamos contra ti, tamb\u00e9m eu e a casa de meu pai pecamos.&nbsp;<\/p>\n\n\n\n<p>7 De todo nos corrompemos contra ti e n\u00e3o guardamos os mandamentos, nem os estatutos, nem os ju\u00edzos que ordenaste a Mois\u00e9s, teu servo.&nbsp;<\/p>\n\n\n\n<p>8 Lembra-te, pois, da palavra que ordenaste a Mois\u00e9s, teu servo, dizendo: Vos transgredireis, e eu vos espalharei entre os povos&nbsp;<\/p>\n\n\n\n<p>9 E v\u00f3s vos convertereis a mim, e guardareis os meus mandamentos e os fareis: ent\u00e3o, ainda que os vossos rejeitados estejam no cabo do c\u00e9u, de l\u00e1 os ajuntarei e os trarei ao lugar que tenho escolhido para ali fazer habitar o meu nome&nbsp;<\/p>\n\n\n\n<p>10 Estes ainda s\u00e3o teus servos e o teu povo que resgataste com a tua grande&nbsp;for\u00e7a e com a tua forte m\u00e3o.&nbsp;<\/p>\n\n\n\n<p>11 Ah! Senhor, estejam, pois, atentos os teus ouvidos \u00e0 ora\u00e7\u00e3o do teu servo e \u00e0 ora\u00e7\u00e3o dos teus servos que desejam temer o teu nome; e faze prosperar hoje o teu servo e d\u00e1-lhe gra\u00e7a perante este homem. Ent\u00e3o, era eu copeiro do rei.&nbsp;<\/p>\n\n\n\n<p><strong>INTRODU\u00c7\u00c3O<\/strong><\/p>\n\n\n\n<p>No livro de Neemias encontramos relatos que nos revelam preciosas li\u00e7\u00f5es acerca da ora\u00e7\u00e3o, da sensibilidade para com a dor do nosso pr\u00f3ximo, da disponibilidade em ajudar a quem precisa, da fidelidade \u00e0 soberania <a rel=\"noreferrer noopener\" href=\"https:\/\/escolabiblicadominical.com.br\/?s=fidelidade\" target=\"_blank\">f<\/a>do Senhor e da integridade do homem que serve a Deus. <\/p>\n\n\n\n<p><strong>I \u2013 A TRISTEZA DE NEEMIAS DIANTE DA MIS\u00c9RIA DO SEU POVO&nbsp;<\/strong><\/p>\n\n\n\n<p><strong>1. Tempos de reconstru\u00e7\u00e3o.<\/strong> Os tempos de Neemias e Esdras foram marcados pela reconstru\u00e7\u00e3o da identidade de um povo sofrido, pela renova\u00e7\u00e3o espiritual e a retomada da consagra\u00e7\u00e3o a Deus. No livro de Neemias, encontramos o relato acerca dos fatos ligados ao retorno a Jud\u00e1 no ano de 444 a.C (o terceiro de tr\u00eas retornos sucessivos). <\/p>\n\n\n\n<p>Essa hist\u00f3ria come\u00e7a quando o povo de Jud\u00e1 \u00e9 levado cativo para o ex\u00edlio e passa a viver um dos per\u00edodos mais tristes de sua longa hist\u00f3ria. Segundo o relato: \u201c[\u2026] Os restantes, que n\u00e3o foram levados para o cativeiro, l\u00e1 na prov\u00edncia est\u00e3o em grande mis\u00e9ria e desprezo, e o muro de Jerusal\u00e9m fendido, e as suas portas, queimadas a fogo\u201d ( Ne 13 ). <\/p>\n\n\n\n<p>Jerusal\u00e9m \u00e9 destru\u00edda e o povo que ficou em Jud\u00e1 passa a ser cada vez mais humilhado, explorado e amea\u00e7ado pelos povos vizinhos. N\u00e3o bastasse, entre os pr\u00f3prios judeus havia aqueles que, por serem mais ricos, exploravam e&nbsp;impunham sofrimento aos mais pobres e desfavorecidos. <\/p>\n\n\n\n<p>As injusti\u00e7as eram muitas e traziam grande pesar aos cora\u00e7\u00f5es dos que serviam ao Senhor e sonhavam como retorno \u00e0 grandiosa e hist\u00f3rica Jerusal\u00e9m de outrora, agora envolta apenas em sombras e amargas lembran\u00e7as. A restaura\u00e7\u00e3o era uma necessidade latente e o tempo finalmente havia chegado!&nbsp;<\/p>\n\n\n\n<p><strong>2. Sensibilidade e empatia.<\/strong> Na B\u00edblia. Os nomes dizem muito acerca de seus personagens Neemias, no hebraico, significa \u201cYahweh (o Senhor) tem compaix\u00e3o\u201d. Que preciosa \u00e9 essa tradu\u00e7\u00e3o e o seu sentido! N\u00e3o s\u00f3 o nome, mas o exemplo deixado por esse homem tamb\u00e9m impressiona e nos mostra como deve ser um governante que serve a Deus: S\u00e1bio, corajoso, com f\u00e9, sens\u00edvel ao sofrimento dos pr\u00f3ximos, \u00edntegro, determinado, justo e humilde.<\/p>\n\n\n\n<p>Em um primeiro momento, Neemias poderia ter pensado em sua pr\u00f3pria vida, pois como copeiro do rei, gozava de muito conforto, status e estabilidade. Mas ele era possuidor de duas qualidades que devem fazer parte da vida de todo crente: sensibilidade e empatia. <\/p>\n\n\n\n<p>A sensibilidade o permitia olhar as coisas que o cercavam e perceb\u00ea-las em seus detalhes e nuances atribuindo uma s\u00f3lida reflex\u00e3o acerca delas. J\u00e1 a empatia lhe dava a capacidade de sentir a dor do outro e prontamente disponibilizar-se em auxili\u00e1-lo na solu\u00e7\u00e3o quanto ao sofrimento pelo qual se est\u00e1 passando.<\/p>\n\n\n\n<p><strong>3. Um mundo que agoniza.<\/strong> Vivemos tempos que nos permitem tra\u00e7ar muitos paralelos com o drama presenciado por Neemias. Na atualidade o mundo tamb\u00e9m agoniza: Multid\u00f5es vitimadas pelas epidemias, a viol\u00eancia urbana amargando \u00edndices assustadores, a mis\u00e9ria humana dilacerando vidas, os abismos socioecon\u00f4micos se avolumando cada vez mais e uma gera\u00e7\u00e3o inteira vitimada por doen\u00e7as e males nunca vistos em tais propor\u00e7\u00f5es levando muitos \u00e0s \u00faltimas consequ\u00eancias. <\/p>\n\n\n\n<p>Qual nossa postura frente a tudo isso?&nbsp;Ser\u00e1 que conseguimos nos envolver em sensibilidade e empatia tais que nos permitam sentir a dor dos que sofrem? Como Corpo de Cristo, somos chamados a ser atuantes mostrando a todas as pessoas que h\u00e1 esperan\u00e7a.<\/p>\n\n\n\n<p><strong>II \u2013 NEEMIAS ORA E JEJUA EM FAVOR DO SEU POVO&nbsp;<\/strong><\/p>\n\n\n\n<p><strong>1. \u201cE chorei, e lamentei por alguns dias L.) (1.4).<\/strong>\u201d O irm\u00e3o de Neemias, Hanani, em uma visita relatou o sofrimento do povo e a calamidade que assolava Jerusal\u00e9m.  Tal relato trouxe ao copeiro um profundo pesar, levando-o a chorar muito e lamentar por alguns dias (Ne 1.4). Neemias era um homem de ora\u00e7\u00e3o e a\u00e7\u00e3o, por\u00e9m, como todo ser humano tinha tamb\u00e9m o seu limite emocional. a necessidade de abrir o cora\u00e7\u00e3o e se permitir chorar. <\/p>\n\n\n\n<p>Hoje vivemos tempos onde muitos afirmam que o choro e o lamento s\u00e3o sinais de fraqueza. Um grande engano! H\u00e1 tempo para o choro e para o sorriso, para o lamento e para o j\u00fabilo (Ec 3.4). Neemias, ao ser confrontado com t\u00e3o cruel realidade, n\u00e3o conseguiu se conter, chorou e lamentou muito. Isso provou o qu\u00e3o sens\u00edvel e emp\u00e1tico era esse valoroso homem de Deus. Que possamos, semelhantes a Neemias, tamb\u00e9m chorar e lamentar as injusti\u00e7as do mundo que nos cerca, as dores das pessoas que sofrem e a mis\u00e9ria daqueles que mal tem o que comer (Mt 5.4). <\/p>\n\n\n\n<p>Assim como Jesus, que possamos ter nossos cora\u00e7\u00f5es dilatados ao sofrimento do pr\u00f3ximo e, simplesmente, chorar (Jo 11.32-36). O choro e o lamento s\u00e3o sinais de que somos sens\u00edveis ao sofrimento do pr\u00f3ximo e prontos a sermos impelidos por Cristo a estender a m\u00e3o.&nbsp;<\/p>\n\n\n\n<p><strong>2. \u201c[\u2026] e estive jejuando e orando (v.4).<\/strong>\u201d Passado o tempo de chorar e lamentar, uma nova etapa se apresenta: \u00c9 o tempo de jejuar e orar! A primeira rea\u00e7\u00e3o foi importante, mas ela tem um tempo de validade determinado. H\u00e1 pessoas que passam a vida chorando, se lamentando e n\u00e3o chegam nunca a lugar nenhum Passado esse primeiro momento, chegou a vez da a\u00e7\u00e3o e, para um homem de Deus, a verdadeira a\u00e7\u00e3o come\u00e7a com o jejum e a ora\u00e7\u00e3o.<\/p>\n\n\n\n<p>Durante as 13 aulas estaremos falando de ora\u00e7\u00e3o. Mas, agora, vamos falar sobre o jejum? Como deixar de se alimentar pode influenciar na qualidade da nossa vida espiritual e no nosso relacionamento com Deus? O motivo \u00e9 simples: Quando jejuamos, submetemos nossas vidas a uma depend\u00eancia total de Deus e passamos a nos alimentar apenas da a\u00e7\u00e3o do Esp\u00edrito Santo em nosso ser.&nbsp;<\/p>\n\n\n\n<p>Jesus nos deixou importantes instru\u00e7\u00f5es acerca do jejum: \u201cPor\u00e9m tu, quando jejuares, unge a cabe\u00e7a e lava o rosto, para n\u00e3o pareceres aos homens que jejuam, mas sim a teu Pai que oculto e teu Pai, que v\u00ea o que est\u00e1 oculto, te recompensar\u00e1\u201d (Mt 6.17.18) O jejum \u00e9 algo \u00edntimo e pessoal e que preferencialmente, s\u00f3 deve ser compartilhado com o nosso Deus em ora\u00e7\u00e3o.&nbsp;<\/p>\n\n\n\n<p><strong>3. Na presen\u00e7a do rei. <\/strong>Durante a audi\u00eancia com o grande Artaxerxes (464 a 424 a.C), imperador da P\u00e9rsia, o monarca lhe faz uma pergunta: \u201cQue me pedes agora?\u201d (Ne 2.4). Esse fragmento do texto b\u00edblico revela muito acerca da vida de Neemias. Ele era um homem de ora\u00e7\u00e3o! Veja bem: Antes de fazer o seu pedido, o copeiro fez uma pausa. Em uma fra\u00e7\u00e3o de segundos ele fez mais uma \u201cpequena ora\u00e7\u00e3o\u201d e finalmente fez seu pedido ao rei. <\/p>\n\n\n\n<p>Em constante ora\u00e7\u00e3o, Neemias teve sua trajet\u00f3ria marcada tamb\u00e9m por ora\u00e7\u00f5es espont\u00e2neas, revelando uma cont\u00ednua depend\u00eancia da dire\u00e7\u00e3o divina.&nbsp;Quando fazemos da ora\u00e7\u00e3o uma pr\u00e1tica constante em nossas vidas, n\u00e3o existem desafios intranspon\u00edveis nem batalhas que n\u00e3o possam ser vencidas. Na presen\u00e7a do imperador. Neemias teve ousadia para fazer o seu pedido, e fortalecido pelas ora\u00e7\u00f5es que fizera antes, a vit\u00f3ria foi certa.&nbsp;<\/p>\n\n\n\n<p><strong>III \u2013 OS RESULTADOS DA ORA\u00c7\u00c3O DE NEEMIAS&nbsp;<\/strong><\/p>\n\n\n\n<p><strong>1. A resposta ao copeiro do rei. <\/strong>Neemias abriu o seu cora\u00e7\u00e3o e fez a sua solicita\u00e7\u00e3o ao Imperador Artaxerxes. Ap\u00f3s quatro meses (se considerarmos a cronologia apresentada no texto sagrado) de jejum e ora\u00e7\u00e3o, era chegada a t\u00e3o esperada hora.<\/p>\n\n\n\n<p>Chegado o grande dia, o rei olhou a face do simples copeiro e imediatamente preocupou-se com o semblante triste. Por fim, perguntou: \u201cL&#8230; Por que est\u00e1 triste o teu rosto, pois n\u00e3o est\u00e1s doente? N\u00e3o \u00e9 isto sen\u00e3o tristeza de cora\u00e7\u00e3o\u201d (Ne 22). Neemias faz uma breve ora\u00e7\u00e3o e abriu o seu&nbsp;cora\u00e7\u00e3o. Como servo do Deus alt\u00edssimo, fez a sua parte. J\u00e1 o Senhor Todo Soberano tocou o cora\u00e7\u00e3o do imperador e o milagre aconteceu. <\/p>\n\n\n\n<p>O rei deu a permiss\u00e3o e colocou Neemias na fun\u00e7\u00e3o de governador sobre Jud\u00e1 e redigiu os decretos reais que viabilizaram a constru\u00e7\u00e3o da obra.<\/p>\n\n\n\n<p><strong>2. Adversidades ao longo do caminho.<\/strong> Muitas foram as adversidades encontradas por Neemias. Tanto as na\u00e7\u00f5es vizinhas, quanto a pr\u00f3pria comunidade judaica, empreenderam frentes de oposi\u00e7\u00e3o ao trabalho realizado por Neemias e os seus trabalhadores.&nbsp;Tobias e Sambalate, governadores de Amom e Samaria, inicialmente zombaram de Neemias e seus ajudantes. <\/p>\n\n\n\n<p>Em um segundo momento levantaram uma s\u00e9rie de cal\u00fanias (Ne 2.10-20) que insinuavam a inten\u00e7\u00e3o de rebeli\u00e3o frente ao imperador persa, Artaxerxes. Qual a resposta de Neemias? Ele simplesmente orava e trabalhava com ainda mais intensidade! Havia uma grande obra a ser feita (Ne 6.3)! Tamb\u00e9m grande dificuldade foi encontrada dentro da pr\u00f3pria comunidade judaica: A ambi\u00e7\u00e3o dos ricos impunha a dor e o sofrimento aos mais pobres que eram explorados e humilhados. <\/p>\n\n\n\n<p>Neemias combateu ardentemente essas injusti\u00e7as e agiu com grande generosidade para com o povo (Ne 51-13).&nbsp;<\/p>\n\n\n\n<p><strong>3. \u201c[\u2026] o nosso Deus fizera esta obra\u201d (Ne 6.16). <\/strong>Ap\u00f3s a conclus\u00e3o da obra, Neemias constatou o qu\u00e3o impressionados ficaram os seus inimigos com a constru\u00e7\u00e3o, Nesse momento ele enfatiza o reconhecimento da edifica\u00e7\u00e3o como uma obra de Deus. Notem bem que ele abre m\u00e3o de seus m\u00e9ritos e atribui a Deus toda a gl\u00f3ria. <\/p>\n\n\n\n<p>Sigamos esse exemplo e tenhamos sempre viva em nossas mentes a convic\u00e7\u00e3o de que a \u201cobra\u201d \u00e9 de Deus assim como o nosso chamado, a capacita\u00e7\u00e3o, as condi\u00e7\u00f5es e as for\u00e7as. Louvado seja o nosso Amado Deus.&nbsp;<\/p>\n\n\n\n<p>Al\u00e9m do muro, grandes outras restaura\u00e7\u00f5es foram realizadas nos tempos de Neemias. Deus o honrou e o usou de forma poderosa em Jud\u00e1. Houve tamb\u00e9m uma grande reforma religiosa (com a valorosa contribui\u00e7\u00e3o de Esdras) renovando o compromisso do povo p\u00f3s-ex\u00edlio com o Senhor.&nbsp;<\/p>\n\n\n\n<p>Neemias nos ensina com sua vida de ora\u00e7\u00e3o e comprometimento com a obra de Deus que a verdadeira adora\u00e7\u00e3o n\u00e3o se restringe apenas ao exterior, mas principalmente \u00e9 fruto de uma grande transforma\u00e7\u00e3o no cora\u00e7\u00e3o daqueles que buscam a Deus em esp\u00edrito e em verdade (Jo 4.23).<\/p>\n\n\n\n<p><strong>CONCLUS\u00c3O<\/strong><\/p>\n\n\n\n<p>Ao estudarmos a vida de ora\u00e7\u00e3o do construtor Neemias, pudemos perceber a import\u00e2ncia em elegermos as prioridades certas para a nossa vida. De todas as formas poss\u00edveis, diversas pessoas tentaram desviar a aten\u00e7\u00e3o de Neemias e impedi-lo de concluir a constru\u00e7\u00e3o dos muros. Mas o copeiro governador venceu o seu desafio!&nbsp;<\/p>\n\n\n\n<p><\/p>\n\n\n\n<p style=\"text-align:left\"><strong>Postado por: <\/strong>Pr. Ademilson Braga<\/p>\n\n\n\n<p><\/p>\n\n\n\n<p style=\"text-align:right\"><strong>Fonte: <\/strong>Editora CPAD<\/p>\n","protected":false},"excerpt":{"rendered":"<p>EBD \u2013 Jovens &#8211;&nbsp; EDI\u00c7\u00c3O: 05 &#8211; 1\u00ba Trimestre &#8211; Ano: 2021 &#8211; Editora: CPAD LI\u00c7\u00c3O &#8211; 05 \u2013 31 de janeiro de 2021 OBJETIVOS \u2022 MOSTRAR a tristeza de Neemias diante da mis\u00e9ria&nbsp;do seu povo;&nbsp; \u2022 DEMONSTRAR a import\u00e2ncia do jejum e da ora\u00e7\u00e3o;&nbsp; \u2022 ENFATIZAR os resultados da ora\u00e7\u00e3o de Neemias.&nbsp; TEXTO DO [&hellip;]<\/p>\n","protected":false},"author":2,"featured_media":5399,"comment_status":"open","ping_status":"open","sticky":false,"template":"","format":"standard","meta":{"footnotes":""},"categories":[10,7,973],"tags":[971],"class_list":["post-7247","post","type-post","status-publish","format-standard","has-post-thumbnail","hentry","category-artigos","category-e-b-d","category-jovens-cpad","tag-construtor"],"_links":{"self":[{"href":"http:\/\/www.searadecristo.com.br\/portal\/wp-json\/wp\/v2\/posts\/7247","targetHints":{"allow":["GET"]}}],"collection":[{"href":"http:\/\/www.searadecristo.com.br\/portal\/wp-json\/wp\/v2\/posts"}],"about":[{"href":"http:\/\/www.searadecristo.com.br\/portal\/wp-json\/wp\/v2\/types\/post"}],"author":[{"embeddable":true,"href":"http:\/\/www.searadecristo.com.br\/portal\/wp-json\/wp\/v2\/users\/2"}],"replies":[{"embeddable":true,"href":"http:\/\/www.searadecristo.com.br\/portal\/wp-json\/wp\/v2\/comments?post=7247"}],"version-history":[{"count":5,"href":"http:\/\/www.searadecristo.com.br\/portal\/wp-json\/wp\/v2\/posts\/7247\/revisions"}],"predecessor-version":[{"id":7426,"href":"http:\/\/www.searadecristo.com.br\/portal\/wp-json\/wp\/v2\/posts\/7247\/revisions\/7426"}],"wp:featuredmedia":[{"embeddable":true,"href":"http:\/\/www.searadecristo.com.br\/portal\/wp-json\/wp\/v2\/media\/5399"}],"wp:attachment":[{"href":"http:\/\/www.searadecristo.com.br\/portal\/wp-json\/wp\/v2\/media?parent=7247"}],"wp:term":[{"taxonomy":"category","embeddable":true,"href":"http:\/\/www.searadecristo.com.br\/portal\/wp-json\/wp\/v2\/categories?post=7247"},{"taxonomy":"post_tag","embeddable":true,"href":"http:\/\/www.searadecristo.com.br\/portal\/wp-json\/wp\/v2\/tags?post=7247"}],"curies":[{"name":"wp","href":"https:\/\/api.w.org\/{rel}","templated":true}]}}