{"id":7155,"date":"2021-01-14T21:44:40","date_gmt":"2021-01-15T00:44:40","guid":{"rendered":"http:\/\/www.searadecristo.com.br\/portal\/?p=7155"},"modified":"2021-02-15T11:18:50","modified_gmt":"2021-02-15T14:18:50","slug":"o-que-significa-orar","status":"publish","type":"post","link":"http:\/\/www.searadecristo.com.br\/portal\/o-que-significa-orar\/","title":{"rendered":"O que significa orar"},"content":{"rendered":"\n<p><strong>EBD \u2013 <\/strong>Jovens<strong> &#8211; EDI\u00c7\u00c3O: 01<\/strong> &#8211; 1\u00ba Trimestre &#8211; Ano: 2021 &#8211; Editora: CPAD<\/p>\n\n\n\n<p><strong>LI\u00c7\u00c3O &#8211; 01<\/strong> \u2013 03 de janeiro de 2021<\/p>\n\n\n\n<p><strong>TEXTO DO DIA<\/strong><\/p>\n\n\n\n<p>\u201cPerto est\u00e1 o SENHOR de todos os que o invocam, de todos os que o invocam em verdade\u201d (Sl 145.18)<\/p>\n\n\n\n<p><strong>SINTESE<\/strong><\/p>\n\n\n\n<p>A ora\u00e7\u00e3o \u00e9 uma a\u00e7\u00e3o que possibilita ao crist\u00e3o um relacionamento mais \u00edntimo com Deus. Essa pr\u00e1tica deve ser uma constante na vida do crente que necessita orar sempre, sem jamais desfalecer.<\/p>\n\n\n\n<p><strong>AGENDA DE LEITURA<\/strong><\/p>\n\n\n\n<p><strong>Segunda-feira <\/strong>\u2013 Fp 4.5 <\/p>\n\n\n\n<p>N\u00e3o andeis ansiosos<\/p>\n\n\n\n<p><strong>Ter\u00e7a-feira <\/strong>\u2013 Jo 3.16 <\/p>\n\n\n\n<p>Um amor imensur\u00e1vel<\/p>\n\n\n\n<p><strong>Quarta-feira <\/strong>\u2013 I Jo 5.14,15 <\/p>\n\n\n\n<p>Deus ouve nossas ora\u00e7\u00f5es<\/p>\n\n\n\n<p><strong>Quinta-feira <\/strong>\u2013 Mt 6.6 <\/p>\n\n\n\n<p>Ora\u00e7\u00e3o \u00e9 relacionamento com Deus<\/p>\n\n\n\n<p><strong>Sexta-feira <\/strong>\u2013 SI 118 <\/p>\n\n\n\n<p>Segundo a vontade de Deus<\/p>\n\n\n\n<p><strong>S\u00e1bado <\/strong>\u2013 Mc 135 <\/p>\n\n\n\n<p>Jesus e sua vida de ora\u00e7\u00e3o<\/p>\n\n\n\n<p><strong>OBJETIVOS<\/strong><\/p>\n\n\n\n<p><em><strong>Conhecer <\/strong><\/em>o significado da ora\u00e7\u00e3o <\/p>\n\n\n\n<p><em><strong>Entender <\/strong><\/em>que nem todas as ora\u00e7\u00f5es s\u00e3o respondidas por Deus.<\/p>\n\n\n\n<p><em><strong>Perceber <\/strong><\/em>a necessidade de orar sempre <\/p>\n\n\n\n<p><strong>TEXTO B\u00cdBLICO<\/strong><\/p>\n\n\n\n<p><strong>Salmos 51.10-18<\/strong><\/p>\n\n\n\n<p>10 Cria em mim o Deus um cora\u00e7\u00e3o puro e renova em mim um esp\u00edrito reto <\/p>\n\n\n\n<p>11 N\u00e3o me lances fora da tua presen\u00e7a e n\u00e3o retires de mim o teu Esp\u00edrito Santo. <\/p>\n\n\n\n<p>12 Torna a dar-me a alegria da tua salva\u00e7\u00e3o e sustem-me com um esp\u00edrito volunt\u00e1rio. <\/p>\n\n\n\n<p>13 Ent\u00e3o, ensinarei aos transgressores os teus caminhos, e os pecadores a Ti se converter\u00e3o <\/p>\n\n\n\n<p>14 Livra-me dos crimes de sangue, o Deus da minha Salva\u00e7\u00e3o, e a minha l\u00edngua louvar\u00e1 altamente a tua justi\u00e7a <\/p>\n\n\n\n<p>15 Abre, Senhor, os meus l\u00e1bios, e a minha boca entoar\u00e1 o teu louvor <\/p>\n\n\n\n<p>16 Porque ter\u00e3o comprazes em sacrif\u00edcios sen\u00e3o eu os daria tu n\u00e3o te deleitas em holocaustos <\/p>\n\n\n\n<p>17 Os sacrif\u00edcios para Deus s\u00e3o o esp\u00edrito quebrantado a um cora\u00e7\u00e3o quebrantado o contrito n\u00e3o desprezar\u00e1 o Deus <\/p>\n\n\n\n<p>18 Aben\u00e7oa a Si\u00e3o, segundo a tua boa vontade, edifica os muros de Jerusal\u00e9m.<\/p>\n\n\n\n<p><strong>INTRODU\u00c7\u00c3O<\/strong><\/p>\n\n\n\n<p>Quando falamos em ora\u00e7\u00e3o, nos referimos a um dos maiores privil\u00e9gios que o nosso Amado Senhor nos concede. Chegarmos a Ele em nossa simplicidade e incompletude, abrirmos o nosso cora\u00e7\u00e3o em um di\u00e1logo franco e confiante. \u00c9 na ora\u00e7\u00e3o que cada um de n\u00f3s pequeninos como somos, temos acesso direto aquele que tanto nos amou e que deu o seu Filho unig\u00eanito para que fossemos salvos. Nessa li\u00e7\u00e3o refletiremos acerca da ora\u00e7\u00e3o seus objetivos e como Deus responde a essas ora\u00e7\u00f5es trazidas pelas pessoas existentes na face da Terra.<\/p>\n\n\n\n<p><strong>I \u2013 QUAL O OBJETIVO DA ORA\u00c7\u00c3O E POR QUE PRECISAMOS ORAR?<\/strong><\/p>\n\n\n\n<p><strong>Qual a finalidade da ora\u00e7\u00e3o?<\/strong> A espiritualidade \u00e9 parte essencial do homem. justamente por isso, S\u00f3 no relacionamento como espiritual \u00e9 poss\u00edvel ser estabelecido o verdadeiro sentido da vida humana. Na ora\u00e7\u00e3o temos: Relacionamento com Deus, seguran\u00e7a em meio aos desafios, serenidade e vis\u00e3o cristalina em meio as tempestades. A ora\u00e7\u00e3o da mola propulsora das for\u00e7as que recebemos do alto, com a finalidade de enfrentar os desafios di\u00e1rios e manter vivida a esperan\u00e7a que nos traz a paz.<\/p>\n\n\n\n<p>O Esp\u00edrito Santo de Deus quer estabelecer um relacionamento conosco e nos conduzir em nossa jornada di\u00e1ria, por\u00e9m, para que isso ocorra, a ora\u00e7\u00e3o \u00e9 uma condi\u00e7\u00e3o b\u00e1sica. Por meio dela nos preparamos para de forma progressiva e vigorosa, as grandes e experi\u00eancias espirituais em nossa trajet\u00f3ria de vida.<\/p>\n\n\n\n<p><strong>Ora\u00e7\u00e3o, um desejo de relaciona mento com Deus.<\/strong> Como \u00e9 bom podemos sentar ao lado de uma pessoa amiga e confiadamente abrir nosso cora\u00e7\u00e3o contar as novidades e tamb\u00e9m, as angustias do dia a dia. Se essa pr\u00e1tica \u00e9 valida para os relacionamentos que estabelecemos com pessoas fal\u00edveis e limitadas como cada um de n\u00f3s, imagine o qu\u00e3o supremo ser\u00e1 se conseguirmos manter uma rotina semelhante com o nosso Amado Pai! Na B\u00edblia somos incentivados a buscar a Deus em ora\u00e7\u00e3o de maneira muito pessoal e discreta (Mt 6.6), exatamente como far\u00edamos com os mais chegados amigos.<\/p>\n\n\n\n<p>A ora\u00e7\u00e3o e antes de tudo, di\u00e1logo. Precisamos ter em mente que essa \u00e9 uma ferramenta que nos deixa em contato direto e permanente com o nosso Criador promovendo a\u00e7\u00f5es onde a unidade torna-se a ess\u00eancia. Lembremos de alguns personagens b\u00edblicos que nos ajudam a compreender esse fato: Quando Ad\u00e3o e Eva perderam a comunh\u00e3o com Deus, uma das primeiras evid\u00eancias de tal fato foi a tentativa de esconder-se da presen\u00e7a de Deus (Gn 38). J\u00e1 ao falarmos de Mois\u00e9s, percebemos algu\u00e9m que conversa com o Soberano face a face (Dt 34.10), sendo assim, os resultados ate hoje nos inspiram em nossa jornada di\u00e1ria de comunh\u00e3o com o Pai. <\/p>\n\n\n\n<p><strong>O que nos leva a orar?<\/strong> Os motivos s\u00e3o muitos, embora o principal motivo deveria ser sempre o desejo de estar mais perto do Pai Amado. Na Palavra de Deus encontramos exemplos de situa\u00e7\u00f5es que levaram homens e mulheres a dobrarem seus joelhos diante do Pai, entre eles. Joquebede, Davi, Elias e Daniel. O que eles tinham em comum? O profundo desejo de serem por Deus, Ouvidos. <\/p>\n\n\n\n<p>At\u00e9 Jesus, em sua trajet\u00f3ria terrena, constantemente buscava momentos de ora\u00e7\u00e3o para conversar com o Pai. Esses momentos de ora\u00e7\u00e3o aconteciam em uma grande diversidade de condi\u00e7\u00f5es: Quando tudo ia bem (Lc 3.21), quando grandes desafios se aproximavam (Mc 1.35) quando as lutas eram mais intensas (Mt 26.36) e em momentos que evolviam cura e milagres (Jo 11.41). Enfim o pr\u00f3prio Emanuel em ora\u00e7\u00e3o, se conectava ao Pai Celeste com a finalidade de buscar as condi\u00e7\u00f5es ideais para cada passo a ser dado. Na ora\u00e7\u00e3o, o cora\u00e7\u00e3o \u00e9 aquecido e a nossa alma percebe o Deus que se inclina e promove o aquietar de nossa alma. Sinta esse afago! Ore!<\/p>\n\n\n\n<p><strong>II \u2013 DEUS RESPONDE TODAS AS ORA\u00c7\u00d5ES?<\/strong><\/p>\n\n\n\n<p><strong>\u201c[\u2026] Segundo a sua vontade [\u2026]\u201d.<\/strong> Deus tem para cada um de n\u00f3s o melhor que possamos imaginar (Is 55.8,9) por\u00e9m, muitas vezes teimamos em n\u00e3o dar liberdade para o agir divino em nossas vidas. Sonhamos os nossos sonhos, fazemos os nossos planos e executarmos os nossos projetos, por\u00e9m dando poucos ouvidos a voz do Esp\u00edrito Santo. Os resultados amargos s\u00e3o, por vezes, degustados de forma indigesta, por\u00e9m inevit\u00e1vel na Lei da semeadura (Cl 6.7). <\/p>\n\n\n\n<p>Deixemos que a vontade de Deus seja suprema em nossas vidas o fa\u00e7amos de nossos anseios, edifica\u00e7\u00f5es solidas onde as bases est\u00e3o em um relacionamento sadio como nosso Amado Pai (Jo 5.14,15). Mas, como saber se \u00e9 da vontade de Deus um determinado pedido nosso sem d\u00favidas, uma pergunta muito comum feita por muitos crist\u00e3os todos os dias. A resposta \u00e9 simples, deixe Jesus Cristo participar de seu cotidiano, nos pequenos e nos grandes momentos.<\/p>\n\n\n\n<p>Deixe que o Esp\u00edrito Santo caminha com voc\u00ea e o inspire tomar decis\u00f5es e aben\u00e7oar vidas. Seja um arauto do Reino de Deus. Aos poucos, voc\u00ea percebera que seus sonhos, planos e projetos s\u00e3o mais elevados do que eram antes. Voc\u00ea perceber\u00e1 que a vontade divina estar\u00e1 cada vez mais plena em sua vida. A pergunta inicial j\u00e1 n\u00e3o ter\u00e1 tanta import\u00e2ncia. Enfim, seja feita a \u201cTUA\u201d vontade (Mt 6.10)!<\/p>\n\n\n\n<p><strong>Di\u00e1logo, n\u00e3o uma lista de pedidos.<\/strong> Voltamos a quest\u00e3o da ess\u00eancia do que \u00e9 ora\u00e7\u00e3o. \u00c9 uma experi\u00eancia maravilhosa que pode ser experimenta pelo crist\u00e3o a qualquer momento, pois se trata de uma manifesta\u00e7\u00e3o consequente do relacionamento e da intimidade entre o Criador e criatura. Al\u00e9m disso o di\u00e1logo\/ora\u00e7\u00e3o a tamb\u00e9m expressa amizade e reciprocidade. Deve ser um momento aguardado com ansiedade, tanto por quem ora quando pelo glorioso Amado Pai que est\u00e1 nos c\u00e9us.<\/p>\n\n\n\n<p>Agora, imagine a seguinte situa\u00e7\u00e3o: Voc\u00ea tem um grande amigo que marca um hor\u00e1rio para vista-lo. Voc\u00ea est\u00e1 ansioso para receb\u00ea-lo, ouvir todas as novidades e expressar o quanto a amizade entre voc\u00eas e genu\u00edna. Ele chega, lhe cumprimenta e inicia a t\u00e3o aguardada conversa; ol\u00e1 meu amigo. Eu preciso disso, eu quero aquilo, me ajuda nisso, me livra daquela enrascada!<\/p>\n\n\n\n<p>A vontade natural que ter\u00edamos \u00e9 \u00fanica. A de fugir imediatamente daquele momento desanimador e frustrante. Enfim, a ora\u00e7\u00e3o \u00e9 di\u00e1logo e n\u00e3o uma lista de pedidos! <\/p>\n\n\n\n<p><strong>\u201cTudo tem seu tempo determinado [\u2026]\u201d.<\/strong> Cada vez que Deus nos diz \u2018n\u00e3o\u2019. devemos pensar que Ele est\u00e1 nos livrando naquele momento (Pv 15.3). Nos vemos o tempo presente e mal nos lembramos de nossas hist\u00f3rias em passados n\u00e3o t\u00e3o distantes. Mas Deus tudo v\u00ea (Jo 34.21). Nosso Pai conhece cada fio de cabelo em nossas cabe\u00e7as (Lc 12.7) e de igual forma v\u00ea amplamente cada momento de nossas vidas presente e futuro (PV 15.21). Ele sabe o que \u00e9 melhor para cada um de n\u00f3s. <\/p>\n\n\n\n<p>A B\u00edblia Sagrada nos revela que \u201ctudo tem o seu tempo determinado\u201d (Ec 3.1). Muitas vezes gostar\u00edamos que nossos desejos e solicita\u00e7\u00f5es fossem atendidos em um tempo curto principalmente quando, ao olharmos para eles vemos a apar\u00eancia do bem e dos frutos doces a serem colhidos l\u00e1 na frente (I Sm 16.7). Mas. Deus conhece todas as coisas e quando Ele diz \u201cn\u00e3o\u201d, devemos, de forma submissa e paciente, aceita tal resposta com a convic\u00e7\u00e3o de que o melhor do Senhor para nossas vidas sempre est\u00e1 por vir (Rm 8.28).<\/p>\n\n\n\n<p><strong>III \u2013 O DEVER DE ORAR SEMPRE E N\u00c3O DESFALECER<\/strong><\/p>\n\n\n\n<p><strong>\u201c[\u2026] que clamam a Ele de dia e de noite [\u2026].\u201d.<\/strong> Certa vez Jesus contou uma par\u00e1bola que versava sobre \u201co dever de orar sempre e nunca desfalecer\u201d (Lc 18.1-8). A narrativa falava sobre o sofrimento de uma vi\u00fava nas m\u00e3os de um advers\u00e1rio e a sua busca por justi\u00e7a. Para complicar ainda mais o cen\u00e1rio, o juiz para o caso em quest\u00e3o n\u00e3o temia Deus, n\u00e3o respeitava homem algum e era tamb\u00e9m injusto.<\/p>\n\n\n\n<p>Complicado, n\u00e3o? Nem tanto. A mulher tinha duas ferramentas a seu favor. A voz e a persist\u00eancia. E ela venceu. Jesus, mediante essa par\u00e1bola, ensinou sobre o dever de orar sempre e n\u00e3o desfalecer. Muitas vezes nos assombramos com o tamanho dos desafios e tamb\u00e9m com a aus\u00eancia de resposta imediata. Precisamos ver al\u00e9m dessas dificuldades temporais e perceber que o amor de Deus por nos \u00e9 maior do que podermos imaginar e que, no tempo certo se inclinar\u00e1 e responder\u00e1 \u00e0 nossa ora\u00e7\u00e3o.<\/p>\n\n\n\n<p>Na B\u00edblia h\u00e1 um imperativo bastante conhecido: \u201cOrai sem cessar\u201d (Ts 5.17). Esse texto nos revela que devemos, em ora\u00e7\u00e3o, permanecer na presen\u00e7a do Pai todo o tempo. N\u00e3o em uma postura formal de ora\u00e7\u00e3o, mas em um verdadeiro estilo de vida e ora\u00e7\u00e3o, intercedendo, agradecendo, adorando, enfim, relacionando-se com o Amado Pai, dia e noite. <\/p>\n\n\n\n<p><strong>Quando as lutas parecem n\u00e3o ter fim! <\/strong>Existem momentos em que as nossas lutas e dificuldades cotidianas parecem n\u00e3o ler fim! Jesus mesmo nos disse que no mundo teremos afli\u00e7\u00f5es (Jo 16.33), mas tamb\u00e9m Ele nos instrui a temos bom \u00e2nimo inspirados na sua grande vit\u00f3ria sobre o mundo. A mulher da par\u00e1bola, frente a tantas lutas, n\u00e3o desfaleceu e buscou insistentemente a Justi\u00e7a apesar das circunst\u00e2ncias. <\/p>\n\n\n\n<p>No Antigo Testamento, uma hist\u00f3ria tamb\u00e9m nos permite perceber o quanto Deus \u00e9 misericordioso e socorre os que lhe buscam. A vi\u00fava que tinha apenas um pouquinho de azeite na botija (II Rs 4). A mulher havia ficado vi\u00fava, atravessava uma grave crise financeira, corria risco de perder os filhos para a servid\u00e3o e, para complicar ainda mais, tinha apenas um pouquinho de azeite em casa. Mas para Deus foi o suficiente pro milagre. <\/p>\n\n\n\n<p>N\u00e3o devemos nos assombrar como tamanho das tormentas, pois em Cristo temos paz no meio da tempestade (Mc 4.35-41). Se confiarmos com nossas pr\u00f3prias for\u00e7as, pereceremos e nossa f\u00e9 ser\u00e1 abalada. Mas, se depositarmos nossas esperan\u00e7as em Deus as lutas ter\u00e3o fim, no tempo certo, cantaremos o hino da vit\u00f3ria. <\/p>\n\n\n\n<p><strong>Ora\u00e7\u00e3o e f\u00e9. <\/strong>Na B\u00edblia encontramos uma importante orienta\u00e7\u00e3o: Sem f\u00e9 \u00e9 imposs\u00edvel agradar ao nosso Amado Deus (Hb 11.6). Esse \u00e9 um fato muito relevante para a qualidade da nossa rela\u00e7\u00e3o com o divino. N\u00e3o devemos amparar nossa f\u00e9 no mundo exclusivamente f\u00edsico. O nosso relacionamento com Deus precisa estar amparado na dimens\u00e3o espiritual (Gl 5.25). S\u00f3 assim, a f\u00e9 far\u00e1 sentido e ent\u00e3o nos permitimos ver o invis\u00edvel e sentir a normal presen\u00e7a do Esp\u00edrito Santo de Deus. <\/p>\n\n\n\n<p>Nessa par\u00e1bola que analisamos, o ponto central repousa na \u201cf\u00e9\u201d (Lc 18.8). Ser\u00e1 que em nosso cotidiano conseguimos exercitar a nossa f\u00e9 a tal ponto de nos movermos amparados por ela? Imagine uma ora\u00e7\u00e3o sem f\u00e9? Ou ainda um serm\u00e3o pregado pautado apenas nas compet\u00eancias humanas? <\/p>\n\n\n\n<p>Ou at\u00e9 can\u00e7\u00f5es com a intencionalidade de que sejam louvores, porem sem a convic\u00e7\u00e3o dos musicistas que o Esp\u00edrito Santo ali transita? Sem sombra de d\u00favida, s\u00f3 com f\u00e9 vivida \u00e9 poss\u00edvel caminhar com Deus. Que possamos orar movidos por uma F\u00e9 inabal\u00e1vel e almejar viver a cada segundo uma rela\u00e7\u00e3o de profunda intimidade com o nosso Amado Pai Celestial!<\/p>\n\n\n\n<p><strong>CONCLUS\u00c3O<\/strong><\/p>\n\n\n\n<p>O verdadeiro sentido da ora\u00e7\u00e3o foi o tema que nos conduziu durante esta primeira li\u00e7\u00e3o. Pudemos perceber que a ora\u00e7\u00e3o tem profunda rela\u00e7\u00e3o com a ess\u00eancia do verdadeiro cristianismo. \u00c9 a forma como n\u00f3s, seres humanos podemos nos aproximar do Pai Amado e abrir os nossos cora\u00e7\u00f5es em meio a palavras simples, por\u00e9m repletas de sentido.<\/p>\n\n\n\n<p><\/p>\n\n\n\n<p><strong>Postado por: <\/strong>Pr. Ademilson Braga<\/p>\n\n\n\n<p><\/p>\n\n\n\n<p style=\"text-align:right\"><strong>Fonte: <\/strong>Editora CPAD<\/p>\n","protected":false},"excerpt":{"rendered":"<p>EBD \u2013 Jovens &#8211; EDI\u00c7\u00c3O: 01 &#8211; 1\u00ba Trimestre &#8211; Ano: 2021 &#8211; Editora: CPAD LI\u00c7\u00c3O &#8211; 01 \u2013 03 de janeiro de 2021 TEXTO DO DIA \u201cPerto est\u00e1 o SENHOR de todos os que o invocam, de todos os que o invocam em verdade\u201d (Sl 145.18) SINTESE A ora\u00e7\u00e3o \u00e9 uma a\u00e7\u00e3o que possibilita [&hellip;]<\/p>\n","protected":false},"author":2,"featured_media":7156,"comment_status":"open","ping_status":"open","sticky":false,"template":"","format":"standard","meta":{"footnotes":""},"categories":[10,7,973],"tags":[963],"class_list":["post-7155","post","type-post","status-publish","format-standard","has-post-thumbnail","hentry","category-artigos","category-e-b-d","category-jovens-cpad","tag-orar"],"_links":{"self":[{"href":"http:\/\/www.searadecristo.com.br\/portal\/wp-json\/wp\/v2\/posts\/7155","targetHints":{"allow":["GET"]}}],"collection":[{"href":"http:\/\/www.searadecristo.com.br\/portal\/wp-json\/wp\/v2\/posts"}],"about":[{"href":"http:\/\/www.searadecristo.com.br\/portal\/wp-json\/wp\/v2\/types\/post"}],"author":[{"embeddable":true,"href":"http:\/\/www.searadecristo.com.br\/portal\/wp-json\/wp\/v2\/users\/2"}],"replies":[{"embeddable":true,"href":"http:\/\/www.searadecristo.com.br\/portal\/wp-json\/wp\/v2\/comments?post=7155"}],"version-history":[{"count":1,"href":"http:\/\/www.searadecristo.com.br\/portal\/wp-json\/wp\/v2\/posts\/7155\/revisions"}],"predecessor-version":[{"id":7157,"href":"http:\/\/www.searadecristo.com.br\/portal\/wp-json\/wp\/v2\/posts\/7155\/revisions\/7157"}],"wp:featuredmedia":[{"embeddable":true,"href":"http:\/\/www.searadecristo.com.br\/portal\/wp-json\/wp\/v2\/media\/7156"}],"wp:attachment":[{"href":"http:\/\/www.searadecristo.com.br\/portal\/wp-json\/wp\/v2\/media?parent=7155"}],"wp:term":[{"taxonomy":"category","embeddable":true,"href":"http:\/\/www.searadecristo.com.br\/portal\/wp-json\/wp\/v2\/categories?post=7155"},{"taxonomy":"post_tag","embeddable":true,"href":"http:\/\/www.searadecristo.com.br\/portal\/wp-json\/wp\/v2\/tags?post=7155"}],"curies":[{"name":"wp","href":"https:\/\/api.w.org\/{rel}","templated":true}]}}