{"id":4544,"date":"2014-08-31T16:43:32","date_gmt":"2014-08-31T19:43:32","guid":{"rendered":"http:\/\/www.searadecristo.com.br\/portal\/?p=4544"},"modified":"2014-08-31T16:43:32","modified_gmt":"2014-08-31T19:43:32","slug":"combatendo-a-depressao-o-mal-do-seculo","status":"publish","type":"post","link":"http:\/\/www.searadecristo.com.br\/portal\/combatendo-a-depressao-o-mal-do-seculo\/","title":{"rendered":"Combatendo a depress\u00e3o, o mal do s\u00e9culo"},"content":{"rendered":"<p>INTRODU\u00c7\u00c3O<\/p>\n<p>Segundo a OMS (Organiza\u00e7\u00e3o Mundial de Sa\u00fade), a depress\u00e3o \u00e9 considerada a enfermidade da atualidade. Hoje mais de 350 milh\u00f5es de pessoas sofrem desse mal, dentre as quais, cerca de 66% s\u00e3o mulheres. Tal enfermidade pode ser desencadeada por diversos fatores; entre eles, pode estar uma situa\u00e7\u00e3o de constrangimento diante de uma condi\u00e7\u00e3o pecaminosa. O indiv\u00edduo que tem f\u00e9 firmada em Deus quando percebe que cometeu um pecado, pode desenvolver a depress\u00e3o.<\/p>\n<p>DEPRESS\u00c3O, O QUE \u00c9 ISSO?<\/p>\n<p>A depress\u00e3o \u00e9 conhecida como estado mental m\u00f3rbido, que se caracteriza por lassid\u00e3o, frequentemente \u00e9 acompanhado por ansiedade mais ou menos acentuada. \u00c9 considerada uma forma m\u00ednima de melancolia (psicose caracterizada por depress\u00e3o).<\/p>\n<p>A DEPRESS\u00c3O DE DAVI<\/p>\n<p>De acordo com Palavra de Deus, Davi foi um homem segundo o cora\u00e7\u00e3o de Deus (At 13.22). Dentre muitas de suas caracter\u00edsticas, podemos destacar seu temor a Deus e sua condi\u00e7\u00e3o de depend\u00eancia constante dEle. Seu car\u00e1ter era pr\u00f3-ativo, destemido e inteligente. Todas essas qualidades faziam dele o rei ideal para o povo de Israel.\u00a0Contudo elas n\u00e3o foram suficientes para impedir a sua queda (I Cr 21.1-17; II Sm 11.1-4). A atitude impensada de Davi o levou a um buraco entre a solid\u00e3o e o sentimento de total afastamento da presen\u00e7a de Deus, causando assim sintomas semelhantes a um quadro de depress\u00e3o (Sl 51).<\/p>\n<p>O ARREPENDIMENTO<\/p>\n<p>Ao escrever o salmo 51, o rei Davi expressa claramente seu grau de arrependimento, diante da descoberta de seus atos desastrosos. Ele clama pela miseric\u00f3rdia e pede que suas transgress\u00f5es sejam apagadas (Sl 51.1).<\/p>\n<p>CONCLUS\u00c3O<\/p>\n<p>A depress\u00e3o tem sido chamada por muitos cientistas como a doen\u00e7a da atualidade, e muitos servos de Deus t\u00eam passado por momentos dif\u00edceis acometidos por este mal. Cabe a n\u00f3s Igreja do Senhor buscar identificar a causa do mal, se espiritual ou emocional e conduzir a pessoa ao melhor caminho na busca pela cura, lembremos sempre que o Senhor \u00e9 suficiente em nos dar a solu\u00e7\u00e3o de todos os problemas. \u201cAbre, Senhor, os meus l\u00e1bios, e a minha boca entoar\u00e1 o teu louvor\u201d (Sl 51.15). Contudo \u00e9 importante lembrar que Ele pode usar tamb\u00e9m profissionais especializados, pois a ci\u00eancia tamb\u00e9m \u00e9 obra de suas m\u00e3os.<\/p>\n<p>&nbsp;<\/p>\n<p><b>Postado por: <\/b>Pb. Ademilson Braga<\/p>\n","protected":false},"excerpt":{"rendered":"<p>INTRODU\u00c7\u00c3O Segundo a OMS (Organiza\u00e7\u00e3o Mundial de Sa\u00fade), a depress\u00e3o \u00e9 considerada a enfermidade da atualidade. Hoje mais de 350 milh\u00f5es de pessoas sofrem desse mal, dentre as quais, cerca de 66% s\u00e3o mulheres. Tal enfermidade pode ser desencadeada por diversos fatores; entre eles, pode estar uma situa\u00e7\u00e3o de constrangimento diante de uma condi\u00e7\u00e3o pecaminosa. [&hellip;]<\/p>\n","protected":false},"author":2,"featured_media":4545,"comment_status":"open","ping_status":"open","sticky":false,"template":"","format":"standard","meta":{"footnotes":""},"categories":[10,15],"tags":[105],"class_list":["post-4544","post","type-post","status-publish","format-standard","has-post-thumbnail","hentry","category-artigos","category-mensagem-biblica","tag-depressao"],"_links":{"self":[{"href":"http:\/\/www.searadecristo.com.br\/portal\/wp-json\/wp\/v2\/posts\/4544","targetHints":{"allow":["GET"]}}],"collection":[{"href":"http:\/\/www.searadecristo.com.br\/portal\/wp-json\/wp\/v2\/posts"}],"about":[{"href":"http:\/\/www.searadecristo.com.br\/portal\/wp-json\/wp\/v2\/types\/post"}],"author":[{"embeddable":true,"href":"http:\/\/www.searadecristo.com.br\/portal\/wp-json\/wp\/v2\/users\/2"}],"replies":[{"embeddable":true,"href":"http:\/\/www.searadecristo.com.br\/portal\/wp-json\/wp\/v2\/comments?post=4544"}],"version-history":[{"count":0,"href":"http:\/\/www.searadecristo.com.br\/portal\/wp-json\/wp\/v2\/posts\/4544\/revisions"}],"wp:featuredmedia":[{"embeddable":true,"href":"http:\/\/www.searadecristo.com.br\/portal\/wp-json\/wp\/v2\/media\/4545"}],"wp:attachment":[{"href":"http:\/\/www.searadecristo.com.br\/portal\/wp-json\/wp\/v2\/media?parent=4544"}],"wp:term":[{"taxonomy":"category","embeddable":true,"href":"http:\/\/www.searadecristo.com.br\/portal\/wp-json\/wp\/v2\/categories?post=4544"},{"taxonomy":"post_tag","embeddable":true,"href":"http:\/\/www.searadecristo.com.br\/portal\/wp-json\/wp\/v2\/tags?post=4544"}],"curies":[{"name":"wp","href":"https:\/\/api.w.org\/{rel}","templated":true}]}}