{"id":4536,"date":"2014-08-28T23:33:22","date_gmt":"2014-08-29T02:33:22","guid":{"rendered":"http:\/\/www.searadecristo.com.br\/portal\/?p=4536"},"modified":"2014-09-30T17:32:48","modified_gmt":"2014-09-30T20:32:48","slug":"o-caminho-da-salvacao-parte-4","status":"publish","type":"post","link":"http:\/\/www.searadecristo.com.br\/portal\/o-caminho-da-salvacao-parte-4\/","title":{"rendered":"O caminho da salva\u00e7\u00e3o \u2013 PARTE 4"},"content":{"rendered":"<p><b>Ser\u00e1 chamado Filho de Deus <\/b>(Lucas 1,2)<\/p>\n<p>No sexto m\u00eas, foi o anjo Gabriel enviado, da parte de Deus, para uma cidade da Galil\u00e9ia, chamada Nazar\u00e9, a uma virgem desposada com certo homem da casa de Davi, cujo nome era Jos\u00e9; a virgem chamava-se Maria.<\/p>\n<p>E, entrando o anjo a onde ela estava, disse: Alegra-te, muito favorecida! O Senhor \u00e9 contigo.<\/p>\n<p>Ela, por\u00e9m, ao ouvir esta palavra, perturbou-se muito e p\u00f4s-se a pensar no que significaria esta sauda\u00e7\u00e3o.<\/p>\n<p>Mas o anjo lhe disse: Maria, n\u00e3o temas; porque achaste gra\u00e7a diante de Deus.<\/p>\n<p>Eis que conceber\u00e1s e dar\u00e1s \u00e0 luz um filho, a quem chamar\u00e1s pelo nome de Jesus.<\/p>\n<p>Este ser\u00e1 grande e ser\u00e1 chamado Filho do Alt\u00edssimo; Deus, o Senhor, lhe dar\u00e1 o trono de Davi, seu pai; ele reinar\u00e1 para sempre sobre a casa de Jac\u00f3, e o seu reinado n\u00e3o ter\u00e1 fim.<\/p>\n<p>Ent\u00e3o, disse Maria ao anjo: Como ser\u00e1 isto, pois n\u00e3o tenho rela\u00e7\u00e3o com homem algum?<\/p>\n<p>Respondeu-lhe o anjo: Descer\u00e1 sobre ti o Esp\u00edrito Santo, e o poder do Alt\u00edssimo te envolver\u00e1 com a sua sombra; por isso, tamb\u00e9m o ente santo que h\u00e1 de nascer ser\u00e1 chamado Filho de Deus.<\/p>\n<p>Ent\u00e3o, disse Maria: A minha alma engrandece ao Senhor, e o meu esp\u00edrito se alegrou em Deus, meu Salvador, porque contemplou na humildade da sua serva. Pois, desde agora, todas as gera\u00e7\u00f5es me considerar\u00e3o bem-aventurada, porque o Poderoso me fez grandes coisas. Santo \u00e9 o seu nome.<\/p>\n<p>A sua miseric\u00f3rdia vai de gera\u00e7\u00e3o em gera\u00e7\u00e3o sobre os que o temem. (Lucas 1)<\/p>\n<p>Havia, naquela mesma regi\u00e3o, pastores que viviam nos campos e guardavam o seu rebanho durante as vig\u00edlias da noite.<\/p>\n<p>E um anjo do Senhor desceu a onde eles estavam, e a gl\u00f3ria do Senhor brilhou ao redor deles; e ficaram tomados de grande temor.<\/p>\n<p>O anjo, por\u00e9m, lhes disse: N\u00e3o temais; eis aqui vos trago boa-nova de grande alegria, que o ser\u00e1 para todo o povo: \u00e9 que hoje vos nasceu, na cidade de Davi, o Salvador, que \u00e9 Cristo, o Senhor.<\/p>\n<p>E isto vos servir\u00e1 de sinal: encontrareis uma crian\u00e7a envolta em faixas e deitada em \u00a0manjedoura.<\/p>\n<p>E, subitamente, apareceu com o anjo uma multid\u00e3o da mil\u00edcia celestial, louvando a Deus e dizendo:<\/p>\n<p>Gl\u00f3ria a Deus nas maiores alturas, e paz na terra entre os homens, a quem ele quer bem.<\/p>\n<p>E, ausentando-se deles os anjos para o c\u00e9u, diziam os pastores uns aos outros: Vamos at\u00e9 Bel\u00e9m e vejamos os acontecimentos que o Senhor nos deu a conhecer.<\/p>\n<p>Foram apressadamente e acharam Maria e Jos\u00e9 e a crian\u00e7a deitada na manjedoura.<\/p>\n<p>E, vendo-o, divulgaram o que lhes tinha sido dito a respeito deste menino.<\/p>\n<p>Todos os que ouviram se admiraram das coisas referidas pelos pastores.<\/p>\n<p>Maria, por\u00e9m, guardava todas estas palavras, meditando-as no cora\u00e7\u00e3o.<\/p>\n<p>Voltaram, ent\u00e3o, os pastores glorificando e louvando a Deus por tudo o que tinham ouvido e visto, como lhes fora anunciado.<\/p>\n<p>Completados oito dias para ser circuncidado o menino, deram-lhe o nome de JESUS, como lhe chamara o anjo, antes de ser concebido.<\/p>\n<p>Crescia o menino e se fortalecia, enchendo-se de sabedoria; e a gra\u00e7a de Deus estava sobre ele.<\/p>\n<p>Quando ele atingiu os doze anos, subiram a Jerusal\u00e9m, segundo o costume da festa. (Lucas 2)<\/p>\n<p>&nbsp;<\/p>\n<p><b>Continua\u00e7\u00e3o: <\/b>( Parte 5 )<\/p>\n<p>&nbsp;<\/p>\n<p><b>Postado por: <\/b>Pb. Ademilson Braga<\/p>\n<p>&nbsp;<\/p>\n<p>&nbsp;<\/p>\n<p>&nbsp;<\/p>\n","protected":false},"excerpt":{"rendered":"<p>Ser\u00e1 chamado Filho de Deus (Lucas 1,2) No sexto m\u00eas, foi o anjo Gabriel enviado, da parte de Deus, para uma cidade da Galil\u00e9ia, chamada Nazar\u00e9, a uma virgem desposada com certo homem da casa de Davi, cujo nome era Jos\u00e9; a virgem chamava-se Maria. E, entrando o anjo a onde ela estava, disse: Alegra-te, [&hellip;]<\/p>\n","protected":false},"author":2,"featured_media":4537,"comment_status":"open","ping_status":"open","sticky":false,"template":"","format":"standard","meta":{"footnotes":""},"categories":[10,14],"tags":[756],"class_list":["post-4536","post","type-post","status-publish","format-standard","has-post-thumbnail","hentry","category-artigos","category-mensagem-evangelistica","tag-o-caminho"],"_links":{"self":[{"href":"http:\/\/www.searadecristo.com.br\/portal\/wp-json\/wp\/v2\/posts\/4536","targetHints":{"allow":["GET"]}}],"collection":[{"href":"http:\/\/www.searadecristo.com.br\/portal\/wp-json\/wp\/v2\/posts"}],"about":[{"href":"http:\/\/www.searadecristo.com.br\/portal\/wp-json\/wp\/v2\/types\/post"}],"author":[{"embeddable":true,"href":"http:\/\/www.searadecristo.com.br\/portal\/wp-json\/wp\/v2\/users\/2"}],"replies":[{"embeddable":true,"href":"http:\/\/www.searadecristo.com.br\/portal\/wp-json\/wp\/v2\/comments?post=4536"}],"version-history":[{"count":0,"href":"http:\/\/www.searadecristo.com.br\/portal\/wp-json\/wp\/v2\/posts\/4536\/revisions"}],"wp:featuredmedia":[{"embeddable":true,"href":"http:\/\/www.searadecristo.com.br\/portal\/wp-json\/wp\/v2\/media\/4537"}],"wp:attachment":[{"href":"http:\/\/www.searadecristo.com.br\/portal\/wp-json\/wp\/v2\/media?parent=4536"}],"wp:term":[{"taxonomy":"category","embeddable":true,"href":"http:\/\/www.searadecristo.com.br\/portal\/wp-json\/wp\/v2\/categories?post=4536"},{"taxonomy":"post_tag","embeddable":true,"href":"http:\/\/www.searadecristo.com.br\/portal\/wp-json\/wp\/v2\/tags?post=4536"}],"curies":[{"name":"wp","href":"https:\/\/api.w.org\/{rel}","templated":true}]}}