{"id":4164,"date":"2013-12-09T20:23:56","date_gmt":"2013-12-09T23:23:56","guid":{"rendered":"http:\/\/www.searadecristo.com.br\/portal\/?p=4164"},"modified":"2013-12-09T20:23:56","modified_gmt":"2013-12-09T23:23:56","slug":"estevao-um-jovem-martir","status":"publish","type":"post","link":"http:\/\/www.searadecristo.com.br\/portal\/estevao-um-jovem-martir\/","title":{"rendered":"Estev\u00e3o, um jovem m\u00e1rtir"},"content":{"rendered":"<p>Ap\u00f3s o batismo no Esp\u00edrito Santo a Igreja, cheia de poder, come\u00e7ou a trabalhar e ganhar muitas vidas para Cristo (At 2.41;4.4). Os ap\u00f3stolos davam, tamb\u00e9m, assist\u00eancia material com a distribui\u00e7\u00e3o dos recursos colocados \u00e0 disposi\u00e7\u00e3o da Igreja pelos irm\u00e3os de melhor posse. Com\u00a0o crescimento esse atendimento direto pelos ap\u00f3stolos ficou invi\u00e1vel. Est\u00eav\u00e3o, um dos di\u00e1conos\u00a0eleitos para ajudar os ap\u00f3stolos na distribui\u00e7\u00e3o da subsist\u00eancia \u00e0quelas pessoas necessitadas.\u00a0Seu nome significa &#8220;coroa&#8221;. Ele foi muito al\u00e9m, deixando-nos o exemplo de uma das maiores testemunhas de Cristo Jesus.<\/p>\n<p><b>Escolhidos para servir<\/b><\/p>\n<p><span style=\"text-decoration: underline;\">Necessidade apreciada<\/span><\/p>\n<p>Foi nesse momento importante de crescimento que os ap\u00f3stolos, atendendo \u00e0 necessidade colocada por alguns irm\u00e3os, convocaram a multid\u00e3o de disc\u00edpulos e declararam: &#8220;n\u00e3o \u00e9 razo\u00e1vel que n\u00f3s deixemos a palavra de Deus e sirvamos \u00e0s mesas&#8221;. O termo &#8220;servir&#8221; \u00e9 derivado do voc\u00e1bulo do qual se obteve nossa palavra &#8220;di\u00e1cono&#8221;, que significa &#8220;servo ou &#8220;mensageiro.<\/p>\n<p><span style=\"text-decoration: underline;\">Requisitos atendidos<\/span><\/p>\n<p>Algu\u00e9m deveria se dispor a ajudar nesse particular. E, numa atitude democr\u00e1tica, os ap\u00f3stolos passaram a op\u00e7\u00e3o de escolha aos irm\u00e3os: &#8220;escolher, pois, irm\u00e3os, dentre v\u00f3s sete var\u00f5es de boa reputa\u00e7\u00e3o, cheios do Esp\u00edrito Santo e de sabedoria, aos quais constituamos sobre este importante neg\u00f3cio&#8221;. A multid\u00e3o de irm\u00e3os ficou contente com a oportunidade e elegeu os sete. O primeiro a ser mencionado foi Est\u00eav\u00e3o e sobre ele foi ressaltado: &#8220;homem cheio de f\u00e9 e do Esp\u00edrito Santo&#8221;.<\/p>\n<p><b>Estev\u00e3o \u00e9 acusado<\/b><\/p>\n<p>Os judeus alugaram testemunhas para depor contra Est\u00eav\u00e3o, com falsas acusa\u00e7\u00f5es resultantes\u00a0de m\u00e1 interpreta\u00e7\u00e3o, ou de m\u00e1s inten\u00e7\u00f5es. Levaram-no com viol\u00eancia perante o Sin\u00e9drio. Eles n\u00e3o podiam resistir \u00e0 sabedoria com que Est\u00eav\u00e3o falava.<\/p>\n<p><span style=\"text-decoration: underline;\">Obedi\u00eancia x Persegui\u00e7\u00e3o<\/span><\/p>\n<p>Segundo a Palavra de Deus a obedi\u00eancia aos princ\u00edpios divinos est\u00e1 relacionada tamb\u00e9m com a persegui\u00e7\u00e3o. O Inimigo sempre levanta algu\u00e9m para n\u00e3o concordar com a verdade. Foi assim com os profetas, Jesus, Paulo, Pedro, Lutero e muitos outros servos de Deus. E \u00e9 assim conosco tamb\u00e9m. Pelo fato de ser crente voc\u00ea poder\u00e1 ser discriminado e at\u00e9 perseguido na escola, no trabalho ou em qualquer outro lugar. A b\u00edblia nos aconselha a n\u00e3o desfalecermos (Hb 12.3), mas seguirmos o exemplo de Cristo (I Pe 2.21,23). De fato, precisamos ter coragem para ser diferentes, embora isso venha nos trazer algum tipo de inj\u00faria ou persegui\u00e7\u00e3o (Mt 5.10-12). Foi o que Est\u00eav\u00e3o fez. &#8220;Cheio de f\u00e9 e de poder fazia prod\u00edgios e grandes sinais entre o povo&#8221;. Levantaram-se os opositores, mas &#8220;n\u00e3o podiam resistir \u00e0 sabedoria e ao Esp\u00edrito com que falava&#8221;.<\/p>\n<p><span style=\"text-decoration: underline;\">O teor da acusa\u00e7\u00e3o<\/span><\/p>\n<p>Segundo os acusadores, Est\u00eav\u00e3o havia pronunciado palavras blasfemas:<\/p>\n<p><b>a) <\/b><b>Contra Mois\u00e9s<\/b><\/p>\n<p>Naturalmente Est\u00eav\u00e3o pregou que Mois\u00e9s anteviu o dia de Cristo dizendo: \u201cO Senhor, nosso Deus, vos levantar\u00e1 dentre os vossos irm\u00e3os um profeta como eu; a ele ouvireis&#8221; (Dt 18.15, At 7.37). Esse fato resultaria na necessidade de uma nova alian\u00e7a. Portanto, Mois\u00e9s estaria sendo menor que Cristo.<\/p>\n<p>b)<b> Contra Deus <\/b><\/p>\n<p>A prega\u00e7\u00e3o de que Jesus era o Filho de Deus e, portanto, tamb\u00e9m Deus, indignava os judeus. Jesus declarou: \u201cningu\u00e9m vem ao Pai sen\u00e3o por mim&#8221; (Jo 14.6).<\/p>\n<p>c)<b> \u201cContra este Santo Lugar<\/b><\/p>\n<p>Eles se referiam ao Templo.\u00a0Talvez Est\u00eav\u00e3o tivesse pregado, lembrando-se do ensino de Jesus \u00e0 mulher samaritana, que nenhum edif\u00edcio \u00e9 essencial \u00e0 verdadeira adora\u00e7\u00e3o. (Jo 4.23). E tenha repetido a profecia de Jesus sobre a destrui\u00e7\u00e3o do Templo (Mt 24.2). O Templo era intoc\u00e1vel.<\/p>\n<p><b>d) -Contra <\/b><b>a lei <\/b><\/p>\n<p>Com certeza a mensagem do cumprimento da lei, em Cristo, havia sido anunciada. Que Ele \u00e9 mediador de uma nova alian\u00e7a, como o autor da Ep\u00edstola aos Hebreus viria escrever (Hb 8.6).<\/p>\n<p><span style=\"text-decoration: underline;\">Sua firmeza ante as acusa\u00e7\u00f5es<\/span><\/p>\n<p>Diante de todas essas acusa\u00e7\u00f5es ele permaneceu calado, sereno, na confian\u00e7a caracter\u00edstica de quem est\u00e1 cheio do Esp\u00edrito. De repente &#8220;todos os que estavam assentados no conselho, fixando os olhos nele, viram, o seu rosto como o rosto de um anjo&#8221;. E Ele s\u00f3 falou quando foi\u00a0solicitado. Que belo exemplo para n\u00f3s.<\/p>\n<p><b>O discurso inflamado de Estev\u00e3o<\/b><\/p>\n<p>Ent\u00e3o o Sumo Sacerdote indagou a Est\u00eav\u00e3o: &#8220;porventura \u00e9 isto assim?&#8221; Est\u00eav\u00e3o toma a palavra e\u00a0come\u00e7a a responder fazendo o maior discurso registrado no Novo Testamento. Ele apresentou sua defesa em forma de prega\u00e7\u00e3o.<\/p>\n<p><b>Exemplo at\u00e9 na morte<\/b><\/p>\n<p><span style=\"text-decoration: underline;\">A viol\u00eancia <\/span><span style=\"text-decoration: underline;\">enfrentada<\/span><\/p>\n<p>N\u00e3o tinham argumentos para responder \u00e0 defesa feita por Est\u00eav\u00e3o. E partiram para a viol\u00eancia.\u00a0Enfurecidos no cora\u00e7\u00e3o, rangiam os dentes contra ele. A viol\u00eancia \u00e9 um sentimento que revela o baixo n\u00edvel de maturidade. Ela acontece quando cessam os argumentos.<\/p>\n<p><span style=\"text-decoration: underline;\">Olhou para cima<\/span><\/p>\n<p>&nbsp;<\/p>\n<p>Est\u00eav\u00e3o continuou cheio do Esp\u00edrito e fixando os olhos no c\u00e9u, viu Jesus \u00e0 direita de Deus, em p\u00e9. Que maravilha! Jesus se levantou para receber o seu servo que, corajosamente, defendera seu evangelho. Est\u00eav\u00e3o declarou o que estava vendo, mas eles taparam os ouvidos e, dando altos gritos, avan\u00e7aram todos juntos contra Est\u00eav\u00e3o, jogaram-no para fora da cidade e o apedrejaram. E ele se dirigiu ao c\u00e9u dizendo: &#8220;Senhor Jesus, recebe o meu esp\u00edrito&#8221;. E Saulo n\u00e3o s\u00f3 viu isso acontecer como concordou com tudo.<\/p>\n<p><span style=\"text-decoration: underline;\">Intercess\u00e3o pelos algozes<\/span><\/p>\n<p>&nbsp;<\/p>\n<p>Demonstrando o grande amor que existia em seu cora\u00e7\u00e3o, ajoelhou-se e gritou com voz bem forte: &#8220;Senhor n\u00e3o lhes imputes este pecado&#8221;. Esta atitude foi id\u00eantica a de Jesus que solicitou de Deus o perd\u00e3o para os que o crucificaram. Que belo exemplo!<\/p>\n<p>Est\u00eav\u00e3o reconheceu o que Jesus havia sofrido por ele. Se disp\u00f4s a dar a sua vida pela defesa do evangelho. Que possamos aceitar a ajuda dispon\u00edvel do Esp\u00edrito Santo de Deus, para n\u00e3o nos envergonharmos de ser crentes em Cristo, de ser diferentes em qualquer lugar.<\/p>\n<p><b>Conclus\u00e3o<\/b><\/p>\n<p>Estev\u00e3o reconheceu o que Jesus havia sofrido por ele. Se disp\u00f4s a dar a sua vida pela defesa do evangelho. Que possamos aceitar a ajuda dispon\u00edvel do Espirito Santo de Deus, para n\u00e3o nos envergonharmos de ser crentes em Cristo, de ser diferentes em qualquer lugar.<\/p>\n<p>&nbsp;<\/p>\n<p><b>Postado por: <\/b>Pb. Ademilson Braga<\/p>\n","protected":false},"excerpt":{"rendered":"<p>Ap\u00f3s o batismo no Esp\u00edrito Santo a Igreja, cheia de poder, come\u00e7ou a trabalhar e ganhar muitas vidas para Cristo (At 2.41;4.4). Os ap\u00f3stolos davam, tamb\u00e9m, assist\u00eancia material com a distribui\u00e7\u00e3o dos recursos colocados \u00e0 disposi\u00e7\u00e3o da Igreja pelos irm\u00e3os de melhor posse. Com\u00a0o crescimento esse atendimento direto pelos ap\u00f3stolos ficou invi\u00e1vel. Est\u00eav\u00e3o, um dos [&hellip;]<\/p>\n","protected":false},"author":2,"featured_media":4165,"comment_status":"open","ping_status":"open","sticky":false,"template":"","format":"standard","meta":{"footnotes":""},"categories":[10,13],"tags":[699],"class_list":["post-4164","post","type-post","status-publish","format-standard","has-post-thumbnail","hentry","category-artigos","category-jovens","tag-estevao"],"_links":{"self":[{"href":"http:\/\/www.searadecristo.com.br\/portal\/wp-json\/wp\/v2\/posts\/4164","targetHints":{"allow":["GET"]}}],"collection":[{"href":"http:\/\/www.searadecristo.com.br\/portal\/wp-json\/wp\/v2\/posts"}],"about":[{"href":"http:\/\/www.searadecristo.com.br\/portal\/wp-json\/wp\/v2\/types\/post"}],"author":[{"embeddable":true,"href":"http:\/\/www.searadecristo.com.br\/portal\/wp-json\/wp\/v2\/users\/2"}],"replies":[{"embeddable":true,"href":"http:\/\/www.searadecristo.com.br\/portal\/wp-json\/wp\/v2\/comments?post=4164"}],"version-history":[{"count":0,"href":"http:\/\/www.searadecristo.com.br\/portal\/wp-json\/wp\/v2\/posts\/4164\/revisions"}],"wp:featuredmedia":[{"embeddable":true,"href":"http:\/\/www.searadecristo.com.br\/portal\/wp-json\/wp\/v2\/media\/4165"}],"wp:attachment":[{"href":"http:\/\/www.searadecristo.com.br\/portal\/wp-json\/wp\/v2\/media?parent=4164"}],"wp:term":[{"taxonomy":"category","embeddable":true,"href":"http:\/\/www.searadecristo.com.br\/portal\/wp-json\/wp\/v2\/categories?post=4164"},{"taxonomy":"post_tag","embeddable":true,"href":"http:\/\/www.searadecristo.com.br\/portal\/wp-json\/wp\/v2\/tags?post=4164"}],"curies":[{"name":"wp","href":"https:\/\/api.w.org\/{rel}","templated":true}]}}