{"id":3749,"date":"2013-06-16T06:42:51","date_gmt":"2013-06-16T09:42:51","guid":{"rendered":"http:\/\/www.searadecristo.com.br\/portal\/?p=3749"},"modified":"2020-12-23T13:27:11","modified_gmt":"2020-12-23T16:27:11","slug":"a-familia-e-a-igreja","status":"publish","type":"post","link":"http:\/\/www.searadecristo.com.br\/portal\/a-familia-e-a-igreja\/","title":{"rendered":"A Fam\u00edlia e a Igreja"},"content":{"rendered":"<p><b>Li\u00e7\u00e3o &#8211; 52 \u00a0\u00a0\u00a0\/\u00a0\u00a0\u00a0 <\/b>23 de Junho de 2013 <i><\/i><\/p>\n<p><b>TEXTO \u00c1UREO<\/b><\/p>\n<p>\u201cAlegrei-me quando me disseram: Vamos \u00e0 Casa do SENHOR!\u201d <b>(Sl 122.1).<\/b><\/p>\n<p><b>VERDADE PR\u00c1TICA<\/b><\/p>\n<p>A igreja local \u00e9 o melhor lugar para as fam\u00edlias se reunirem e prestarem culto ao Senhor.<\/p>\n<p><b>LEITURA DI\u00c1RIA<\/b><\/p>\n<p><b>Segunda &#8211; Dt 6.2<br \/>\n<\/b>A fam\u00edlia temendo ao Senhor<\/p>\n<p><b>Ter\u00e7a &#8211; Dt 6.2<br \/>\n<\/b>A fam\u00edlia guardando a Palavra de Deus<\/p>\n<p><b>Quarta &#8211; Dt 6.4<br \/>\n<\/b>H\u00e1 um \u00fanico Deus na fam\u00edlia<\/p>\n<p><b>Quinta &#8211; Dt 6.7,8<br \/>\n<\/b>A fam\u00edlia atentando para a Palavra<\/p>\n<p><b>Sexta &#8211; Dt 6.18<br \/>\n<\/b>A fam\u00edlia fazendo o que \u00e9 reto ao Senhor<\/p>\n<p><b>S\u00e1bado &#8211; Salmos 122.1<br \/>\n<\/b>A fam\u00edlia se alegra na Casa de Deus<\/p>\n<p><b>INTRODU\u00c7\u00c3O<\/b><\/p>\n<p>Num mundo de intensas mudan\u00e7as e incertezas a Igreja \u00e9 a \u00fanica institui\u00e7\u00e3o em que o crist\u00e3o e sua fam\u00edlia podem contar. Lares sofrem terr\u00edveis ataques do inimigo, e muitas fam\u00edlias n\u00e3o t\u00eam resistido, sucumbindo moral e espiritualmente \u00e0s investidas malignas. Por isso a Igreja do Senhor, representada pela comunidade local, \u00e9 o ponto de apoio espiritual e moral para a fam\u00edlia. Ali se aperfei\u00e7oam os relacionamentos entre os c\u00f4njuges, pais e filhos, av\u00f3s e netos. A fam\u00edlia crist\u00e3 se desenvolve no dia a dia da igreja local.<\/p>\n<p><b>I- FAM\u00cdLIA: O ELEMENTO B\u00c1SICO DA IGREJA<\/b><\/p>\n<p><b>Sem a fam\u00edlia a igreja n\u00e3o funciona. <\/b>N\u00e3o podemos ignorar a import\u00e2ncia da igreja local junto \u00e0 fam\u00edlia, pois a sa\u00fade da igreja est\u00e1 diretamente ligada ao bem estar espiritual e moral da fam\u00edlia. Uma igreja cujas fam\u00edlias est\u00e3o arruinadas espiritual e moralmente n\u00e3o ter\u00e1 condi\u00e7\u00f5es de acolher os n\u00e3o crentes, nem, ter\u00e1 autoridade para atuar junto \u00e0 outras fam\u00edlias na comunidade em que est\u00e1 inserida.<br \/>\nA fam\u00edlia fortalecida na igreja \u00e9 t\u00e3o importante que o ap\u00f3stolo Paulo aconselhou o pastor Tim\u00f3teo a respeito da qualidade de um candidato ao episcopado. O ap\u00f3stolo destaca a rela\u00e7\u00e3o do aspirante com a pr\u00f3pria fam\u00edlia: &#8220;Conv\u00e9m, pois, que o bispo [&#8230;] governe bem a sua pr\u00f3pria casa, tendo seus filhos em sujei\u00e7\u00e3o, com toda a mod\u00e9stia (porque, se algu\u00e9m n\u00e3o sabe governar a sua pr\u00f3pria casa, ter\u00e1 cuidado da igreja de Deus?)&#8221; (I Tm 3.2,4,5). Aqui, ele expressa o impacto do relacionamento familiar com a funcionalidade da igreja local. Fam\u00edlias desgovernadas, inevitavelmente, geram uma igreja sem dire\u00e7\u00e3o.<br \/>\n<b>A fam\u00edlia como extens\u00e3o da igreja. <\/b>Al\u00e9m de a fam\u00edlia ser o elemento b\u00e1sico da funcionalidade da igreja local, ela \u00e9 a pr\u00f3pria extens\u00e3o desta. Descrevendo a respeito do culto dom\u00e9stico, o saudoso pastor Estevam \u00c2ngelo disse:<br \/>\n&#8220;Se a fam\u00edlia quiser assistir a sete cultos a mais por semana, fazendo o culto dom\u00e9stico, ter\u00e1 uma igreja em casa&#8221;. \u00c9 verdade! Al\u00e9m de cultuar a Deus, a fam\u00edlia representar\u00e1 o reino divino na vizinhan\u00e7a, no bairro e no mundo. O pr\u00f3prio Jesus falou: &#8220;Porque onde estiverem dois ou tr\u00eas reunidos em meu nome, a\u00ed estou eu no meio deles (Mt 18.20). Portanto, podemos fazer de nossa\u00a0fam\u00edlia uma extens\u00e3o da Igreja de Cristo e representar seu Reino neste mundo.<\/p>\n<p><b>II &#8211;<\/b> <b>A IGREJA ACOLHENDO AS FAM\u00cdLIAS<\/b><\/p>\n<p><b>A natureza humana da igreja. <\/b>A etimologia da palavra igreja remonta a natureza humana do Corpo de Cristo. Mateus 18.17 e Atos 15.4 expressam <i>ekkl\u00easia <\/i>(igreja) como reuni\u00e3o de pessoas, povo ou assembl\u00e9ia em nome do Senhor Jesus. \u00c9 uma institui\u00e7\u00e3o composta de seres humanos dotados de sentimentos, desejos e voli\u00e7\u00e3o. Nesse caso, a Igreja \u00e9 &#8220;humana&#8221; em sua constitui\u00e7\u00e3o e composi\u00e7\u00e3o.<br \/>\n<b>A dimens\u00e3o relacional da igreja. <\/b>Onde h\u00e1 pessoas, h\u00e1 relacionamentos. A Sant\u00edssima Trindade nos mostra um Deus relacional. As trinas pessoas relacionam-se comunit\u00e1ria, intensa e\u00a0espontaneamente (Mc 1.9-13; Jo 5.17,19-28). Assim, a igreja expressa a dimens\u00e3o relacional da\u00a0Sant\u00edssima Trindade entre os seus membros. \u00c9 ali, que a fam\u00edlia crist\u00e3 est\u00e1 habilitada a relacionar-se como Igreja de Cristo, tanto com o Pai (Mc 12.30) como com o pr\u00f3ximo (Mc 12.31). Assim, a igreja est\u00e1 pronta para acolher as fam\u00edlias e suas idiossincrasias.<br \/>\n<b>O relacionamento familiar na igreja. <\/b>N\u00e3o h\u00e1 d\u00favidas de que servir a Deus numa igreja local\u00a0juntamente com toda a fam\u00edlia \u00e9 uma b\u00ean\u00e7\u00e3o. No entanto que este relacionamento continue a\u00a0aben\u00e7oar vidas \u00e9 preciso zelar pelos seguintes princ\u00edpios: (1) Na igreja local, a fam\u00edlia n\u00e3o deve se fechar em si mesma; (2) N\u00e3o deve haver motiva\u00e7\u00f5es que desrespeitem a lideran\u00e7a constitu\u00edda ou a qualquer outra pessoa; (3) A fam\u00edlia deve investir tempo para se relacionar com outras fam\u00edlias tamb\u00e9m.<br \/>\n<b>A fam\u00edlia do obreiro. <\/b>O exerc\u00edcio do minist\u00e9rio n\u00e3o dispensa o obreiro de sua responsabilidade como esposo e pai. Infelizmente, em algumas igrejas locais, \u00e9 comum cobrarem da fam\u00edlia do pastor um padr\u00e3o de perfei\u00e7\u00e3o que nem o Evangelho preceitua. Preven\u00e7\u00e3o ao pecado e vida de retid\u00e3o na presen\u00e7a de Deus e diante da sociedade s\u00e3o atributos peculiares a toda fam\u00edlia crist\u00e3. Por\u00e9m, \u00e9 preciso reafirmar que a fam\u00edlia do pastor \u00e9 igual \u00e0 de qualquer outra pessoa. A esposa do pastor tem nome, e os filhos tamb\u00e9m, e precisam dos mesmos cuidados que as demais fam\u00edlias da igreja precisam.<\/p>\n<p><b>III &#8211;<\/b> <b>A FAM\u00cdLIA NA IGREJA LOCAL<\/b><\/p>\n<p><b>A comunh\u00e3o da fam\u00edlia. <\/b>No Salmo 133.1 lemos: &#8220;Oh! Qu\u00e3o bom e qu\u00e3o suave \u00e9 que os irm\u00e3os vivam em uni\u00e3o!\u201d. Apesar de alguns pregadores interpretarem este texto de maneira aleg\u00f3rica,\u00a0dando a ele uma simbologia espiritual, neste vers\u00edculo o salmista Davi se refere \u00e0 fam\u00edlia de irm\u00e3os\u00a0de sangue em crise, ou, de acordo com Matthew Henry, o homem segundo o cora\u00e7\u00e3o de Deus escreve &#8220;esse salmo por ocasi\u00e3o da uni\u00e3o entre as tribos quando todas elas se uniram un\u00e2nimes para faz\u00ea-lo rei&#8221;. Logo, o Salmo davidico pronuncia a b\u00ean\u00e7\u00e3o para uma fam\u00edlia que anda em comunh\u00e3o: Irm\u00e3os e irm\u00e3s que vivem em paz no lar e fora dele s\u00e3o t\u00e3o valiosos quanto o \u00f3leo que ungiu Ar\u00e3o, o sumo sacerdote. Numa casa pacifica e unida, as b\u00ean\u00e7\u00e3os do Senhor se manifestam.<br \/>\n<b>Envolvendo-se com o Corpo de Cristo. <\/b>A leitura b\u00edblica em classe, particularmente os vers\u00edculos 7,11,12,13 e 15, destaca o exemplo de familiares unidos pela causa do Evangelho. O apostolo Paulo muito se contentou com o esfor\u00e7o empregado em cada fam\u00edlia na causa do Reino de Deus.<br \/>\n<em id=\"__mceDel\"><em id=\"__mceDel\">Quando a fam\u00edlia sente-se alegre em ir \u00e0 igreja para adorar a Deus \u00e9 uma grande b\u00ean\u00e7\u00e3o (Sl 122.1).\u00a0<\/em><\/em><em id=\"__mceDel\"><em id=\"__mceDel\"><em id=\"__mceDel\">Ela participa ativamente do culto e n\u00e3o se porta como mera assistente. S\u00e3o momentos preciosos\u00a0<\/em><\/em><\/em><em id=\"__mceDel\"><em id=\"__mceDel\"><em id=\"__mceDel\"><em id=\"__mceDel\">que influenciar\u00e3o a fam\u00edlia por toda a vida.<br \/>\n<em id=\"__mceDel\"><b>Toda a fam\u00edlia na casa de Deus. <\/b>A igreja local e o espa\u00e7o religioso onde adoramos a Deus e\u00a0<\/em><\/em><\/em><\/em><\/em><em id=\"__mceDel\"><em id=\"__mceDel\">proclamamos o Evangelho. Nada pode impedir este ide\u00e1rio crist\u00e3o.\u00a0<\/em><\/em><em id=\"__mceDel\">Por isso, a fam\u00edlia chamada por Deus \u00e9 convocada a depositar o seu talento na causa do Evangelho. No ensino, na prega\u00e7\u00e3o, na m\u00fasica ou qualquer outra atividade que vise pregar o Evangelho e edificar a Igreja de Cristo, a fam\u00edlia crist\u00e3 deve estar l\u00e1. N\u00e3o deixe de ir aos cultos, a Escola Dominical e aos encontros da sua igreja. Esta rotina glorificar\u00e1 a Deus, e edificar\u00e1 voc\u00ea e a sua fam\u00edlia.<\/em><\/p>\n<p><b>CONCLUS\u00c3O<\/b><\/p>\n<p>Na li\u00e7\u00e3o desta semana vimos que a fam\u00edlia \u00e9 o elemento b\u00e1sico da igreja local. Esta, por sua\u00a0<em id=\"__mceDel\">vez, deve ser uma comunidade acolhedora de fam\u00edlias carentes. E a fam\u00edlia chamada por Deus,\u00a0<\/em><em id=\"__mceDel\"><em id=\"__mceDel\">tem o privil\u00e9gio de servir ao Alt\u00edssimo juntamente com outras fam\u00edlias numa igreja local. Aqui, somos ensinados, edificados e exortados a representar o Reino de Deus neste mundo moderno. Portanto, n\u00e3o perca tempo: envolva-se com a sua igreja local, pois esta precisa de voc\u00ea e toda\u00a0<\/em><\/em><em id=\"__mceDel\"><em id=\"__mceDel\"><em id=\"__mceDel\">a sua fam\u00edlia.<\/em><\/em><\/em><\/p>\n<p>&nbsp;<\/p>\n<p><b>Postado por: <\/b>Pb. Ademilson Braga<\/p>\n<p>&nbsp;<\/p>\n","protected":false},"excerpt":{"rendered":"<p>Li\u00e7\u00e3o &#8211; 52 \u00a0\u00a0\u00a0\/\u00a0\u00a0\u00a0 23 de Junho de 2013 TEXTO \u00c1UREO \u201cAlegrei-me quando me disseram: Vamos \u00e0 Casa do SENHOR!\u201d (Sl 122.1). VERDADE PR\u00c1TICA A igreja local \u00e9 o melhor lugar para as fam\u00edlias se reunirem e prestarem culto ao Senhor. LEITURA DI\u00c1RIA Segunda &#8211; Dt 6.2 A fam\u00edlia temendo ao Senhor Ter\u00e7a &#8211; Dt [&hellip;]<\/p>\n","protected":false},"author":2,"featured_media":2697,"comment_status":"open","ping_status":"open","sticky":false,"template":"","format":"standard","meta":{"footnotes":""},"categories":[949,10,7],"tags":[634],"class_list":["post-3749","post","type-post","status-publish","format-standard","has-post-thumbnail","hentry","category-cpad","category-artigos","category-e-b-d","tag-a-familia"],"_links":{"self":[{"href":"http:\/\/www.searadecristo.com.br\/portal\/wp-json\/wp\/v2\/posts\/3749","targetHints":{"allow":["GET"]}}],"collection":[{"href":"http:\/\/www.searadecristo.com.br\/portal\/wp-json\/wp\/v2\/posts"}],"about":[{"href":"http:\/\/www.searadecristo.com.br\/portal\/wp-json\/wp\/v2\/types\/post"}],"author":[{"embeddable":true,"href":"http:\/\/www.searadecristo.com.br\/portal\/wp-json\/wp\/v2\/users\/2"}],"replies":[{"embeddable":true,"href":"http:\/\/www.searadecristo.com.br\/portal\/wp-json\/wp\/v2\/comments?post=3749"}],"version-history":[{"count":1,"href":"http:\/\/www.searadecristo.com.br\/portal\/wp-json\/wp\/v2\/posts\/3749\/revisions"}],"predecessor-version":[{"id":6919,"href":"http:\/\/www.searadecristo.com.br\/portal\/wp-json\/wp\/v2\/posts\/3749\/revisions\/6919"}],"wp:featuredmedia":[{"embeddable":true,"href":"http:\/\/www.searadecristo.com.br\/portal\/wp-json\/wp\/v2\/media\/2697"}],"wp:attachment":[{"href":"http:\/\/www.searadecristo.com.br\/portal\/wp-json\/wp\/v2\/media?parent=3749"}],"wp:term":[{"taxonomy":"category","embeddable":true,"href":"http:\/\/www.searadecristo.com.br\/portal\/wp-json\/wp\/v2\/categories?post=3749"},{"taxonomy":"post_tag","embeddable":true,"href":"http:\/\/www.searadecristo.com.br\/portal\/wp-json\/wp\/v2\/tags?post=3749"}],"curies":[{"name":"wp","href":"https:\/\/api.w.org\/{rel}","templated":true}]}}