{"id":3210,"date":"2013-02-16T06:00:14","date_gmt":"2013-02-16T09:00:14","guid":{"rendered":"http:\/\/www.searadecristo.com.br\/portal\/?p=3210"},"modified":"2013-02-16T06:10:22","modified_gmt":"2013-02-16T09:10:22","slug":"os-agentes-da-evangelizacao","status":"publish","type":"post","link":"http:\/\/www.searadecristo.com.br\/portal\/os-agentes-da-evangelizacao\/","title":{"rendered":"Os agentes da evangeliza\u00e7\u00e3o"},"content":{"rendered":"<p><b style=\"font-size: 13px;line-height: 19px\">Texto: Mateus 9.35;10.13<\/b><\/p>\n<p>Mesmo ap\u00f3s a chamada Reforma Protestante, ocorrida h\u00e1 mais de cinco s\u00e9culos, a separa\u00e7\u00e3o entre clero e laicato perdura at\u00e9 os nossos dias. O movimento reformista do s\u00e9culo XVI foi essencialmente soteriol\u00f3gico (os meios de acesso \u00e0 salva\u00e7\u00e3o e ao relacionamento com Deus), mas trouxe poucos resultados em termos eclesiol\u00f3gicos e missiol\u00f3gicos (os relacionamentos entre os crist\u00e3os e destes com o mundo). Por esta raz\u00e3o, ainda faz parte da subcultura evang\u00e9lica a no\u00e7\u00e3o de que existe um caminho largo que conduz \u00e0 perdi\u00e7\u00e3o, um caminho mais ou menos que conduz \u00e0 vida crist\u00e3 normal, e um caminho estreito, pr\u00f3prio para pastores e mission\u00e1rios. Jesus desfaz esse mal entendido ao apresentar aos seus disc\u00edpulos tr\u00eas realidades que descrevem os agentes da evangeliza\u00e7\u00e3o. Vejamos:<\/p>\n<p>1. <b style=\"font-size: 13px;line-height: 19px\">O d\u00ednamo da evangeliza\u00e7\u00e3o \u00e9 a ora\u00e7\u00e3o (9.38)<\/b><\/p>\n<p>Rogar ao Senhor da seara \u00e9 uma tarefa de toda a igreja. A ora\u00e7\u00e3o tem sido vista como atividade de menor import\u00e2ncia, como por exemplo quando dizemos que n\u00e3o basta orar, ou desdenhamos dos que nos recomendam a ora\u00e7\u00e3o com um coment\u00e1rio do tipo, &#8220;mas s\u00f3 isso, s\u00f3 orar&#8221;. Deus age no mundo dos homens atrav\u00e9s das ora\u00e7\u00f5es dos homens. Todos os crist\u00e3os devem se comprometer a orar por oper\u00e1rios para a colheita. Nenhuma situa\u00e7\u00e3o \u00e9 mais disponibilizadora do que a ora\u00e7\u00e3o intercess\u00f3ria. Quem ora se compromete. E quem se compromete recebe delega\u00e7\u00e3o. Por esta raz\u00e3o, ningu\u00e9m \u00e9 mais ativo no reino de Deus do que o intercessor.<\/p>\n<p><b>2. Os agentes da evangeliza\u00e7\u00e3o s\u00e3o os disc\u00edpulos de Jesus (10.1) <\/b><\/p>\n<p>As chamadas ordenan\u00e7as, batismo nas \u00e1guas (Mateus 28.18-20) e ceia memorial (Mateus 26.20-29), foram entregues aos doze ap\u00f3stolos. Nesse caso, os doze ap\u00f3stolos representam ou a totalidade dos disc\u00edpulos de Jesus, ou uma igreja local, mas jamais uma casta especial de crist\u00e3os ou um segmento espec\u00edfico da Igreja. Assim, tamb\u00e9m \u00e9 com a Grande Comiss\u00e3o e a tarefa da evangeliza\u00e7\u00e3o mundial. Todos os disc\u00edpulos de Jesus foram comissionados no comissionamento dos doze ap\u00f3stolos.<\/p>\n<p><b>3. O segredo da evangeliza\u00e7\u00e3o est\u00e1 no poder e autoridade de Jesus (10.1) <\/b><\/p>\n<p>Jesus chamou a si os seus disc\u00edpulos e lhes deu poder e autoridade. Poder e autoridade s\u00e3o prerrogativas de disc\u00edpulos, e n\u00e3o de pastores, mission\u00e1rios, ap\u00f3stolos e bispos. Mais uma vez, todos os disc\u00edpulos, toda a Igreja de Jesus est\u00e1 convocada para a obra da evangeliza\u00e7\u00e3o. Todos os crist\u00e3os possuem os mesmos direitos, privil\u00e9gios e responsabilidades em Cristo.<\/p>\n<p><b style=\"font-size: 13px;line-height: 19px\">CONCLUS\u00c3O<\/b><\/p>\n<p>Alguns crist\u00e3os ficam esperando um chamado especial para o engajamento na obra mission\u00e1ria-evangel\u00edstica. Mas, se voc\u00ea \u00e9 um disc\u00edpulo de Jesus, ent\u00e3o j\u00e1 est\u00e1 comissionado desde o dia de sua convers\u00e3o. Assim como uma vela n\u00e3o espera queimar at\u00e9 a metade para iluminar seu ambiente, tamb\u00e9m um crist\u00e3o \u00e9 testemunha de Jesus desde o primeiro momento de sua comunh\u00e3o com o Esp\u00edrito Santo (Atos 1.8; Ef\u00e9sios 1.13,14; Romanos 8.9).<\/p>\n<p><b>\u00a0<\/b><\/p>\n<p align=\"right\"><b>\u00a0<\/b><\/p>\n<p align=\"right\"><b>Extra\u00eddo: <\/b>Revista Portas Abertas<\/p>\n<p><b>Postado por: <\/b>Pb. Ademilson Braga<\/p>\n<p><b>\u00a0<\/b><\/p>\n<p><b>\u00a0<\/b><\/p>\n<p><b>\u00a0<\/b><\/p>\n<p>&nbsp;<\/p>\n","protected":false},"excerpt":{"rendered":"<p>Texto: Mateus 9.35;10.13 Mesmo ap\u00f3s a chamada Reforma Protestante, ocorrida h\u00e1 mais de cinco s\u00e9culos, a separa\u00e7\u00e3o entre clero e laicato perdura at\u00e9 os nossos dias. O movimento reformista do s\u00e9culo XVI foi essencialmente soteriol\u00f3gico (os meios de acesso \u00e0 salva\u00e7\u00e3o e ao relacionamento com Deus), mas trouxe poucos resultados em termos eclesiol\u00f3gicos e missiol\u00f3gicos [&hellip;]<\/p>\n","protected":false},"author":2,"featured_media":3211,"comment_status":"open","ping_status":"open","sticky":false,"template":"","format":"standard","meta":{"footnotes":""},"categories":[10,9],"tags":[551],"class_list":["post-3210","post","type-post","status-publish","format-standard","has-post-thumbnail","hentry","category-artigos","category-celeiro-de-missoes","tag-os-agentes"],"_links":{"self":[{"href":"http:\/\/www.searadecristo.com.br\/portal\/wp-json\/wp\/v2\/posts\/3210","targetHints":{"allow":["GET"]}}],"collection":[{"href":"http:\/\/www.searadecristo.com.br\/portal\/wp-json\/wp\/v2\/posts"}],"about":[{"href":"http:\/\/www.searadecristo.com.br\/portal\/wp-json\/wp\/v2\/types\/post"}],"author":[{"embeddable":true,"href":"http:\/\/www.searadecristo.com.br\/portal\/wp-json\/wp\/v2\/users\/2"}],"replies":[{"embeddable":true,"href":"http:\/\/www.searadecristo.com.br\/portal\/wp-json\/wp\/v2\/comments?post=3210"}],"version-history":[{"count":0,"href":"http:\/\/www.searadecristo.com.br\/portal\/wp-json\/wp\/v2\/posts\/3210\/revisions"}],"wp:featuredmedia":[{"embeddable":true,"href":"http:\/\/www.searadecristo.com.br\/portal\/wp-json\/wp\/v2\/media\/3211"}],"wp:attachment":[{"href":"http:\/\/www.searadecristo.com.br\/portal\/wp-json\/wp\/v2\/media?parent=3210"}],"wp:term":[{"taxonomy":"category","embeddable":true,"href":"http:\/\/www.searadecristo.com.br\/portal\/wp-json\/wp\/v2\/categories?post=3210"},{"taxonomy":"post_tag","embeddable":true,"href":"http:\/\/www.searadecristo.com.br\/portal\/wp-json\/wp\/v2\/tags?post=3210"}],"curies":[{"name":"wp","href":"https:\/\/api.w.org\/{rel}","templated":true}]}}