{"id":11321,"date":"2026-03-15T16:26:28","date_gmt":"2026-03-15T19:26:28","guid":{"rendered":"https:\/\/www.searadecristo.com.br\/portal\/?p=11321"},"modified":"2026-03-15T16:26:28","modified_gmt":"2026-03-15T19:26:28","slug":"os-discipulos-de-cristo-e-o-espirito-santo","status":"publish","type":"post","link":"http:\/\/www.searadecristo.com.br\/portal\/os-discipulos-de-cristo-e-o-espirito-santo\/","title":{"rendered":"Os disc\u00edpulos de Cristo e o Esp\u00edrito Santo"},"content":{"rendered":"<p><strong><a href=\"http:\/\/www.searadecristo.com.br\/portal\/wp-content\/uploads\/2019\/07\/Logotipo-EBD-2.jpg\"><img loading=\"lazy\" decoding=\"async\" class=\"wp-image-6090 alignleft\" src=\"http:\/\/www.searadecristo.com.br\/portal\/wp-content\/uploads\/2019\/07\/Logotipo-EBD-2-298x300.jpg\" alt=\"\" width=\"141\" height=\"142\" srcset=\"http:\/\/www.searadecristo.com.br\/portal\/wp-content\/uploads\/2019\/07\/Logotipo-EBD-2-298x300.jpg 298w, http:\/\/www.searadecristo.com.br\/portal\/wp-content\/uploads\/2019\/07\/Logotipo-EBD-2-150x150.jpg 150w, http:\/\/www.searadecristo.com.br\/portal\/wp-content\/uploads\/2019\/07\/Logotipo-EBD-2.jpg 390w\" sizes=\"auto, (max-width: 141px) 100vw, 141px\" \/><\/a>EBD \u2013 <\/strong>Adultos &#8211; <strong>EDI\u00c7\u00c3O: 323 <\/strong>&#8211; 1\u00ba Trimestre &#8211; Ano: 2026 &#8211; Editora: BETEL<\/p>\n<p><strong>LI\u00c7\u00c3O \u2013 12 <\/strong>\u2013 22 de mar\u00e7o de 2026<\/p>\n<p><strong>TEXTO \u00c1UREO<\/strong><\/p>\n<p>&#8220;E n\u00e3o vos embriagueis com vinho, em que h\u00e1 contenda, mas enchei-vos do Esp\u00edrito&#8221;,\u00a0<strong>Ef\u00e9sios 5.18.<\/strong><\/p>\n<p><strong>VERDADE APLICADA<\/strong><\/p>\n<p>O Esp\u00edrito Santo capacita o disc\u00edpulo de Cristo para anunciar o Evangelho e viver de modo agrad\u00e1vel ao Senhor.<\/p>\n<p><strong>TEXTOS DE REFER\u00caNCIA<\/strong><\/p>\n<p>Atos 2<\/p>\n<ol>\n<li>E, cumprindo-se o dia de Pentecostes, estavam todos reunidos no mesmo lugar.<\/li>\n<li>E, de repente, veio do c\u00e9u um som, como de um vento veemente e impetuoso, e encheu toda a casa em que estavam assentados.<\/li>\n<li>E foram vistas por eles l\u00ednguas repartidas, como que de fogo, as quais pousaram sobre cada um deles.<\/li>\n<li>E todos foram cheios do Esp\u00edrito Santo e come\u00e7aram a falar em outras l\u00ednguas, conforme o Esp\u00edrito Santo lhes concedia que falassem.<\/li>\n<li>E em Jerusal\u00e9m estavam habitando judeus, var\u00f5es religiosos, de todas as na\u00e7\u00f5es que est\u00e3o debaixo do c\u00e9u.<\/li>\n<\/ol>\n<p><strong>LEITURAS COMPLEMENTARES<\/strong><\/p>\n<p><strong>Segunda-feira<\/strong> &#8211; Jl 2.28,29<br \/>\nA promessa da efus\u00e3o do Esp\u00edrito Santo.<br \/>\n<strong>Ter\u00e7a-feira<\/strong> &#8211;\u00a0At 1.8<br \/>\nA promessa do poder espiritual.<br \/>\n<strong>Quarta-feira<\/strong> &#8211;\u00a0At 2.1-4<br \/>\nA promessa de Joel se cumpre no NT.<br \/>\n<strong>Quinta-feira<\/strong> &#8211;\u00a0Jo 14.16<br \/>\nO Esp\u00edrito Santo \u00e9 o nosso Consolador.<br \/>\n<strong>Sexta-feira<\/strong> &#8211;\u00a0Rm 8.14<br \/>\nOs filhos de Deus s\u00e3o guiados pelo Esp\u00edrito.<br \/>\n<strong>S\u00e1bado<\/strong> &#8211;\u00a0Ef 5.18<br \/>\nCheios do Esp\u00edrito Santo.<\/p>\n<p><strong>INTRODU\u00c7\u00c3O<\/strong><\/p>\n<p>O Esp\u00edrito Santo estava presente tanto na Cria\u00e7\u00e3o (Gn 1.2) quanto ao longo da hist\u00f3ria do povo de Deus, desde o AT at\u00e9 os nossos dias. Ele opera o nov\u043e nascimento, produz o fruto no car\u00e1ter crist\u00e3o, capacita para o servi\u00e7o e ajuda na caminhada crist\u00e3 (Jo 3.6; Gl 5.22; At 1.8; Rm 8.26). Portanto, conv\u00e9m estar atentos \u00e0 exorta\u00e7\u00e3o: &#8220;N\u00e3o entriste\u00e7ais o Esp\u00edrito Santo de Deus&#8221; (Ef 4.30).<\/p>\n<p><strong>I \u2013 A\u00a0A\u00c7\u00c3O DO ESP\u00cdRITO SANTO.<\/strong><\/p>\n<p>O Esp\u00edrito Santo nos inspira a proclamar a Palavra de Deus (II Pe 1.21). No AT, Ele fazia com que os profetas pronunciassem unicamente o que Deus queria que falassem (Am 3.7; 7.14,15). Como disc\u00edpulos de Cristo, devemos ser cheios do Esp\u00edrito Santo, assim como os profetas do passado, capacitados para fazer a Sua Obra. Precisamos de Sua presen\u00e7a e de Seu poder para pregar o Evangelho e servir a Deus com fervor.<\/p>\n<p><strong>1. O batismo com o Esp\u00edrito Santo.<\/strong>\u00a0Al\u00e9m da a\u00e7\u00e3o do Esp\u00edrito desde a Cria\u00e7\u00e3o, tamb\u00e9m as profecias apontavam\u00a0para um derramamento do Esp\u00edrito Santo sobre a terra, como podemos atestar no Livro do Profeta Joel (Jl 2.28,29). A promessa do batismo com o Esp\u00edrito Santo \u00e9 para toda a Igreja, para os crist\u00e3os de todos os\u00a0cantos do mundo (At 2.16- 21). Conforme a Palavra de Deus, receber o batismo com o Esp\u00edrito Santo \u00e9 uma experi\u00eancia distinta da Salva\u00e7\u00e3o. Portanto, todo crente batizado com o Esp\u00edrito Santo \u00e9 salvo, mas nem todo salvo \u00e9 batizado com o Esp\u00edrito Santo.<br \/>\n<strong>2. A promessa \u00e9 confirmada nos Evangelhos.<\/strong>\u00a0Antes de Jesus falar sobre o derramamento do Esp\u00edrito, Jo\u00e3o Batista j\u00e1 havia dito que batizava com \u00e1gua, mas viria um mais poderoso ap\u00f3s ele que os &#8220;batizaria com o Esp\u00edrito Santo e com fogo&#8221; (Lc 3.16). Mais tarde, Jesus ordenou aos disc\u00edpulos que ficassem em Jerusal\u00e9m at\u00e9 que do Alto fossem revestidos de poder (Lc 24.49). \u0415, antes de ser levado aos C\u00e9us, disse que receberiam a virtude do Esp\u00edrito Santo para que fossem Suas testemunhas em Jerusal\u00e9m, em toda a Judeia e em Samaria, e at\u00e9 os confins da terra (At 1.8).<br \/>\n<strong>3. A promessa se cumpre no Pentecostes. <\/strong>O cumprimento da promessa sobre a descida do Esp\u00edrito Santo, como prenunciada pelo Profeta Joel, ocorreu no Dia de Pentecostes e causou profunda transforma\u00e7\u00e3o nos disc\u00edpulos de Cristo. O medo deu lugar a uma coragem ousada (At 2.14-47). Sabedor de que os disc\u00edpulos precisariam desse revestimento ap\u00f3s Sua ascens\u00e3o aos C\u00e9us, Jesus ordenou a eles que n\u00e3o sa\u00edssem de Jerusal\u00e9m at\u00e9 que fossem revestidos de poder, pois o outro consolador seria enviado, os encheria e capacitaria para a Obra de expans\u00e3o do Evangelho (Lc 24.49).<\/p>\n<p><strong>II \u2013 REVESTIDOS DE PODER<\/strong><\/p>\n<p>O revestimento de poder mediante o batismo com o Esp\u00edrito Santo \u00e9 uma promessa para todos os que nasceram de novo, tornando-se filhos de Deus. No Livro de Atos dos Ap\u00f3stolos, vemos que o povo de Deus foi repetidamente cheio do Esp\u00edrito Santo (At 2.4; 4.8,31; 6.5; 7.55; 9.17; 13.9,52).<\/p>\n<p><strong>1. O revestimento do Esp\u00edrito Santo.<\/strong>\u00a0O revestimento do Esp\u00edrito Santo faz a diferen\u00e7a na vida dos disc\u00edpulos que creem, desejam esse revestimento e reconhecem que dele precisam (Jo 7.37-39). Antes do Pentecostes, os disc\u00edpulos se reuniam com medo, a portas fechadas. Contudo, ap\u00f3s o revestimento do Esp\u00edrito Santo, eles passaram a agir com ousadia, mesmo diante de amea\u00e7as (At 2.14). O revestimento de poder concedeu-lhes ousadia e perseveran\u00e7a no an\u00fancio do Evangelho\u00a0n\u00e3o somente no Dia de Pentecostes, mas tamb\u00e9m quando a persegui\u00e7\u00e3o e a amea\u00e7a se intensificaram (At 2.14; 3.11,12; 4.8-13; 4.29,31; 8.4).<br \/>\n<strong>2. O Esp\u00edrito Santo e o servi\u00e7o.<\/strong>\u00a0\u041e poder do Esp\u00edrito Santo \u00e9 essencial para a vida crist\u00e3 (Lc 24.49). Zacarias, filho do sacerdote, recebeu poder do Esp\u00edrito do Senhor para comunicar a mensagem de Deus, mesmo em risco de perder a vida (II Cr 24.20). Ainda hoje, os disc\u00edpulos de Cristo, pelo poder do Esp\u00edrito Santo, s\u00e3o habilitados a testemunhar sobre as verdades sagradas. O Esp\u00edrito Santo nos d\u00e1 poder e nos unge para servir ao Reino e anunciar as Boas-Novas da Salva\u00e7\u00e3o (Lc 4.18), pois Deus n\u00e3o nos deu esp\u00edrito de covardia (II Tm 1.7).<br \/>\n<strong>3. O revestimento de poder do Alto.<\/strong>\u00a0O revestimento de poder que veio do Alto chamou a aten\u00e7\u00e3o da multid\u00e3o na Festa de Pentecostes, em Jerusal\u00e9m (At 2.7). O povo ficou confuso ao ver aquela manifesta\u00e7\u00e3o entre os disc\u00edpulos (At 2.6). Revestido de poder, Pedro levantou a voz e come\u00e7ou a explicar que se tratava do cumprimento da promessa de Deus de derramar o Seu Esp\u00edrito Santo (At 2.16-20). O Ap\u00f3stolo anunciou Jesus, o Salvador, e quase tr\u00eas mil almas se convertem a Cristo (At 2.41).<\/p>\n<p><strong>III \u2013<\/strong> <strong>CHEIOS DO ESP\u00cdRITO SANTO<\/strong><\/p>\n<p>A experi\u00eancia do batismo com o Esp\u00edrito Santo n\u00e3o isenta o disc\u00edpulo de Cristo de buscar uma constante renova\u00e7\u00e3o. Paulo escreveu aos ef\u00e9sios: &#8220;enchei-vos do Esp\u00edrito&#8221;, Ef 5.18. Assim, o crist\u00e3o n\u00e3o entra no &#8220;modo autom\u00e1tico&#8221; ap\u00f3s ser revestido de poder, mas precisa continuar cultivando uma vida de ora\u00e7\u00e3o e vigil\u00e2ncia, consciente de que depende do poder e da dire\u00e7\u00e3o do Esp\u00edrito no cumprimento da miss\u00e3o e no enfrentamento dos muitos desafios.<\/p>\n<p><strong>1. Pedro e Jo\u00e3o foram cheios do Esp\u00edrito.<\/strong><\/p>\n<p>Pedro, Jo\u00e3o e Tiago eram considerados como colunas na Igreja Primitiva (Gl 2.9). Esse reconhecimento n\u00e3o tornou orgulhosos; pelo contr\u00e1rio, eles mantinham uma vida de comunh\u00e3o constante com Deus e se enchiam do Esp\u00edrito pela ora\u00e7\u00e3o (At 3.1), continuando, assim, a proclamar a Palavra de Deus com coragem (At 4.31). Cheios de poder, Pedro e Jo\u00e3o se deslocaram de Jerusal\u00e9m at\u00e9 Samaria, onde impuseram as m\u00e3os, e os samaritanos receberam o Esp\u00edrito Santo (At 8.17). Isso fez com que Sim\u00e3o, o m\u00e1gico, lhes oferecesse dinheiro para ter aquele mesmo poder, proposta que foi duramente advertida pelos disc\u00edpulos (At 8.18-24).<br \/>\n<strong>2. Barnab\u00e9, um homem cheio do Esp\u00edrito Santo.<\/strong>\u00a0As a\u00e7\u00f5es de Barnab\u00e9 foram cruciais para a Igreja Primitiva. Em Atos 11.24, Ele \u00e9 citado como um homem bom, cheio do Esp\u00edrito Santo e de f\u00e9. Por seu interm\u00e9dio, muitos se converteram ao Senhor. As refer\u00eancias a Barnab\u00e9 revelam que, al\u00e9m de ser um homem bom, ele era tamb\u00e9m um homem obediente ao Esp\u00edrito (At 13.1-4). Mediante esse discernimento, ele provou estar preparado para arriscar a pr\u00f3pria reputa\u00e7\u00e3o para mostrar que Paulo havia se convertido de fato e, assim, convencer os outros de que aquele antigo inimigo era, agora, um disc\u00edpulo de Jesus (At 9.26-28).<br \/>\n<strong>3. Paulo caminhava pelo Esp\u00edrito.<\/strong>\u00a0Paulo foi um grande mission\u00e1rio, que escreveu treze cartas e pregou o Evangelho em v\u00e1rias regi\u00f5es. Sua trajet\u00f3ria nos faz ver que ele n\u00e3o andava pela carne, mas pelo Esp\u00edrito Santo (Gl 5.16), a quem obedecia (At 16.6; 20.22-24). Vemos o registro b\u00edblico da a\u00e7\u00e3o do Esp\u00edrito Santo na vida de Paulo desde Atos 9.17, quando do relato de sua convers\u00e3o. Tal foi o impulso e a capacita\u00e7\u00e3o do Esp\u00edrito que, logo ap\u00f3s alguns dias em Damasco, Paulo j\u00e1 estava pregando nas sinagogas que Jesus era o Filho de Deus (At 9.20). O Esp\u00edrito Santo enviou Paulo \u00e0 obra mission\u00e1ria e o guiou aos locais que deveriam ser evangelizados (At 13.4; 16.6-7). Nas ep\u00edstolas paulinas, vemos a \u00eanfase na relev\u00e2ncia do Esp\u00edrito Santo na Igreja e Sua a\u00e7\u00e3o na vida pessoal dos disc\u00edpulos de Cristo (I Co 12.3-11; Gl 5.16; Ef 5.18; 1Ts 5.19).<\/p>\n<p><strong>CONCLUS\u00c3O<\/strong><\/p>\n<p>\u00c9 necess\u00e1rio permitir que o Esp\u00edrito Santo nos encha diariamente (Ef 5.18) para n\u00e3o sermos envolvidos pela frieza ou indiferen\u00e7a espiritual. Que possamos ser guiados, usados, dirigidos, santificados e capacitados pelo Esp\u00edrito Santo em todas as \u00e1reas da nossa vida, para a Gl\u00f3ria de Deus.<\/p>\n<p>&nbsp;<\/p>\n<p>&nbsp;<\/p>\n<p>&nbsp;<\/p>\n<p><strong>Postado por: <\/strong>Pr. Ademilson Braga<\/p>\n<p style=\"text-align: right;\"><strong>Fonte:<\/strong> Editora Betel<\/p>\n<p>&nbsp;<\/p>\n<p>&nbsp;<\/p>\n<p>&nbsp;<\/p>\n<p>&nbsp;<\/p>\n<p>&nbsp;<\/p>\n<p>&nbsp;<\/p>\n<p>&nbsp;<\/p>\n<p>&nbsp;<\/p>\n<p>&nbsp;<\/p>\n","protected":false},"excerpt":{"rendered":"<p>EBD \u2013 Adultos &#8211; EDI\u00c7\u00c3O: 323 &#8211; 1\u00ba Trimestre &#8211; Ano: 2026 &#8211; Editora: BETEL LI\u00c7\u00c3O \u2013 12 \u2013 22 de mar\u00e7o de 2026 TEXTO \u00c1UREO &#8220;E n\u00e3o vos embriagueis com vinho, em que h\u00e1 contenda, mas enchei-vos do Esp\u00edrito&#8221;,\u00a0Ef\u00e9sios 5.18. VERDADE APLICADA O Esp\u00edrito Santo capacita o disc\u00edpulo de Cristo para anunciar o Evangelho [&hellip;]<\/p>\n","protected":false},"author":2,"featured_media":0,"comment_status":"open","ping_status":"open","sticky":false,"template":"","format":"standard","meta":{"footnotes":""},"categories":[950,7],"tags":[1338],"class_list":["post-11321","post","type-post","status-publish","format-standard","hentry","category-editora-betel","category-e-b-d","tag-discipulos"],"_links":{"self":[{"href":"http:\/\/www.searadecristo.com.br\/portal\/wp-json\/wp\/v2\/posts\/11321","targetHints":{"allow":["GET"]}}],"collection":[{"href":"http:\/\/www.searadecristo.com.br\/portal\/wp-json\/wp\/v2\/posts"}],"about":[{"href":"http:\/\/www.searadecristo.com.br\/portal\/wp-json\/wp\/v2\/types\/post"}],"author":[{"embeddable":true,"href":"http:\/\/www.searadecristo.com.br\/portal\/wp-json\/wp\/v2\/users\/2"}],"replies":[{"embeddable":true,"href":"http:\/\/www.searadecristo.com.br\/portal\/wp-json\/wp\/v2\/comments?post=11321"}],"version-history":[{"count":1,"href":"http:\/\/www.searadecristo.com.br\/portal\/wp-json\/wp\/v2\/posts\/11321\/revisions"}],"predecessor-version":[{"id":11322,"href":"http:\/\/www.searadecristo.com.br\/portal\/wp-json\/wp\/v2\/posts\/11321\/revisions\/11322"}],"wp:attachment":[{"href":"http:\/\/www.searadecristo.com.br\/portal\/wp-json\/wp\/v2\/media?parent=11321"}],"wp:term":[{"taxonomy":"category","embeddable":true,"href":"http:\/\/www.searadecristo.com.br\/portal\/wp-json\/wp\/v2\/categories?post=11321"},{"taxonomy":"post_tag","embeddable":true,"href":"http:\/\/www.searadecristo.com.br\/portal\/wp-json\/wp\/v2\/tags?post=11321"}],"curies":[{"name":"wp","href":"https:\/\/api.w.org\/{rel}","templated":true}]}}