{"id":11307,"date":"2026-03-16T06:05:45","date_gmt":"2026-03-16T09:05:45","guid":{"rendered":"https:\/\/www.searadecristo.com.br\/portal\/?p=11307"},"modified":"2026-03-03T16:19:56","modified_gmt":"2026-03-03T19:19:56","slug":"o-filho-e-o-espirito","status":"publish","type":"post","link":"http:\/\/www.searadecristo.com.br\/portal\/o-filho-e-o-espirito\/","title":{"rendered":"O Filho e o Esp\u00edrito"},"content":{"rendered":"<p><strong><a href=\"http:\/\/www.searadecristo.com.br\/portal\/wp-content\/uploads\/2019\/07\/Logotipo-EBD-2.jpg\"><img loading=\"lazy\" decoding=\"async\" class=\"wp-image-6090 alignleft\" src=\"http:\/\/www.searadecristo.com.br\/portal\/wp-content\/uploads\/2019\/07\/Logotipo-EBD-2-298x300.jpg\" alt=\"\" width=\"143\" height=\"144\" srcset=\"http:\/\/www.searadecristo.com.br\/portal\/wp-content\/uploads\/2019\/07\/Logotipo-EBD-2-298x300.jpg 298w, http:\/\/www.searadecristo.com.br\/portal\/wp-content\/uploads\/2019\/07\/Logotipo-EBD-2-150x150.jpg 150w, http:\/\/www.searadecristo.com.br\/portal\/wp-content\/uploads\/2019\/07\/Logotipo-EBD-2.jpg 390w\" sizes=\"auto, (max-width: 143px) 100vw, 143px\" \/><\/a>EBD \u2013 <\/strong>Adultos &#8211; <strong>EDI\u00c7\u00c3O: 727<\/strong> &#8211; 1\u00ba Trimestre &#8211; Ano: 2026 &#8211; Editora: CPAD<\/p>\n<p><strong>LI\u00c7\u00c3O &#8211; 12<\/strong> \u2013 22 de mar\u00e7o de 2026<\/p>\n<p><strong>TEXTO \u00c1UREO<\/strong><\/p>\n<p>\u201cE, respondendo o anjo, disse-lhe: Descer\u00e1 sobre ti o Esp\u00edrito Santo, e a virtude do Alt\u00edssimo te cobrir\u00e1 com a sua sombra; pelo que tamb\u00e9m o Santo, que de ti h\u00e1 de nascer, ser\u00e1 chamado Filho de Deus.\u201d\u00a0<strong>(Lc 1.35)<\/strong>.<\/p>\n<p><strong>VERDADE PR\u00c1TICA<\/strong><\/p>\n<p>O Filho de Deus cumpriu seu minist\u00e9rio em plena depend\u00eancia do Esp\u00edrito, revelando que a Obra redentora \u00e9 trinit\u00e1ria: o Pai envia, o Filho obedece e o Esp\u00edrito capacita.<\/p>\n<p><strong>LEITURA DI\u00c1RIA<\/strong><\/p>\n<p><strong>Segunda-feira &#8211; <\/strong>Lc 1.35<br \/>\nA concep\u00e7\u00e3o de Jesus foi obra sobrenatural do Esp\u00edrito<br \/>\n<strong>Ter\u00e7a<\/strong><strong>-feira<\/strong><strong> &#8211; <\/strong>Jo 1.14<br \/>\nO Filho Eterno se encarnou em perfeita submiss\u00e3o ao plano trinit\u00e1rio<br \/>\n<strong>Quarta<\/strong><strong>-feira<\/strong><strong> &#8211; <\/strong>Jo 16.14<br \/>\nO Esp\u00edrito n\u00e3o busca gl\u00f3ria pr\u00f3pria, mas revela e exalta o Filho<br \/>\n<strong>Quinta<\/strong><strong>-feira<\/strong><strong> &#8211; <\/strong>Mt 12.28<br \/>\nOs milagres de Jesus foram realizados no poder do Esp\u00edrito<br \/>\n<strong>Sexta<\/strong><strong>-feira<\/strong><strong> &#8211; <\/strong>At 10.38<br \/>\nO Esp\u00edrito capacitou Jesus em toda a sua miss\u00e3o terrena<br \/>\n<strong>S\u00e1bado &#8211; <\/strong>Lc 1.38<br \/>\nMaria \u00e9 modelo de f\u00e9 e submiss\u00e3o \u00e0 vontade de Deus<\/p>\n<p><strong>LEITURA B\u00cdBLICA<\/strong><\/p>\n<p>Lucas 1<\/p>\n<p>26 \u2014\u00a0E, no sexto m\u00eas, foi o anjo Gabriel enviado por Deus a uma cidade da Galileia, chamada Nazar\u00e9,<br \/>\n27 \u2014\u00a0a uma virgem desposada com um var\u00e3o cujo nome era Jos\u00e9, da casa de Davi; e o nome da virgem era Maria.<br \/>\n28 \u2014\u00a0E, entrando o anjo onde ela estava, disse: Salve, agraciada; o Senhor \u00e9 contigo; bendita \u00e9s tu entre as mulheres.<br \/>\n29 \u2014\u00a0E, vendo-o ela, turbou-se muito com aquelas palavras e considerava que sauda\u00e7\u00e3o seria esta.<br \/>\n30 \u2014\u00a0Disse-lhe, ent\u00e3o, o anjo: Maria, n\u00e3o temas, porque achaste gra\u00e7a diante de Deus,<br \/>\n31 \u2014\u00a0E eis que em teu ventre conceber\u00e1s, e dar\u00e1s \u00e0 luz um filho, e p\u00f4r-lhe-\u00e1s o nome de Jesus.<br \/>\n32 \u2014\u00a0Este ser\u00e1 grande e ser\u00e1 chamado Filho do Alt\u00edssimo; e o Senhor Deus lhe dar\u00e1 o trono de Davi, seu pai,<br \/>\n33 \u2014\u00a0e reinar\u00e1 eternamente na casa de Jac\u00f3, e o seu Reino n\u00e3o ter\u00e1 fim.<br \/>\n34 \u2014\u00a0E disse Maria ao anjo: Como se far\u00e1 isso, visto que n\u00e3o conhe\u00e7o var\u00e3o?<br \/>\n35 \u2014\u00a0E, respondendo o anjo, disse-lhe: Descer\u00e1 sobre ti o Esp\u00edrito Santo, e a virtude do Alt\u00edssimo te cobrir\u00e1 com a sua sombra; pelo que tamb\u00e9m o Santo, que de ti h\u00e1 de nascer, ser\u00e1 chamado Filho de Deus.<br \/>\n36 \u2014\u00a0E eis que tamb\u00e9m Isabel, tua prima, concebeu um filho em sua velhice; e \u00e9 este o sexto m\u00eas para aquela que era chamada est\u00e9ril.<br \/>\n37 \u2014\u00a0Porque para Deus nada \u00e9 imposs\u00edvel.<br \/>\n38 \u2014\u00a0Disse, ent\u00e3o, Maria: Eis aqui a serva do Senhor; cumpra-se em mim segundo a tua palavra. E o anjo ausentou-se dela.<\/p>\n<p><strong>INTRODU\u00c7\u00c3O<\/strong><\/p>\n<p>O plano da salva\u00e7\u00e3o \u00e9 uma a\u00e7\u00e3o coordenada pela Sant\u00edssima Trindade. Desde a concep\u00e7\u00e3o do Filho, sua obra redentora no Calv\u00e1rio e a ressurrei\u00e7\u00e3o dentre os mortos, o Pai, o Filho e o Esp\u00edrito atuam em perfeita unidade. Essa li\u00e7\u00e3o revela como o Esp\u00edrito Santo participa ativamente da encarna\u00e7\u00e3o, capacita\u00e7\u00e3o e exalta\u00e7\u00e3o do Filho, e mostra a resposta esperada do crente \u00e0 obra de Reden\u00e7\u00e3o.<\/p>\n<p><strong>I \u2013 <\/strong><strong>O ESP\u00cdRITO E A CONCEP\u00c7\u00c3O DO FILHO<\/strong><\/p>\n<ol>\n<li><strong> O an\u00fancio do nascimento de Jesus. <\/strong>Lucas registra que o anjo Gabriel foi enviado por Deus \u00e0 cidade de Nazar\u00e9, na Galileia (Lc 1.26). O mensageiro visita uma jovem chamada Maria (Lc 1.27) e lhe faz uma revela\u00e7\u00e3o surpreendente: \u201cE eis que em teu ventre conceber\u00e1s, e dar\u00e1s \u00e0 luz um filho\u201d (Lc 1.31a). E, ainda, lhe diz o nome da crian\u00e7a: \u201cp\u00f4r-lhe-\u00e1s o nome de Jesus\u201d (Lc 1.31b). Gabriel, tamb\u00e9m declara que o menino \u201cser\u00e1 chamado Filho do Alt\u00edssimo\u201d (Lc 1.32). Maria demonstra perplexidade, n\u00e3o entende como isso poderia acontecer, uma vez que era virgem (Lc 1.34). A esse respeito o anjo lhe assegura: \u201cpara Deus nada \u00e9 imposs\u00edvel\u201d (Lc 1.37). Na sequ\u00eancia, o texto afirma que ela creu e, na mais completa confian\u00e7a e submiss\u00e3o declarou: \u201cEis aqui a serva do Senhor; cumpra-se em mim segundo a tua palavra\u201d (Lc 1.38).<\/li>\n<li><strong> O Esp\u00edrito como agente da concep\u00e7\u00e3o. <\/strong>A explica\u00e7\u00e3o que o anjo faz a Maria, de como seria a concep\u00e7\u00e3o, \u00e9 singular e miraculosa: \u201cdescer\u00e1 sobre ti o Esp\u00edrito Santo\u201d (Lc 1.35a). A resposta \u00e9 expressa por meio de uma figura de linguagem, em que a segunda linha repete a ideia da primeira. Assim, o \u201cEsp\u00edrito Santo\u201d est\u00e1 vinculado \u00e0 \u201cvirtude do Alt\u00edssimo te cobrir\u00e1 com a sua sombra\u201d (Lc 1.35b). Como j\u00e1 estudado, a sombra refere-se \u00e0 presen\u00e7a de Deus (\u00cax 40.35), reporta-se \u00e0 nuvem da presen\u00e7a divina na transfigura\u00e7\u00e3o (Lc 9.34), e sinaliza o poder criativo do Esp\u00edrito de Deus (Gn 1.2; Sl 104.30). Logo, reitera-se que a sombra do Esp\u00edrito \u00e9 protetiva e criadora. Desse modo, elucida o anjo, a concep\u00e7\u00e3o ser\u00e1 obra do Esp\u00edrito Santo pelo poder do Alt\u00edssimo, e por isso, \u201cser\u00e1 chamado Filho de Deus\u201d (Lc 1.35d).<\/li>\n<li><strong>A pureza e a santidade do Filho.<\/strong>\u00a0O anjo afirma que o Filho que nasceria de Maria seria \u201cSanto\u201d (Lc 1.35c). A palavra \u201csanto\u201d (gr.\u00a0<em>h\u00e1gios)<\/em> indica separa\u00e7\u00e3o do pecado e consagra\u00e7\u00e3o ao servi\u00e7o divino. No caso de Jesus, designa um atributo divino (Sl 99.9). Ele j\u00e1 nasceu santo, assumiu a carne, mas n\u00e3o o pecado (Hb 4.15). Ele \u00e9 o segundo Ad\u00e3o, obediente e justo (Rm 5.19). O Esp\u00edrito tamb\u00e9m O consagrou para ser o Cordeiro sem defeito e imaculado (I Pe 1.19). A santidade do Filho \u00e9 a base de nossa reden\u00e7\u00e3o, justifica\u00e7\u00e3o e santifica\u00e7\u00e3o. Somente Ele foi capaz de cumprir a Lei (Mt 5.17); e de oferecer-se como sacrif\u00edcio perfeito (Hb 10.10). Assim como Jesus foi concebido pelo Esp\u00edrito, os crentes tamb\u00e9m nascem espiritualmente pelo mesmo Esp\u00edrito, que nos santifica \u00e0 imagem do Filho (Rm 8.29).<\/li>\n<\/ol>\n<p><strong>II \u2013 <\/strong><strong>O FILHO E A SUA RELA\u00c7\u00c3O COM O ESP\u00cdRITO<\/strong><\/p>\n<ol>\n<li><strong> O Filho \u00e9 o Verbo feito carne. <\/strong>Ao assegurar que o Verbo se fez carne, a Escritura revela o mist\u00e9rio do Filho (Jo 1.14). Por\u00e9m, o Verbo n\u00e3o come\u00e7ou a existir em Maria, pois Ele \u00e9 Eterno, anterior \u00e0 cria\u00e7\u00e3o, coigual com o Pai e o Esp\u00edrito (Jo 1.1-3). Isso indica que, na plenitude dos tempos, o Verbo assumiu a natureza humana sem deixar de ser Deus (Gl 4.4). Ele submeteu-se, voluntariamente \u00e0s limita\u00e7\u00f5es humanas, mas manteve a sua ess\u00eancia divina. Enquanto homem, Jesus n\u00e3o usou plenamente seus atributos divinos, exceto quando o Pai o permitia pelo Esp\u00edrito (Lc 4.18,19; Jo 5.19; At 10.38). Dessa forma, a obra foi operada pelo Esp\u00edrito Santo (Mt 1.20; Lc 1.35), demonstrando a perfeita harmonia entre o Filho e o Esp\u00edrito na execu\u00e7\u00e3o do plano redentor do Pai.<\/li>\n<li><strong> O Esp\u00edrito capacita o Filho. <\/strong>Embora sendo Deus, em seu minist\u00e9rio terreno, Jesus agia como homem cheio do Esp\u00edrito. Cada palavra proferida (Jo 3.34), cada milagre realizado (Lc 5.17), cada dem\u00f4nio expulso (Lc 11.20) e cada perd\u00e3o ministrado (Lc 5.24) eram o resultado de uma vida conduzida pelo Esp\u00edrito Santo (Mt 12.28). Sua a\u00e7\u00e3o salvadora era guiada e sustentada pelo Esp\u00edrito (Lc 4.18). Ele n\u00e3o veio com ostenta\u00e7\u00e3o, mas em humildade, movido por compaix\u00e3o divina (Fp 2.5-7). O Esp\u00edrito lhe capacitava com sabedoria, intelig\u00eancia, poder e dire\u00e7\u00e3o (Is 11.2). Esse padr\u00e3o mostra que at\u00e9 mesmo o Verbo encarnado escolheu depender do Esp\u00edrito de Deus (Mt 4.1). \u00c9 tamb\u00e9m um modelo para todo o verdadeiro crist\u00e3o. Toda obra espiritual deve ser realizada no poder e na dire\u00e7\u00e3o do Esp\u00edrito (At 1.8).<\/li>\n<li><strong>O Filho e o poder do Esp\u00edrito.<\/strong> Como observado, o minist\u00e9rio de Jesus foi marcado pela depend\u00eancia do Esp\u00edrito. Isso n\u00e3o nega sua divindade, mas exalta sua humildade na encarna\u00e7\u00e3o. Seu batismo foi confirmado pelo Esp\u00edrito e pela voz do Pai, como manifesta\u00e7\u00e3o da Trindade (Lc 3.22). No deserto, pelo Esp\u00edrito, venceu a tenta\u00e7\u00e3o como o novo Ad\u00e3o (Mt 4.1; I Co 15.45). A un\u00e7\u00e3o do Esp\u00edrito sustentou seu minist\u00e9rio (Mt 12.18-21). Seus milagres operados em comunh\u00e3o com o Esp\u00edrito revelaram o Reino de Deus (Mt 12.28). Em sua humanidade, submeteu-se ao Pai e agiu no poder do Esp\u00edrito (Jo 6.38). A entrega na cruz e a vit\u00f3ria sobre a morte foram realizadas em coopera\u00e7\u00e3o com o Esp\u00edrito (Rm 8.11; Hb 9.14). Assim, mesmo sendo Deus, viveu em plena obedi\u00eancia ao Pai e capacitado pelo Esp\u00edrito.<\/li>\n<\/ol>\n<p><strong>III \u2013 <\/strong><strong>A TRINDADE E A MISS\u00c3O REDENTORA<\/strong><\/p>\n<ol>\n<li><strong> O Pai envia o Filho e o Esp\u00edrito. <\/strong>A salva\u00e7\u00e3o \u00e9 iniciativa do Pai. Ele \u00e9 a fonte de todo prop\u00f3sito redentor (Jo 3.16). O Pai envia o Filho ao mundo, n\u00e3o apenas como mensageiro, mas como oferta viva (Gl 4.4,5). O Filho, o Verbo Eterno, assume a carne para cumprir perfeitamente a Lei e tomar sobre Si a condena\u00e7\u00e3o do pecado (II Co 5.21). O Esp\u00edrito, por sua vez, n\u00e3o \u00e9 agente passivo, mas ativo desde o princ\u00edpio: Ele concebe o Filho no ventre de Maria (Lc 1.35), acompanha-O em cada passo do seu minist\u00e9rio (At 10.38), e aplica os m\u00e9ritos da reden\u00e7\u00e3o nos cora\u00e7\u00f5es dos crentes (I Co 2.10). Essa coopera\u00e7\u00e3o revela a atua\u00e7\u00e3o da Trindade no plano da salva\u00e7\u00e3o: o Pai decreta, o Filho executa e o Esp\u00edrito aplica (I Pe 1.2). A reden\u00e7\u00e3o \u00e9, portanto, uma express\u00e3o do amor trinit\u00e1rio em miss\u00e3o (I Jo 4.9).<\/li>\n<li><strong> O Esp\u00edrito revela e exalta o Filho. <\/strong>Jo\u00e3o explica que a miss\u00e3o do Esp\u00edrito n\u00e3o \u00e9 atrair aten\u00e7\u00e3o para si, mas revelar e exaltar o Filho. Jesus Cristo afirmou: \u201cEle me glorificar\u00e1, porque h\u00e1 de receber do que \u00e9 meu e vo-lo h\u00e1 de anunciar\u201d (Jo 16.14). Esclarece-se que o Esp\u00edrito n\u00e3o busca gl\u00f3ria pr\u00f3pria, mas d\u00e1 testemunho do Filho (Jo 15.26). A dire\u00e7\u00e3o do Esp\u00edrito est\u00e1, portanto, ligada principalmente \u00e0 revela\u00e7\u00e3o do mist\u00e9rio da salva\u00e7\u00e3o, do Cristo crucificado e ressuscitado, que um dia voltar\u00e1 para buscar sua Igreja (I Co 2.10). Assim, toda obra genu\u00edna do Esp\u00edrito \u00e9 profundamente cristoc\u00eantrica. Portanto, como Igreja, devemos discernir as manifesta\u00e7\u00f5es espirituais \u00e0 luz da B\u00edblia (I Jo 4.1,2). Tudo o que n\u00e3o aponta para Cristo n\u00e3o procede do Esp\u00edrito. Cristo \u00e9 o centro da obra do Esp\u00edrito (Jo 16.13).<\/li>\n<li><strong>A f\u00e9 e a submiss\u00e3o do crente.<\/strong> O plano da reden\u00e7\u00e3o, embora concebido e executado pela Trindade, requer uma resposta humana (Ef 2.8). N\u00e3o somos agentes da reden\u00e7\u00e3o, mas somos seus recipientes e participantes (II Co 5.18). Maria, ao ouvir a mensagem do anjo sobre a concep\u00e7\u00e3o milagrosa, mesmo sem entender plenamente, submeteu-se com f\u00e9 (Lc 1.38). Sua resposta \u00e9 um exemplo profundo da postura que todo crente deve assumir diante da obra trinit\u00e1ria, isto \u00e9, confiar com humildade e entrega total (Sl 37.5). Assim como o Filho se submeteu ao Pai e foi ungido pelo Esp\u00edrito, tamb\u00e9m o crente \u00e9 chamado a se colocar nas m\u00e3os de Deus, crendo que Ele \u00e9 poderoso para fazer o imposs\u00edvel (Lc 1.37). A resposta que Ele espera de n\u00f3s \u00e9 f\u00e9 (Hb 11.6), arrependimento (At 17.30) e obedi\u00eancia (Tg 1.22).<\/li>\n<\/ol>\n<p><strong>CONCLUS\u00c3O<\/strong><\/p>\n<p>Reiteramos que a Reden\u00e7\u00e3o \u00e9 uma obra trinit\u00e1ria que revela a perfeita unidade e coopera\u00e7\u00e3o entre as Pessoas divinas. O Filho, embora sendo Deus, submeteu-se ao Pai e agiu no poder do Esp\u00edrito. Ao contemplarmos essa harmonia divina, somos convidados a uma resposta de f\u00e9 genu\u00edna em Cristo, submiss\u00e3o volunt\u00e1ria \u00e0 vontade do Pai, e obedi\u00eancia perseverante \u00e0 dire\u00e7\u00e3o do Esp\u00edrito Santo em nosso viver di\u00e1rio.<\/p>\n<p>&nbsp;<\/p>\n<p>&nbsp;<\/p>\n<p>&nbsp;<\/p>\n<p>&nbsp;<\/p>\n<p><strong>Postado por: <\/strong>Pr. Ademilson Braga<\/p>\n<p style=\"text-align: right;\"><strong>Fonte: <\/strong>Revista CPAD<\/p>\n<p>&nbsp;<\/p>\n<p>&nbsp;<\/p>\n<p>&nbsp;<\/p>\n<p>&nbsp;<\/p>\n<p>&nbsp;<\/p>\n<p>&nbsp;<\/p>\n","protected":false},"excerpt":{"rendered":"<p>EBD \u2013 Adultos &#8211; EDI\u00c7\u00c3O: 727 &#8211; 1\u00ba Trimestre &#8211; Ano: 2026 &#8211; Editora: CPAD LI\u00c7\u00c3O &#8211; 12 \u2013 22 de mar\u00e7o de 2026 TEXTO \u00c1UREO \u201cE, respondendo o anjo, disse-lhe: Descer\u00e1 sobre ti o Esp\u00edrito Santo, e a virtude do Alt\u00edssimo te cobrir\u00e1 com a sua sombra; pelo que tamb\u00e9m o Santo, que de [&hellip;]<\/p>\n","protected":false},"author":2,"featured_media":11308,"comment_status":"open","ping_status":"open","sticky":false,"template":"","format":"standard","meta":{"footnotes":""},"categories":[949,7],"tags":[958,202],"class_list":["post-11307","post","type-post","status-publish","format-standard","has-post-thumbnail","hentry","category-cpad","category-e-b-d","tag-espirito","tag-filho"],"_links":{"self":[{"href":"http:\/\/www.searadecristo.com.br\/portal\/wp-json\/wp\/v2\/posts\/11307","targetHints":{"allow":["GET"]}}],"collection":[{"href":"http:\/\/www.searadecristo.com.br\/portal\/wp-json\/wp\/v2\/posts"}],"about":[{"href":"http:\/\/www.searadecristo.com.br\/portal\/wp-json\/wp\/v2\/types\/post"}],"author":[{"embeddable":true,"href":"http:\/\/www.searadecristo.com.br\/portal\/wp-json\/wp\/v2\/users\/2"}],"replies":[{"embeddable":true,"href":"http:\/\/www.searadecristo.com.br\/portal\/wp-json\/wp\/v2\/comments?post=11307"}],"version-history":[{"count":1,"href":"http:\/\/www.searadecristo.com.br\/portal\/wp-json\/wp\/v2\/posts\/11307\/revisions"}],"predecessor-version":[{"id":11309,"href":"http:\/\/www.searadecristo.com.br\/portal\/wp-json\/wp\/v2\/posts\/11307\/revisions\/11309"}],"wp:featuredmedia":[{"embeddable":true,"href":"http:\/\/www.searadecristo.com.br\/portal\/wp-json\/wp\/v2\/media\/11308"}],"wp:attachment":[{"href":"http:\/\/www.searadecristo.com.br\/portal\/wp-json\/wp\/v2\/media?parent=11307"}],"wp:term":[{"taxonomy":"category","embeddable":true,"href":"http:\/\/www.searadecristo.com.br\/portal\/wp-json\/wp\/v2\/categories?post=11307"},{"taxonomy":"post_tag","embeddable":true,"href":"http:\/\/www.searadecristo.com.br\/portal\/wp-json\/wp\/v2\/tags?post=11307"}],"curies":[{"name":"wp","href":"https:\/\/api.w.org\/{rel}","templated":true}]}}