{"id":11305,"date":"2026-03-09T06:38:56","date_gmt":"2026-03-09T09:38:56","guid":{"rendered":"https:\/\/www.searadecristo.com.br\/portal\/?p=11305"},"modified":"2026-03-03T15:50:15","modified_gmt":"2026-03-03T18:50:15","slug":"o-pai-e-o-espirito-santo","status":"publish","type":"post","link":"http:\/\/www.searadecristo.com.br\/portal\/o-pai-e-o-espirito-santo\/","title":{"rendered":"O Pai e o Esp\u00edrito Santo"},"content":{"rendered":"<p><strong><a href=\"http:\/\/www.searadecristo.com.br\/portal\/wp-content\/uploads\/2019\/07\/Logotipo-EBD-2.jpg\"><img loading=\"lazy\" decoding=\"async\" class=\"wp-image-6090 alignleft\" src=\"http:\/\/www.searadecristo.com.br\/portal\/wp-content\/uploads\/2019\/07\/Logotipo-EBD-2-298x300.jpg\" alt=\"\" width=\"141\" height=\"142\" srcset=\"http:\/\/www.searadecristo.com.br\/portal\/wp-content\/uploads\/2019\/07\/Logotipo-EBD-2-298x300.jpg 298w, http:\/\/www.searadecristo.com.br\/portal\/wp-content\/uploads\/2019\/07\/Logotipo-EBD-2-150x150.jpg 150w, http:\/\/www.searadecristo.com.br\/portal\/wp-content\/uploads\/2019\/07\/Logotipo-EBD-2.jpg 390w\" sizes=\"auto, (max-width: 141px) 100vw, 141px\" \/><\/a>EBD \u2013 <\/strong>Adultos &#8211; <strong>EDI\u00c7\u00c3O: <\/strong><strong>726<\/strong> &#8211; 1\u00ba Trimestre &#8211; Ano: 2026 &#8211; Editora: CPAD<\/p>\n<p><strong>LI\u00c7\u00c3O &#8211; <\/strong><strong>11<\/strong> \u2013 15 de mar\u00e7o de 2026<\/p>\n<p><strong>TEXTO \u00c1UREO<\/strong><\/p>\n<p>\u201cPorque todos os que s\u00e3o guiados pelo Esp\u00edrito de Deus, esses s\u00e3o filhos de Deus.\u201d\u00a0<strong>(Rm 8.14)<\/strong>.<\/p>\n<p><strong>VERDADE PR\u00c1TICA<\/strong><\/p>\n<p>O Esp\u00edrito Santo nos liberta da escravid\u00e3o do pecado, confirma nossa filia\u00e7\u00e3o em Cristo e nos conduz \u00e0 heran\u00e7a eterna planejada pelo Pai.<\/p>\n<p><strong>LEITURA DI\u00c1RIA<\/strong><\/p>\n<p><strong>Segunda-feira &#8211; <\/strong>Rm 8.15<br \/>\nO Esp\u00edrito nos livra do temor e nos torna filhos por ado\u00e7\u00e3o<br \/>\n<strong>Ter\u00e7a-feira &#8211; <\/strong>Jo 1.12<br \/>\nOs que creem em Cristo recebem o direito de serem feitos filhos de Deus<br \/>\n<strong>Quarta-feira &#8211; <\/strong>Gl 4.6<br \/>\nDeus envia o Esp\u00edrito de seu Filho ao cora\u00e7\u00e3o dos regenerados<br \/>\n<strong>Quinta-feira &#8211; <\/strong>Ef 1.13,14<br \/>\nO Esp\u00edrito Santo \u00e9 o penhor da nossa heran\u00e7a eterna<br \/>\n<strong>Sexta-feira &#8211; <\/strong>Rm 8.17<br \/>\nSomos herdeiros de Deus e coerdeiros com Cristo<br \/>\n<strong>S\u00e1bado &#8211; <\/strong>I Pe 1.3,4<br \/>\nA heran\u00e7a do crente \u00e9 incorrupt\u00edvel e guardada nos c\u00e9us<\/p>\n<p><strong>LEITURA B\u00cdBLICA<\/strong><\/p>\n<p>Romanos 8<\/p>\n<p>12 \u2014\u00a0De maneira que, irm\u00e3os, somos devedores, n\u00e3o \u00e0 carne para viver segundo a carne,<br \/>\n13 \u2014\u00a0porque, se viverdes segundo a carne, morrereis; mas, se pelo esp\u00edrito mortificardes as obras do corpo, vivereis.<br \/>\n14 \u2014\u00a0Porque todos os que s\u00e3o guiados pelo Esp\u00edrito de Deus, esses s\u00e3o filhos de Deus.<br \/>\n15 \u2014\u00a0Porque n\u00e3o recebestes o esp\u00edrito de escravid\u00e3o, para, outra vez, estardes em temor, mas recebestes o esp\u00edrito de ado\u00e7\u00e3o de filhos, pelo qual clamamos: Aba, Pai.<br \/>\n16 \u2014\u00a0O mesmo Esp\u00edrito testifica com o nosso esp\u00edrito que somos filhos de Deus.<br \/>\n17 \u2014\u00a0E, se n\u00f3s somos filhos, somos, logo, herdeiros tamb\u00e9m, herdeiros de Deus e coerdeiros de Cristo; se \u00e9 certo que com ele padecemos, para que tamb\u00e9m com ele sejamos glorificados.<\/p>\n<p>G\u00e1latas 4<\/p>\n<p>1 \u2014\u00a0Digo, pois, que, todo o tempo em que o herdeiro \u00e9 menino, em nada difere do servo, ainda que seja senhor de tudo.<br \/>\n2 \u2014\u00a0Mas est\u00e1 debaixo de tutores e curadores at\u00e9 ao tempo determinado pelo pai.<br \/>\n3 \u2014\u00a0Assim tamb\u00e9m n\u00f3s, quando \u00e9ramos meninos, est\u00e1vamos reduzidos \u00e0 servid\u00e3o debaixo dos primeiros rudimentos do mundo;<br \/>\n4 \u2014\u00a0mas, vindo a plenitude dos tempos, Deus enviou seu Filho, nascido de mulher, nascido sob a lei,<br \/>\n5 \u2014\u00a0para remir os que estavam debaixo da lei, afim de recebermos a ado\u00e7\u00e3o de filhos.<br \/>\n6 \u2014\u00a0E, porque sois filhos, Deus enviou aos nossos cora\u00e7\u00f5es o Esp\u00edrito de seu Filho, que clama: Aba, Pai.<\/p>\n<p><strong>INTRODU\u00c7\u00c3O<\/strong><\/p>\n<p>A a\u00e7\u00e3o do Esp\u00edrito Santo na vida do crente \u00e9 um dom do Pai e do Filho. Ele nos tira da escravid\u00e3o do pecado, confirma nossa filia\u00e7\u00e3o em Cristo e nos assegura a heran\u00e7a prometida. Essa \u00e9 uma obra trinit\u00e1ria que nos transforma por completo: da condena\u00e7\u00e3o \u00e0 comunh\u00e3o, e da carne \u00e0 gl\u00f3ria eterna. Nessa li\u00e7\u00e3o, veremos como o Pai e o Esp\u00edrito agem conjuntamente para garantir nossa ado\u00e7\u00e3o como filhos e herdeiros de Deus.<\/p>\n<p><strong>I \u2013 <\/strong><strong>O ESP\u00cdRITO E AS D\u00c1DIVAS DO PAI<\/strong><\/p>\n<ol>\n<li><strong> Da escravid\u00e3o \u00e0 filia\u00e7\u00e3o. <\/strong>A Escritura revela que o salvo n\u00e3o vive sob o dom\u00ednio do \u201cesp\u00edrito de escravid\u00e3o\u201d (Rm 8.15a). Essa express\u00e3o (gr.\u00a0<em>pne\u00fbma doule\u00eda<\/em><em>)<\/em>aponta para o estado de servid\u00e3o ao pecado e ao medo da puni\u00e7\u00e3o que caracterizava a vida antes da convers\u00e3o (Gl 3.10; 4.3). A Lei, embora santa, n\u00e3o p\u00f4de produzir liberdade (Rm 7.12,13), ela revela o pecado, mas n\u00e3o concede poder para venc\u00ea-lo (Rm 3.20). Entretanto, sob a gra\u00e7a divina, o crente recebe o \u201cEsp\u00edrito de ado\u00e7\u00e3o\u201d (Rm 8.15b). Essa frase (gr.\u00a0<em>pne\u00fbma huiothes\u00eda<\/em><em>)<\/em> aponta para a nova identidade em Cristo, um v\u00ednculo de afeto e de perd\u00e3o (Gl 4.4,5). N\u00e3o somos mais escravos, mas filhos (I Jo 3.1). Essa filia\u00e7\u00e3o nos livra do medo e do poder do pecado, e nos convida \u00e0 comunh\u00e3o com o Pai (Gl 5.1; I Jo 5.18).<\/li>\n<li><strong> Da rebeldia a filho leg\u00edtimo. <\/strong>Antes da regenera\u00e7\u00e3o, \u00e9ramos espiritualmente rebeldes (I Co 12.2). Mas, por meio da gra\u00e7a, fomos transformados, e assim: \u201cO Esp\u00edrito testifica com o nosso esp\u00edrito que somos filhos de Deus\u201d (Rm 8.16). Essa declara\u00e7\u00e3o refere-se a uma nova posi\u00e7\u00e3o espiritual e jur\u00eddica (Jo 1.12). O Esp\u00edrito opera a ado\u00e7\u00e3o e confirma interiormente essa verdade, dando testemunho direto ao cora\u00e7\u00e3o do crente (II Co 1.22). Os privil\u00e9gios dessa d\u00e1diva incluem: o direito de chamar a Deus de Pai: \u201cpelo qual clamamos: Aba, Pai\u201d (Rm 8.15c), em que o aramaico Abba \u00e9 a forma carinhosa para \u201cpapai\u201d, e indica que em Cristo temos \u00edntimo e livre acesso ao Deus Todo-poderoso (Ef 2.18). Outro benef\u00edcio do filho tornado leg\u00edtimo \u00e9 que ele se torna herdeiro de toda a riqueza do seu Pai adotivo (Ef 1.11).<\/li>\n<li><strong>Das trevas \u00e0 plenitude do Esp\u00edrito.<\/strong> Noutro tempo, viv\u00edamos em trevas espirituais (Ef 5.8). As \u201ctrevas\u201d simbolizam pecado e separa\u00e7\u00e3o de Deus (Cl 1.13). A transi\u00e7\u00e3o das trevas para a luz \u00e9 um ato gracioso do Pai (I Pe 2.9). O sinal dessa nova vida \u00e9 a presen\u00e7a do Esp\u00edrito: \u201cporque sois filhos, Deus enviou aos vossos cora\u00e7\u00f5es o Esp\u00edrito de seu Filho, que clama: Aba, Pai\u201d (Gl 4.6). O envio do Esp\u00edrito \u00e9 a prova da ado\u00e7\u00e3o do crente como filho leg\u00edtimo (Rm 8.9,14-16). A express\u00e3o \u201cEsp\u00edrito de seu Filho\u201d aponta para a miss\u00e3o do Esp\u00edrito em continuar a obra de Cristo (Jo 15.26; 16.14; Fp 1.19). E, assim como Jesus orava \u201cAba, Pai\u201d (Mc 14.36), o crente \u00e9 capacitado a ter comunh\u00e3o com Deus. Aquele que andava em trevas e ignor\u00e2ncia espiritual, agora vive em plena luz, guiado pelo Esp\u00edrito (Rm 8.14).<\/li>\n<\/ol>\n<p><strong>II \u2013 <\/strong><strong>O ESP\u00cdRITO NOS GUIA NA VONTADE DO PAI<\/strong><\/p>\n<ol>\n<li><strong> Os filhos s\u00e3o guiados pelo Esp\u00edrito. <\/strong>Paulo explica que a marca de um filho de Deus n\u00e3o \u00e9 a filia\u00e7\u00e3o nominal, mas uma vida conduzida pelo Esp\u00edrito: \u201cporque todos os que s\u00e3o guiados pelo Esp\u00edrito de Deus, esses s\u00e3o filhos de Deus\u201d (Rm 8.14). O verbo \u201cguiados\u201d (gr.\u00a0<em>\u00e1gontai<\/em><em>)<\/em>est\u00e1 no tempo presente passivo, indicando que os crentes s\u00e3o continuamente orientados pelo Esp\u00edrito, como algu\u00e9m que \u00e9 levado pela m\u00e3o (I Jo 2.27). Isso significa que s\u00e3o instru\u00eddos pelo Esp\u00edrito, no caminho do Pai, em todo o curso da vida (Jo 16.13). Essa dire\u00e7\u00e3o do Esp\u00edrito se op\u00f5e \u00e0 inclina\u00e7\u00e3o da carne (Gl 5.16). Tal orienta\u00e7\u00e3o n\u00e3o \u00e9 for\u00e7ada, mas fruto da habita\u00e7\u00e3o do Esp\u00edrito no cora\u00e7\u00e3o regenerado (Rm 8.9). Como filhos, n\u00e3o fomos deixados \u00f3rf\u00e3os (Jo 14.18); o Esp\u00edrito aponta a dire\u00e7\u00e3o e anda conosco no caminho (I Co 6.19).<\/li>\n<li><strong> O Esp\u00edrito opera a mortifica\u00e7\u00e3o da carne. <\/strong>A B\u00edblia apresenta a mortifica\u00e7\u00e3o da carne como um princ\u00edpio da vida crist\u00e3: \u201cse pelo Esp\u00edrito mortificardes as obras do corpo, vivereis\u201d (Rm 8.13b). O termo \u201cmortificardes\u201d (gr.\u00a0<em>thanat\u00f3\u014d<\/em><em>)<\/em>significa fazer morrer, sufocar algo at\u00e9 que perca sua for\u00e7a. Diz respeito a necessidade de o crente subjugar os desejos pecaminosos. O texto afirma que \u00e9 \u201cpelo Esp\u00edrito\u201d que essa obra \u00e9 realizada. Ele \u00e9 o agente divino que capacita o salvo a vencer a carne. Por\u00e9m, o papel do crente n\u00e3o \u00e9 ser passivo. Devemos andar em Esp\u00edrito (Gl 5.16), despir-se do velho homem (Ef 4.22), crucificar a carne (Gl 5.24), e nos santificar diariamente (Cl 3.5; 1Ts 4.3). A a\u00e7\u00e3o do Esp\u00edrito n\u00e3o apenas mostra o erro, mas transforma a vontade e fortalece o crente contra o pecado (Rm 6.14).<\/li>\n<li><strong>O Esp\u00edrito age conforme o plano do Pai.<\/strong> O plano da reden\u00e7\u00e3o \u00e9 uma obra trinit\u00e1ria: \u201cvindo a plenitude dos tempos, Deus enviou seu Filho [&#8230;] para remir os que estavam debaixo da lei [&#8230;] a fim de recebermos a ado\u00e7\u00e3o de filhos. [&#8230;] Deus enviou aos nossos cora\u00e7\u00f5es o Esp\u00edrito de seu Filho, que clama: Aba, Pai\u201d (Gl 4.4-6). Esse texto enfatiza que o Pai enviou o Filho \u201cna plenitude dos tempos\u201d, isto \u00e9, no tempo por Deus escolhido (Gl 4.4a); o Filho foi enviado para o resgate dos pecadores (Lc 19.10); e o Esp\u00edrito para nos transformar em filhos leg\u00edtimos (Rm 8.16). Desse modo, o Pai \u00e9 o autor do plano de salva\u00e7\u00e3o (I Jo 4.14); o Filho \u00e9 o executor da reden\u00e7\u00e3o (Hb 9.12); e o Esp\u00edrito \u00e9 o aplicador da ado\u00e7\u00e3o (Ef 1.5). Essa verdade revela a perfeita harmonia na Sant\u00edssima Trindade.<\/li>\n<\/ol>\n<p><strong>III \u2013 <\/strong><strong>A TRINDADE NOS CONDUZ \u00c0 HERAN\u00c7A ETERNA<\/strong><\/p>\n<ol>\n<li><strong> Herdeiros de Deus por ado\u00e7\u00e3o. <\/strong>A doutrina da heran\u00e7a \u00e9 insepar\u00e1vel da ado\u00e7\u00e3o. Paulo apresenta um dos benef\u00edcios da filia\u00e7\u00e3o: \u201cse n\u00f3s somos filhos, somos, logo herdeiros [&#8230;] herdeiros de Deus\u201d (Rm 8.17a). O termo \u201cherdeiro\u201d (gr.\u00a0<em>kl\u0113ron\u00f3mos<\/em><em>)<\/em>\u00e9 utilizado no contexto legal para indicar que os adotados passam a ter pleno direito sobre os bens do Pai. Essa heran\u00e7a n\u00e3o \u00e9 m\u00e9rito, mas \u00e9 recebida por ado\u00e7\u00e3o graciosa (Ef 1.5). \u00c9 uma obra trinit\u00e1ria perfeita: O Pai planeja e garante a heran\u00e7a (Ef 1.11), o Filho a conquista na cruz (I Pe 1.18,19); e o Esp\u00edrito \u00e9 a garantia dessa heran\u00e7a (Ef 1.13,14). A heran\u00e7a inclui as b\u00ean\u00e7\u00e3os j\u00e1 recebidas, entre elas, a salva\u00e7\u00e3o e a justifica\u00e7\u00e3o (Rm 5.1; Ef 2.8); e, tamb\u00e9m as promessas futuras, tais como a vida eterna e a glorifica\u00e7\u00e3o (Rm 6.23; 8.30).<\/li>\n<li><strong> Coerdeiros de Cristo por filia\u00e7\u00e3o. <\/strong>A filia\u00e7\u00e3o nos associa ao Filho Primog\u00eanito como \u201ccoerdeiros de Cristo\u201d (Rm 8.17b). Essa frase significa que compartilhamos com Ele a mesma heran\u00e7a. O Filho reparte com seus irm\u00e3os redimidos aquilo que recebeu como heran\u00e7a eterna (Ap 3.21). Essa heran\u00e7a n\u00e3o \u00e9 de posses materiais, mas \u00e9 gloriosa, incorrupt\u00edvel e incontamin\u00e1vel (Jo 17.24; I Pe 1.4). Por\u00e9m, ser coerdeiro de Cristo, n\u00e3o significa apenas desfrutar da gl\u00f3ria, mas tamb\u00e9m participar de seus sofrimentos (II Tm 2.12). Isso confirma que a vida revela que essas afli\u00e7\u00f5es t\u00eam prop\u00f3sito eterno (Rm 8.18). A gl\u00f3ria futura \u00e9 certa, mas a cruz precede a coroa. Nosso chamado n\u00e3o \u00e9 apenas para ser salvo, mas para ser moldado conforme o Filho, e isso inclui as marcas da cruz (Gl 6.17).<\/li>\n<li><strong>O Pai administra o tempo da heran\u00e7a.<\/strong>\u00a0Paulo descreve a condi\u00e7\u00e3o espiritual do homem antes da plena revela\u00e7\u00e3o de Cristo: \u201ctodo o tempo que o herdeiro \u00e9 menino [&#8230;] est\u00e1 debaixo de tutores e curadores at\u00e9 ao tempo determinado pelo pai\u201d (Gl 4.1,2). Essa met\u00e1fora ilustra o per\u00edodo da Antiga Alian\u00e7a, em que Israel, apesar das promessas, ainda n\u00e3o havia recebido a heran\u00e7a (Gl 4.3). Indica que o Pai celestial \u00e9 quem administra o momento do acesso \u00e0 posse da heran\u00e7a (Gl 4.4). Ele tem o controle do tempo oportuno e exato (gr.\u00a0<em>kair\u00f3s<\/em><em>)<\/em>\u00a0n\u00e3o s\u00f3 para o advento do Messias, mas tamb\u00e9m para a outorga das promessas e da heran\u00e7a eterna na vida de cada crente (Ec 3.1). Portanto, o crente deve confiar que Deus sabe o tempo certo para conceder cada por\u00e7\u00e3o da sua promessa a cada um de seus filhos (Rm 8.28).<\/li>\n<\/ol>\n<p><strong>CONCLUS\u00c3O<\/strong><\/p>\n<p>O Esp\u00edrito Santo \u00e9 a d\u00e1diva do Pai celestial e de seu Filho Jesus Cristo. O Esp\u00edrito nos torna filhos por ado\u00e7\u00e3o, herdeiros com Cristo, habita em n\u00f3s, orienta e santifica o crente. A Igreja deve viver sob essa consci\u00eancia: pertencemos ao Pai, guiados pelo Esp\u00edrito, glorificando ao Filho.<\/p>\n<p>&nbsp;<\/p>\n<p>&nbsp;<\/p>\n<p>&nbsp;<\/p>\n<p>&nbsp;<\/p>\n<p><strong>Postado por: <\/strong>Pr. Ademilson Braga<\/p>\n<p style=\"text-align: right;\"><strong>Fonte: <\/strong>Revista CPAD<\/p>\n<p>&nbsp;<\/p>\n<p>&nbsp;<\/p>\n<p>&nbsp;<\/p>\n<p>&nbsp;<\/p>\n<p>&nbsp;<\/p>\n<p>&nbsp;<\/p>\n","protected":false},"excerpt":{"rendered":"<p>EBD \u2013 Adultos &#8211; EDI\u00c7\u00c3O: 726 &#8211; 1\u00ba Trimestre &#8211; Ano: 2026 &#8211; Editora: CPAD LI\u00c7\u00c3O &#8211; 11 \u2013 15 de mar\u00e7o de 2026 TEXTO \u00c1UREO \u201cPorque todos os que s\u00e3o guiados pelo Esp\u00edrito de Deus, esses s\u00e3o filhos de Deus.\u201d\u00a0(Rm 8.14). VERDADE PR\u00c1TICA O Esp\u00edrito Santo nos liberta da escravid\u00e3o do pecado, confirma nossa [&hellip;]<\/p>\n","protected":false},"author":2,"featured_media":0,"comment_status":"open","ping_status":"open","sticky":false,"template":"","format":"standard","meta":{"footnotes":""},"categories":[949,7],"tags":[304],"class_list":["post-11305","post","type-post","status-publish","format-standard","hentry","category-cpad","category-e-b-d","tag-pai"],"_links":{"self":[{"href":"http:\/\/www.searadecristo.com.br\/portal\/wp-json\/wp\/v2\/posts\/11305","targetHints":{"allow":["GET"]}}],"collection":[{"href":"http:\/\/www.searadecristo.com.br\/portal\/wp-json\/wp\/v2\/posts"}],"about":[{"href":"http:\/\/www.searadecristo.com.br\/portal\/wp-json\/wp\/v2\/types\/post"}],"author":[{"embeddable":true,"href":"http:\/\/www.searadecristo.com.br\/portal\/wp-json\/wp\/v2\/users\/2"}],"replies":[{"embeddable":true,"href":"http:\/\/www.searadecristo.com.br\/portal\/wp-json\/wp\/v2\/comments?post=11305"}],"version-history":[{"count":1,"href":"http:\/\/www.searadecristo.com.br\/portal\/wp-json\/wp\/v2\/posts\/11305\/revisions"}],"predecessor-version":[{"id":11306,"href":"http:\/\/www.searadecristo.com.br\/portal\/wp-json\/wp\/v2\/posts\/11305\/revisions\/11306"}],"wp:attachment":[{"href":"http:\/\/www.searadecristo.com.br\/portal\/wp-json\/wp\/v2\/media?parent=11305"}],"wp:term":[{"taxonomy":"category","embeddable":true,"href":"http:\/\/www.searadecristo.com.br\/portal\/wp-json\/wp\/v2\/categories?post=11305"},{"taxonomy":"post_tag","embeddable":true,"href":"http:\/\/www.searadecristo.com.br\/portal\/wp-json\/wp\/v2\/tags?post=11305"}],"curies":[{"name":"wp","href":"https:\/\/api.w.org\/{rel}","templated":true}]}}