{"id":11265,"date":"2026-02-25T09:42:18","date_gmt":"2026-02-25T12:42:18","guid":{"rendered":"http:\/\/www.searadecristo.com.br\/portal\/?p=11265"},"modified":"2026-02-25T09:42:18","modified_gmt":"2026-02-25T12:42:18","slug":"o-espirito-humano-e-o-espirito-de-deus","status":"publish","type":"post","link":"http:\/\/www.searadecristo.com.br\/portal\/o-espirito-humano-e-o-espirito-de-deus\/","title":{"rendered":"O esp\u00edrito humano e o Esp\u00edrito de Deus"},"content":{"rendered":"<p><strong><a href=\"http:\/\/www.searadecristo.com.br\/portal\/wp-content\/uploads\/2019\/07\/Logotipo-EBD-2.jpg\"><img loading=\"lazy\" decoding=\"async\" class=\"wp-image-6090 alignleft\" src=\"http:\/\/www.searadecristo.com.br\/portal\/wp-content\/uploads\/2019\/07\/Logotipo-EBD-2-298x300.jpg\" alt=\"\" width=\"142\" height=\"143\" srcset=\"http:\/\/www.searadecristo.com.br\/portal\/wp-content\/uploads\/2019\/07\/Logotipo-EBD-2-298x300.jpg 298w, http:\/\/www.searadecristo.com.br\/portal\/wp-content\/uploads\/2019\/07\/Logotipo-EBD-2-150x150.jpg 150w, http:\/\/www.searadecristo.com.br\/portal\/wp-content\/uploads\/2019\/07\/Logotipo-EBD-2.jpg 390w\" sizes=\"auto, (max-width: 142px) 100vw, 142px\" \/><\/a>EBD \u2013 <\/strong>Adultos &#8211; <strong>EDI\u00c7\u00c3O: 714<\/strong> &#8211; 4\u00ba Trimestre &#8211; Ano: 2025 &#8211; Editora: CPAD<\/p>\n<p><strong>LI\u00c7\u00c3O &#8211; 12<\/strong> \u2013 21 de dezembro de 2025<\/p>\n<p><strong>TEXTO \u00c1UREO<\/strong><\/p>\n<p>\u201c<em>O mesmo Esp\u00edrito testifica com o nosso esp\u00edrito que somos filhos de Deus.<\/em>\u201d <strong>(Rm 8.16)<\/strong><\/p>\n<p><strong>VERDADE PR\u00c1TICA<\/strong><\/p>\n<p>Al\u00e9m do seu testemunho em nosso esp\u00edrito, o Esp\u00edrito Santo age no \u00edntimo de nosso ser intercedendo, edificando e produzindo o seu fruto.<\/p>\n<p><strong>LEITURA DI\u00c1RIA<\/strong><\/p>\n<p><strong>Segunda-feira &#8211; <\/strong>Rm 1.9<br \/>\nServindo a Deus no esp\u00edrito<br \/>\n<strong>Ter\u00e7a<\/strong><strong>-feira<\/strong><strong> \u2013 <\/strong>II Co 7.13<br \/>\nRecebendo refrig\u00e9rio no esp\u00edrito<br \/>\n<strong>Quarta<\/strong><strong>-feira<\/strong><strong> \u2013 <\/strong>I Co 6.17<br \/>\nUm mesmo esp\u00edrito com o Senhor<br \/>\n<strong>Quinta<\/strong><strong>-feira<\/strong><strong> \u2013 <\/strong>I Co 6.20<br \/>\nGlorificando a Deus no esp\u00edrito<br \/>\n<strong>Sexta<\/strong><strong>-feira<\/strong><strong> \u2013 <\/strong>I Co 14.14<br \/>\nL\u00ednguas estranhas: o esp\u00edrito ora bem<br \/>\n<strong>S\u00e1bado &#8211; <\/strong>Ef 3.16<br \/>\nFortalecidos pelo Esp\u00edrito no homem interior<\/p>\n<p><strong>LEITURA B\u00cdBLICA<\/strong><\/p>\n<p>Romanos 8<\/p>\n<p>14 \u2014\u00a0Porque todos os que s\u00e3o guiados pelo Esp\u00edrito de Deus, esses s\u00e3o filhos de Deus.<br \/>\n15 \u2014\u00a0Porque n\u00e3o recebestes o esp\u00edrito de escravid\u00e3o, para, outra vez, estardes em temor, mas recebestes o esp\u00edrito de ado\u00e7\u00e3o de filhos, pelo qual clamamos: Aba, Pai.<br \/>\n16 \u2014\u00a0O mesmo Esp\u00edrito testifica com o nosso esp\u00edrito que somos filhos de Deus.<\/p>\n<p>I Cor\u00edntios 14<\/p>\n<p>14 \u2014\u00a0Porque, se eu orar em l\u00edngua estranha, o meu esp\u00edrito ora bem, mas o meu entendimento fica sem fruto.<\/p>\n<p>G\u00e1latas 5<\/p>\n<p>22 \u2014\u00a0Mas o fruto do Esp\u00edrito \u00e9: amor, gozo, paz, longanimidade, benignidade, bondade, f\u00e9, mansid\u00e3o, temperan\u00e7a.<br \/>\n23 \u2014\u00a0Contra essas coisas n\u00e3o h\u00e1 lei.<\/p>\n<p><strong>INTRODU\u00c7\u00c3O<\/strong><\/p>\n<p>Nesta li\u00e7\u00e3o estudaremos alguns aspectos da obra do Esp\u00edrito Santo no esp\u00edrito humano. Trataremos do despertar da consci\u00eancia, da f\u00e9, do ensino em toda a verdade, da intercess\u00e3o, da edifica\u00e7\u00e3o pelo orar em l\u00ednguas e do fruto do Esp\u00edrito. Veremos como o Esp\u00edrito de Deus \u00e9 imprescind\u00edvel para uma vida espiritual aut\u00eantica e frut\u00edfera.<\/p>\n<p><strong>I \u2013 <\/strong><strong>A OBRA INICIAL DO ESP\u00cdRITO<\/strong><\/p>\n<ol>\n<li><strong> Consci\u00eancia e f\u00e9. <\/strong>A a\u00e7\u00e3o do Esp\u00edrito Santo come\u00e7a em nossa consci\u00eancia, despertando-a da culpa pelo pecado, e apontando a necessidade de perd\u00e3o. Jesus falou sobre essa obra de convencimento: \u201cE, quando ele vier, convencer\u00e1 o mundo do pecado, e da justi\u00e7a, e do ju\u00edzo\u201d (Jo 16.8). Ainda no esp\u00edrito humano, o Esp\u00edrito de Deus remove a incredulidade, produzindo f\u00e9 mediante a Palavra (Rm 10.17; Ef 2.8), o que tamb\u00e9m atinge as faculdades da alma (Rm 10.9,10). Opera-se, ent\u00e3o, a regenera\u00e7\u00e3o, o nascimento \u201cda \u00e1gua e do Esp\u00edrito\u201d (Jo 3.5). O esp\u00edrito que estava \u201cmorto\u201d (separado de Deus) \u00e9 vivificado; recebe uma nova vida, vinda de Deus (Ef 2.1). Esse novo homem, o homem espiritual, obt\u00e9m uma mente renovada e passa a viver guiado pelo Esp\u00edrito de Deus. Assim, a pessoa que ainda n\u00e3o foi transformada por Deus, ou seja, o homem natural, n\u00e3o consegue entender as coisas que v\u00eam do Esp\u00edrito de Deus. Para ela, essas coisas parecem sem sentido, como se fossem loucura. Isso acontece porque s\u00f3 \u00e9 poss\u00edvel compreender essas verdades por meio da a\u00e7\u00e3o do Esp\u00edrito (I Co 2.14,15).<\/li>\n<li><strong> A pedagogia do Esp\u00edrito. <\/strong>A regenera\u00e7\u00e3o \u00e9 o in\u00edcio de uma nova dimens\u00e3o de vida. Uma nova vida, agora espiritual, em comunh\u00e3o com o Esp\u00edrito de Deus: \u201cMas n\u00f3s n\u00e3o recebemos o esp\u00edrito do mundo, mas o Esp\u00edrito que prov\u00e9m de Deus, para que pud\u00e9ssemos conhecer o que nos \u00e9 dado gratuitamente por Deus\u201d (I Co 2.12). Paulo refere-se ao papel pedag\u00f3gico do Esp\u00edrito, que nos ensina as coisas espirituais (2.13), como Jesus havia prometido: \u201cMas aquele Consolador, o Esp\u00edrito Santo, que o Pai enviar\u00e1 em meu nome, vos ensinar\u00e1 todas as coisas e vos far\u00e1 lembrar de tudo quanto vos tenho dito\u201d (Jo 14.26). Portanto, n\u00e3o podemos nos conformar com uma mente carnal, que pensa conforme os padr\u00f5es deste mundo, cheio de vozes in\u00edquas que querem nos influenciar, como filosofias, ideologias e \u201cnovas\u201d teologias (Cl 2.8).<\/li>\n<li><strong> A renova\u00e7\u00e3o da mente. <\/strong>Devemos viver em constante contato com o Esp\u00edrito de Deus, para que, com uma mente sempre renovada, desfrutemos da sabedoria divina, imprescind\u00edvel para nosso viver di\u00e1rio (Rm 12.2). Para isso, \u00e9 fundamental uma vida de consagra\u00e7\u00e3o total (Rm 12.1), da qual fazem parte a ora\u00e7\u00e3o e a leitura das Escrituras, disciplinas espirituais das quais tratamos na li\u00e7\u00e3o anterior (Tg 1.5,6; Sl 119.105). N\u00e3o h\u00e1 \u00e1rea de nossa vida acerca da qual o Esp\u00edrito n\u00e3o tenha uma segura dire\u00e7\u00e3o. Ele pode nos guiar em toda a verdade (Jo 16.13). Ou\u00e7amos o Esp\u00edrito!<\/li>\n<li><strong>Voz e luz.<\/strong>\u00a0Quando tiramos tempo para ouvir o Esp\u00edrito, Ele fala de muitas maneiras ao \u00edntimo de nosso ser: traz sabedoria e revela\u00e7\u00e3o (Ef 1.17), esclarece quest\u00f5es duvidosas (At 15.28) e gera entendimento e paz (Rm 8.14). Ele \u2014 o Esp\u00edrito de Deus \u2014 ilumina os olhos do nosso cora\u00e7\u00e3o (Ef 1.18). Nesse texto, cora\u00e7\u00e3o (<em>kardia<\/em>) significa \u201chomem interior\u201d. Portanto, a express\u00e3o de Paulo contempla o esp\u00edrito humano, que, entrela\u00e7ado com a alma e insepar\u00e1vel dela, s\u00e3o esses \u201colhos\u201d \u2014 o centro da percep\u00e7\u00e3o espiritual \u2014 atrav\u00e9s dos quais recebemos ilumina\u00e7\u00e3o do Esp\u00edrito para compreendermos as verdades divinas, fundamentais para esta vida e para a vida eterna: \u201cpara que saibais qual seja a esperan\u00e7a da sua voca\u00e7\u00e3o e quais as riquezas da gl\u00f3ria da sua heran\u00e7a nos santos\u201d (Ef 1.18).<\/li>\n<\/ol>\n<p><strong>II \u2013 <\/strong><strong>TESTEMUNHO, INTERCESS\u00c3O E EDIFICA\u00c7\u00c3O<\/strong><\/p>\n<ol>\n<li><strong> O Esp\u00edrito testifica ao esp\u00edrito. <\/strong>Romanos 8 \u00e9 riqu\u00edssimo quanto ao tema da fun\u00e7\u00e3o do esp\u00edrito humano na comunica\u00e7\u00e3o com Deus. Tratando da vida do crist\u00e3o \u2014 a vida no Esp\u00edrito \u2014, Paulo menciona a ado\u00e7\u00e3o espiritual, que \u00e9 testificada pelo Esp\u00edrito Santo ao esp\u00edrito do crente regenerado: \u201cO pr\u00f3prio Esp\u00edrito confirma ao nosso esp\u00edrito que somos filhos de Deus\u201d (Rm 8.16). Essa comunica\u00e7\u00e3o entre o Esp\u00edrito de Deus e o esp\u00edrito humano traz convic\u00e7\u00e3o e seguran\u00e7a em Cristo, o que somente pode ser compreendido por meio da f\u00e9. Por isso, Paulo orava pelos ef\u00e9sios, para que Cristo habitasse, pela f\u00e9, em seus cora\u00e7\u00f5es e pudessem compreender e conhecer o amor de Cristo, \u201cque excede todo o entendimento\u201d (Ef 3.19).<\/li>\n<li><strong>O Esp\u00edrito intercede.<\/strong>\u00a0Ainda em Romanos 8 vemos Paulo tratando de outra a\u00e7\u00e3o do Esp\u00edrito de Deus junto ao esp\u00edrito humano: a intercess\u00e3o em nosso favor (vv.26,27). Essa a\u00e7\u00e3o permite que, muito al\u00e9m de nosso intelecto, haja uma profunda s\u00faplica diante do Pai, perfeitamente sintonizada com \u201ca inten\u00e7\u00e3o do Esp\u00edrito [&#8230;] que segundo Deus intercede pelos santos\u201d (Rm 8.2,27). Isso nos lembra do ensino de Paulo aos Ef\u00e9sios, sobre a amplitude da a\u00e7\u00e3o divina em nosso favor, que n\u00e3o se limita ao que pedimos ou pensamos, mas \u00e9 conforme a presen\u00e7a do Esp\u00edrito em n\u00f3s (Ef 3.20). O Senhor sempre nos surpreende com o seu extraordin\u00e1rio agir! Uma das raz\u00f5es disso, certamente, \u00e9 a a\u00e7\u00e3o do Esp\u00edrito no processo de intercess\u00e3o. Ele prescruta nosso interior para muito al\u00e9m de nossa compreens\u00e3o, agindo em nosso esp\u00edrito. Como Salom\u00e3o escreveu: \u201cO esp\u00edrito do ser humano \u00e9 a l\u00e2mpada do Senhor, a qual examina o mais profundo do seu ser\u201d (Pv 20.27 \u2014\u00a0<strong>NAA<\/strong>).<\/li>\n<\/ol>\n<p><strong>III \u2013 <\/strong><strong>EDIFICA\u00c7\u00c3O E FRUTO DO ESP\u00cdRITO<\/strong><\/p>\n<ol>\n<li><strong> O esp\u00edrito ora bem. <\/strong>A a\u00e7\u00e3o do Esp\u00edrito de Deus na esfera do esp\u00edrito humano \u00e9 vista tamb\u00e9m na Carta aos Cor\u00edntios, quando Paulo ensina sobre as l\u00ednguas estranhas: \u201cPorque, se eu orar em l\u00edngua estranha, o meu esp\u00edrito ora bem, mas o meu entendimento fica sem fruto\u201d (I Co 14.14). As l\u00ednguas estranhas s\u00e3o articuladas segundo o Esp\u00edrito de Deus (I Co 12.7-11). Quando oramos em l\u00ednguas, portanto, oramos segundo o Esp\u00edrito. Esse processo de articula\u00e7\u00e3o espiritual atinge o perfeito prop\u00f3sito divino (\u201co meu esp\u00edrito ora bem\u201d). O esp\u00edrito ora bem, mas nosso intelecto n\u00e3o compreende a mensagem. Mesmo assim somos edificados (I Co 14.4). Paulo n\u00e3o apenas orava, mas tamb\u00e9m cantava em l\u00ednguas (I Co 14.15). Que desfrutemos mais desse extraordin\u00e1rio recurso de edifica\u00e7\u00e3o espiritual, aperfei\u00e7oando nosso esp\u00edrito na comunh\u00e3o do Esp\u00edrito de Deus. Ainda que n\u00e3o entendamos com a mente, o nosso interior \u00e9 fortalecido com poder. Falar em l\u00ednguas \u00e9 um presente divino que renova nossa f\u00e9.<\/li>\n<li><strong>O \u00e1pice da vida crist\u00e3.<\/strong> Outra maravilhosa obra do Esp\u00edrito Santo no crente \u00e9 a produ\u00e7\u00e3o das virtudes listadas por Paulo em G\u00e1latas 5.22. Chamadas de fruto do Esp\u00edrito, representam o \u00e1pice da vida crist\u00e3 e envolvem nosso ser por inteiro. O esp\u00edrito do convertido \u00e9 santificado pelo Esp\u00edrito de Deus dia ap\u00f3s dia: \u201chaveis sido santificados [&#8230;] pelo Esp\u00edrito do nosso Deus\u201d (I Co 6.11). A obra do \u201cEsp\u00edrito de santifica\u00e7\u00e3o\u201d (Rm 1.4) vai progredindo e o crente passa, cada vez mais, a expressar amor, alegria, paz, longanimidade, benignidade, bondade, fidelidade, mansid\u00e3o e dom\u00ednio pr\u00f3prio (I Co 12.31; 13.1-13). Isso \u00e9 viver e andar no Esp\u00edrito (Gl 5.25).<\/li>\n<\/ol>\n<p><strong>CONCLUS\u00c3O<\/strong><\/p>\n<p>\u00c9 Cristo quem proporciona essa profunda comunh\u00e3o do esp\u00edrito humano com o Esp\u00edrito de Deus. Como Paulo afirma, \u201co que se ajunta com o Senhor \u00e9 um mesmo esp\u00edrito\u201d (I Co 6.15-17). Por isso, n\u00e3o nos enganemos: quando o Esp\u00edrito de Deus age em n\u00f3s Ele sempre glorifica a Cristo (Jo 16.14).<\/p>\n<p>&nbsp;<\/p>\n<p>&nbsp;<\/p>\n<p>&nbsp;<\/p>\n<p><strong>Postado por: <\/strong>Pr. Ademilson Braga<\/p>\n<p style=\"text-align: right;\"><strong>Fonte: <\/strong>Revista CPAD<\/p>\n","protected":false},"excerpt":{"rendered":"<p>EBD \u2013 Adultos &#8211; EDI\u00c7\u00c3O: 714 &#8211; 4\u00ba Trimestre &#8211; Ano: 2025 &#8211; Editora: CPAD LI\u00c7\u00c3O &#8211; 12 \u2013 21 de dezembro de 2025 TEXTO \u00c1UREO \u201cO mesmo Esp\u00edrito testifica com o nosso esp\u00edrito que somos filhos de Deus.\u201d (Rm 8.16) VERDADE PR\u00c1TICA Al\u00e9m do seu testemunho em nosso esp\u00edrito, o Esp\u00edrito Santo age no [&hellip;]<\/p>\n","protected":false},"author":2,"featured_media":11267,"comment_status":"open","ping_status":"open","sticky":false,"template":"","format":"standard","meta":{"footnotes":""},"categories":[949,7],"tags":[958,926],"class_list":["post-11265","post","type-post","status-publish","format-standard","has-post-thumbnail","hentry","category-cpad","category-e-b-d","tag-espirito","tag-humano"],"_links":{"self":[{"href":"http:\/\/www.searadecristo.com.br\/portal\/wp-json\/wp\/v2\/posts\/11265","targetHints":{"allow":["GET"]}}],"collection":[{"href":"http:\/\/www.searadecristo.com.br\/portal\/wp-json\/wp\/v2\/posts"}],"about":[{"href":"http:\/\/www.searadecristo.com.br\/portal\/wp-json\/wp\/v2\/types\/post"}],"author":[{"embeddable":true,"href":"http:\/\/www.searadecristo.com.br\/portal\/wp-json\/wp\/v2\/users\/2"}],"replies":[{"embeddable":true,"href":"http:\/\/www.searadecristo.com.br\/portal\/wp-json\/wp\/v2\/comments?post=11265"}],"version-history":[{"count":1,"href":"http:\/\/www.searadecristo.com.br\/portal\/wp-json\/wp\/v2\/posts\/11265\/revisions"}],"predecessor-version":[{"id":11268,"href":"http:\/\/www.searadecristo.com.br\/portal\/wp-json\/wp\/v2\/posts\/11265\/revisions\/11268"}],"wp:featuredmedia":[{"embeddable":true,"href":"http:\/\/www.searadecristo.com.br\/portal\/wp-json\/wp\/v2\/media\/11267"}],"wp:attachment":[{"href":"http:\/\/www.searadecristo.com.br\/portal\/wp-json\/wp\/v2\/media?parent=11265"}],"wp:term":[{"taxonomy":"category","embeddable":true,"href":"http:\/\/www.searadecristo.com.br\/portal\/wp-json\/wp\/v2\/categories?post=11265"},{"taxonomy":"post_tag","embeddable":true,"href":"http:\/\/www.searadecristo.com.br\/portal\/wp-json\/wp\/v2\/tags?post=11265"}],"curies":[{"name":"wp","href":"https:\/\/api.w.org\/{rel}","templated":true}]}}