{"id":11007,"date":"2025-08-26T10:30:07","date_gmt":"2025-08-26T13:30:07","guid":{"rendered":"http:\/\/www.searadecristo.com.br\/portal\/?p=11007"},"modified":"2025-08-26T10:30:07","modified_gmt":"2025-08-26T13:30:07","slug":"uma-igreja-que-se-arrisca","status":"publish","type":"post","link":"http:\/\/www.searadecristo.com.br\/portal\/uma-igreja-que-se-arrisca\/","title":{"rendered":"Uma Igreja que se arrisca"},"content":{"rendered":"<p><strong>EBD \u2013 <\/strong>Adultos &#8211; <strong>EDI\u00c7\u00c3O: 697<\/strong> &#8211; 3\u00ba Trimestre &#8211; Ano: 2025 &#8211; Editora: CPAD<\/p>\n<p><strong>LI\u00c7\u00c3O &#8211; 09<\/strong> \u2013 31 de agosto de 2025<\/p>\n<p><strong>TEXTO \u00c1UREO<\/strong><\/p>\n<p>\u201cMas ele, estando cheio do Esp\u00edrito Santo e fixando os olhos no c\u00e9u, viu a gl\u00f3ria de Deus e Jesus, que estava \u00e0 direita de Deus.\u201d\u00a0<strong>(At 7.55)<\/strong>.<\/p>\n<p><strong>VERDADE PR\u00c1TICA<\/strong><\/p>\n<p>A igreja foi capacitada por Deus para enfrentar um mundo que \u00e9 hostil \u00e0 sua f\u00e9 e valores.<\/p>\n<p><strong>LEITURA DI\u00c1RIA<\/strong><\/p>\n<p><strong>Segunda-feira \u2014 Mt 10.16<br \/>\n<\/strong>Vivendo em um mundo hostil<br \/>\n<strong>Ter\u00e7a<\/strong><strong>-feira<\/strong><strong> \u2014 At 20.24<br \/>\n<\/strong>Nada a temer na prega\u00e7\u00e3o do Evangelho<br \/>\n<strong>Quarta<\/strong><strong>-feira<\/strong><strong> \u2014 At 6.10<br \/>\n<\/strong>Capacitados com sabedoria para o confronto<br \/>\n<strong>Quinta<\/strong><strong>-feira<\/strong><strong> \u2014 At 6.11-13<br \/>\n<\/strong>Caluniados e difamados pelos opositores<br \/>\n<strong>Sexta<\/strong><strong>-feira<\/strong><strong> \u2014 Ap 2.10<br \/>\n<\/strong>Fiel at\u00e9 \u00e0 morte nas persegui\u00e7\u00f5es contra a f\u00e9<br \/>\n<strong>S\u00e1bado \u2014 At 7.60<br \/>\n<\/strong>Morrendo e perdoando pela f\u00e9<\/p>\n<p><strong>LEITURA B\u00cdBLICA<\/strong><\/p>\n<p><strong>Atos 6<\/strong><\/p>\n<p>8 \u2014\u00a0E Est\u00eav\u00e3o, cheio de f\u00e9 e de poder, fazia prod\u00edgios e grandes sinais entre o povo.<br \/>\n9 \u2014\u00a0E levantaram-se alguns que eram da sinagoga chamada dos Libertos, e dos cireneus, e dos alexandrinos, e dos que eram da Cil\u00edcia e da \u00c1sia, e disputavam com Est\u00eav\u00e3o.<br \/>\n10 \u2014\u00a0E n\u00e3o podiam resistir \u00e0 sabedoria e ao Esp\u00edrito com que falava.<br \/>\n11 \u2014\u00a0Ent\u00e3o, subornaram uns homens para que dissessem: Ouvimos-lhe proferir palavras blasfemas contra Mois\u00e9s e contra Deus.<br \/>\n12 \u2014\u00a0E excitaram o povo, os anci\u00e3os e os escribas; e, investindo com ele, o arrebataram e o levaram ao conselho.<br \/>\n13 \u2014\u00a0Apresentaram falsas testemunhas, que diziam: Este homem n\u00e3o cessa de proferir palavras blasfemas contra este santo lugar e a lei;<br \/>\n14 \u2014\u00a0porque n\u00f3s lhe ouvimos dizer que esse Jesus Nazareno h\u00e1 de destruir este lugar e mudar os costumes que Mois\u00e9s nos deu.<br \/>\n15 \u2014\u00a0Ent\u00e3o, todos os que estavam assentados no conselho, fixando os olhos nele, viram o seu rosto como o rosto de um anjo.<\/p>\n<p><strong>Atos 7<\/strong><\/p>\n<p>54 \u2014\u00a0E, ouvindo eles isto, enfureciam-se em seu cora\u00e7\u00e3o e rangiam os dentes contra ele.<br \/>\n55 \u2014\u00a0Mas ele, estando cheio do Esp\u00edrito Santo e fixando os olhos no c\u00e9u, viu a gl\u00f3ria de Deus e Jesus, que estava \u00e0 direita de Deus,<br \/>\n56 \u2014\u00a0e disse: Eis que vejo os c\u00e9us abertos e o Filho do Homem, que est\u00e1 em p\u00e9 \u00e0 m\u00e3o direita de Deus.<br \/>\n57 \u2014\u00a0Mas eles gritaram com grande voz, taparam os ouvidos e arremeteram un\u00e2nimes contra ele.<br \/>\n58 \u2014\u00a0E, expulsando-o da cidade, o apedrejavam. E as testemunhas depuseram as suas vestes aos p\u00e9s de um jovem chamado Saulo.<br \/>\n59 \u2014\u00a0E apedrejaram a Est\u00eav\u00e3o, que em invoca\u00e7\u00e3o dizia: Senhor Jesus, recebe o meu esp\u00edrito.<br \/>\n60 \u2014\u00a0E, pondo-se de joelhos, clamou com grande voz: Senhor, n\u00e3o lhes imputes este pecado. E, tendo dito isto, adormeceu.<\/p>\n<p><strong>INTRODU\u00c7\u00c3O<\/strong><\/p>\n<p>Na li\u00e7\u00e3o de hoje vamos conhecer um pouco mais sobre a vida de Est\u00eav\u00e3o, um dos sete escolhidos para a diaconia (At 6.1-7). Quando lemos esse texto do Livro de Atos, logo percebemos que estamos diante de uma pessoa extraordin\u00e1ria \u2014 de grande f\u00e9, cheio do Esp\u00edrito Santo e de sabedoria. Um aut\u00eantico crist\u00e3o destemido! Est\u00eav\u00e3o \u00e9 um modelo para todo crist\u00e3o e, sem d\u00favida, serve de modelo para a Igreja do Senhor. Observamos que a persegui\u00e7\u00e3o a Est\u00eav\u00e3o e seu consequente mart\u00edrio marcam um momento decisivo na hist\u00f3ria da igreja crist\u00e3 \u2014 quando a igreja sai para fora dos muros de Jerusal\u00e9m para alcan\u00e7ar o mundo. Estava tendo, portanto, cumprimento das palavras de Jesus de que a Igreja seria testemunha tanto em Jerusal\u00e9m, Judeia, Samaria e at\u00e9 os confins da terra. Atos 8.1 marca o in\u00edcio daquilo que foi anunciado em Atos 1.8.<\/p>\n<p><strong>I \u2013 <\/strong><strong>EST\u00caV\u00c3O E A IGREJA QUE TEM SUA F\u00c9 CONTESTADA<\/strong><\/p>\n<ol>\n<li><strong> Aprendendo com Est\u00eav\u00e3o. <\/strong>Com Est\u00eav\u00e3o, em Atos 6 e 7, aprendemos que a f\u00e9 crist\u00e3 sempre ser\u00e1 questionada. Ele enfrentou oposi\u00e7\u00e3o, e todo crist\u00e3o tamb\u00e9m enfrentar\u00e1. A f\u00e9 ser\u00e1 colocada \u00e0 prova, sem espa\u00e7o para indecis\u00e3o. Al\u00e9m disso, Est\u00eav\u00e3o nos ensina que todo crist\u00e3o deve saber defender sua f\u00e9. Explicar e sustentar as cren\u00e7as crist\u00e3s \u00e9 uma responsabilidade da Igreja, e cada crente precisa entender no que acredita e como responder a desafios. No entanto, em um mundo que muitas vezes se op\u00f5e ao Cristianismo, n\u00e3o basta apenas defender a f\u00e9 \u2014 \u00e9 preciso estar preparado at\u00e9 mesmo para enfrentar persegui\u00e7\u00f5es. Est\u00eav\u00e3o \u00e9 um exemplo de coragem, mostrando que tanto o crist\u00e3o quanto a Igreja devem estar dispostos a permanecer firmes, mesmo que isso signifique perder a liberdade ou at\u00e9 a pr\u00f3pria vida.<\/li>\n<li><strong> A f\u00e9 sob ataque. <\/strong>Lucas nos conta que, em um momento do minist\u00e9rio de Est\u00eav\u00e3o, um grupo de judeus que vivia fora de Israel, chamado de judeus helenistas, se levantou contra ele. Esses judeus faziam parte da Di\u00e1spora, ou seja, eram pessoas que tinham se espalhado por outras regi\u00f5es, fora do territ\u00f3rio de Israel. Eles n\u00e3o concordaram com o que Est\u00eav\u00e3o estava ensinando e come\u00e7aram a se opor ao seu trabalho (At 6.9). Esse levante aconteceu logo ap\u00f3s Est\u00eav\u00e3o fazer \u201cprod\u00edgios e grandes sinais entre o povo\u201d (At 6.8). \u00c9 interessante observar que o verbo grego usado aqui,\u00a0<em>anistemi<\/em>, com o sentido de \u201clevantar\u201d \u00e9 o mesmo verbo usado por Marcos quando disse que houve testemunhas falsas que se levantaram para acusar Jesus (Mc 14.57). Anteriormente, Cristo j\u00e1 fora atacado no seu minist\u00e9rio terreno, agora o ciclo se repetia com seus seguidores. A f\u00e9 crist\u00e3 sempre ser\u00e1 alvo e objeto de ataque. Se a igreja \u00e9 verdadeiramente crist\u00e3, sempre haver\u00e1 em algum lugar um levante. Neste epis\u00f3dio, o levante fora motivado por conta da inveja que os religiosos sentiram ao verem suas sinagogas esvaziadas por motivo das pessoas se renderem a um Evangelho de poder. Uma igreja b\u00edblica sempre estar\u00e1 sob ataque e ter\u00e1 sua f\u00e9 contestada.<\/li>\n<li><strong> A disputa com Est\u00eav\u00e3o. <\/strong>Uma outra palavra usada nesse texto merece nossa aten\u00e7\u00e3o. \u00c9 o voc\u00e1bulo \u201c<em>suz\u00e9te\u00f3\u201d<\/em>, traduzido aqui como \u201c<em>disputavam\u201d<\/em>: \u201cE disputavam com Est\u00eav\u00e3o\u201d (At 6.9). Os l\u00e9xicos, ou dicion\u00e1rios de grego-portugu\u00eas, observam que este termo era frequentemente usado no contexto de discuss\u00f5es religiosas ou filos\u00f3ficas, onde diferentes pontos de vistas estavam sendo examinados ou desafiados. Era uma forma de debater ideias e impor aos outros sua forma de enxergar as coisas. Em outras palavras, os judeus helenistas n\u00e3o estavam simplesmente \u201cdiscutindo\u201d com Est\u00eav\u00e3o, isto \u00e9, batendo boca, mas procurando, a todo custo, sobrepor sua cosmovis\u00e3o atrav\u00e9s de uma narrativa bem constru\u00edda.<\/li>\n<li><strong>A falsa narrativa.<\/strong>\u00a0A Igreja sempre teve de lidar e combater as falsas narrativas. Nos dias de Jesus, Ele foi acusado de enganar o povo (Jo 7.12); quando Ele ressuscitou, criaram a narrativa de que seu corpo havia sido roubado pelos disc\u00edpulos (Mt 28.13). O ap\u00f3stolo Paulo foi acusado de pregar contra os decretos de C\u00e9sar (At 17.7) e pelo fato de pregar a respeito de Jesus e da ressurrei\u00e7\u00e3o, o acusaram de pregar \u201cdeuses estranhos\u201d (At 17.18). Hoje n\u00e3o \u00e9 diferente. A igreja luta em v\u00e1rias frentes com falsas narrativas que a todo custo querem minar o seu testemunho e desacredit\u00e1-la. Voc\u00ea pode reconhecer algumas dessas narrativas?<\/li>\n<\/ol>\n<p><strong>II \u2013 <\/strong><strong>EST\u00caV\u00c3O E A IGREJA QUE DEFENDE SUA F\u00c9<\/strong><\/p>\n<ol>\n<li><strong> Deus na hist\u00f3ria do seu povo. <\/strong>Est\u00eav\u00e3o \u00e9 conhecido como o primeiro defensor da f\u00e9 crist\u00e3 e o primeiro m\u00e1rtir da Igreja. Ele faz uma defesa apaixonada da f\u00e9, usando a pr\u00f3pria hist\u00f3ria do povo de Israel como base. No cap\u00edtulo 7 do livro de Atos, encontramos seu discurso completo, no qual, guiado pelo Esp\u00edrito Santo, ele n\u00e3o apenas mostra como Deus sempre agiu na hist\u00f3ria do seu povo, mas tamb\u00e9m revela o prop\u00f3sito principal dessa hist\u00f3ria: provar que Jesus \u00e9 o Cristo. Durante sua fala, Est\u00eav\u00e3o menciona grandes nomes como Abra\u00e3o, Jos\u00e9 e Mois\u00e9s, destacando que todos eles viveram na esperan\u00e7a da vinda do Messias, que mesmo sendo t\u00e3o esperado, acabou rejeitado. A defesa de Est\u00eav\u00e3o nos ensina que toda explica\u00e7\u00e3o e defesa da f\u00e9 crist\u00e3 \u2014 a chamada apolog\u00e9tica \u2014 deve sempre ter um objetivo central: apontar para Jesus Cristo.<\/li>\n<li><strong>Cora\u00e7\u00f5es endurecidos.<\/strong>\u00a0Concluindo sua defesa da f\u00e9, Est\u00eav\u00e3o disse: \u201cHomens de dura cerviz e incircuncisos de cora\u00e7\u00e3o e ouvido, v\u00f3s sempre resistis ao Esp\u00edrito Santo; assim, v\u00f3s sois como vossos pais\u201d (At 7.51). Mesmo diante dos fatos apresentados por Est\u00eav\u00e3o em uma defesa suficientemente convincente, seus advers\u00e1rios preferiram ignorar. Na verdade, ningu\u00e9m convence quem n\u00e3o quer ser convencido. Deus n\u00e3o for\u00e7a ningu\u00e9m a crer, nem tampouco o condena sem lhe dar, antes, oportunidade. O texto mostra que o Esp\u00edrito Santo n\u00e3o tem espa\u00e7o em cora\u00e7\u00f5es endurecidos.<\/li>\n<\/ol>\n<p><strong>III \u2013 <\/strong><strong>EST\u00caV\u00c3O E O MART\u00cdRIO DA IGREJA<\/strong><\/p>\n<ol>\n<li><strong> Contemplando a vit\u00f3ria da cruz. <\/strong>Diante de um grupo enfurecido (At 7.54), Est\u00eav\u00e3o contemplou a gl\u00f3ria de Deus: \u201cEis que vejo os c\u00e9us abertos e o Filho do Homem, que est\u00e1 em p\u00e9 \u00e0 m\u00e3o direita de Deus\u201d (At 7.56). Uma igreja que contempla o Cristo glorificado n\u00e3o nega a sua f\u00e9, pois ela contempla a vit\u00f3ria da cruz. Assim como Est\u00eav\u00e3o, o ap\u00f3stolo Paulo demonstrou estar pronto, n\u00e3o somente para sofrer pelo nome de Jesus, mas morrer por Ele (At 21.13). Uma igreja que mant\u00e9m seus olhos no Cristo glorificado n\u00e3o tem nada a temer.<\/li>\n<li><strong>Perdoando o agressor.<\/strong>\u00a0A \u00faltima declara\u00e7\u00e3o de Est\u00eav\u00e3o antes de sua morte \u00e9 marcante e cheia de significado: \u201cE, pondo-se de joelhos, clamou com grande voz: Senhor, n\u00e3o lhes imputes este pecado. E, tendo dito isto, adormeceu\u201d (At 7.60). Aqui vemos um crist\u00e3o que n\u00e3o teme a morte porque contempla a coroa da vida (Ap 2.10). Temos aqui a figura de uma igreja que, literalmente, se d\u00e1 pelo perdido, que se sacrifica por ele. Esse deve ser o modelo a seguir.<\/li>\n<\/ol>\n<p><strong>CONCLUS\u00c3O<\/strong><\/p>\n<p>Est\u00eav\u00e3o, um dos sete escolhidos para o trabalho social da primeira igreja, representa o modelo de uma igreja verdadeiramente b\u00edblica. Qualificado, cheio de f\u00e9 e do Esp\u00edrito Santo, n\u00e3o teme se posicionar diante de um mundo e de uma cultura contr\u00e1rios. N\u00e3o teme o sofrimento e nem mesmo a morte na defesa daquilo que acredita e prega. \u00c9 o modelo de uma igreja, que em vez de ficar no seu conforto, vai at\u00e9 as \u00faltimas consequ\u00eancias, arriscando-se pelo seu Senhor.<\/p>\n<p>&nbsp;<\/p>\n<p>&nbsp;<\/p>\n<p>&nbsp;<\/p>\n<p><strong>Postado por: <\/strong>Pr. Ademilson Braga<\/p>\n<p style=\"text-align: right;\"><strong>Fonte: <\/strong>Revista CPAD<\/p>\n<p>&nbsp;<\/p>\n<p>&nbsp;<\/p>\n<p>&nbsp;<\/p>\n<p>&nbsp;<\/p>\n<p>&nbsp;<\/p>\n<p>&nbsp;<\/p>\n","protected":false},"excerpt":{"rendered":"<p>EBD \u2013 Adultos &#8211; EDI\u00c7\u00c3O: 697 &#8211; 3\u00ba Trimestre &#8211; Ano: 2025 &#8211; Editora: CPAD LI\u00c7\u00c3O &#8211; 09 \u2013 31 de agosto de 2025 TEXTO \u00c1UREO \u201cMas ele, estando cheio do Esp\u00edrito Santo e fixando os olhos no c\u00e9u, viu a gl\u00f3ria de Deus e Jesus, que estava \u00e0 direita de Deus.\u201d\u00a0(At 7.55). VERDADE PR\u00c1TICA [&hellip;]<\/p>\n","protected":false},"author":2,"featured_media":11008,"comment_status":"open","ping_status":"open","sticky":false,"template":"","format":"standard","meta":{"footnotes":""},"categories":[949,7],"tags":[52],"class_list":["post-11007","post","type-post","status-publish","format-standard","has-post-thumbnail","hentry","category-cpad","category-e-b-d","tag-igreja"],"_links":{"self":[{"href":"http:\/\/www.searadecristo.com.br\/portal\/wp-json\/wp\/v2\/posts\/11007","targetHints":{"allow":["GET"]}}],"collection":[{"href":"http:\/\/www.searadecristo.com.br\/portal\/wp-json\/wp\/v2\/posts"}],"about":[{"href":"http:\/\/www.searadecristo.com.br\/portal\/wp-json\/wp\/v2\/types\/post"}],"author":[{"embeddable":true,"href":"http:\/\/www.searadecristo.com.br\/portal\/wp-json\/wp\/v2\/users\/2"}],"replies":[{"embeddable":true,"href":"http:\/\/www.searadecristo.com.br\/portal\/wp-json\/wp\/v2\/comments?post=11007"}],"version-history":[{"count":2,"href":"http:\/\/www.searadecristo.com.br\/portal\/wp-json\/wp\/v2\/posts\/11007\/revisions"}],"predecessor-version":[{"id":11010,"href":"http:\/\/www.searadecristo.com.br\/portal\/wp-json\/wp\/v2\/posts\/11007\/revisions\/11010"}],"wp:featuredmedia":[{"embeddable":true,"href":"http:\/\/www.searadecristo.com.br\/portal\/wp-json\/wp\/v2\/media\/11008"}],"wp:attachment":[{"href":"http:\/\/www.searadecristo.com.br\/portal\/wp-json\/wp\/v2\/media?parent=11007"}],"wp:term":[{"taxonomy":"category","embeddable":true,"href":"http:\/\/www.searadecristo.com.br\/portal\/wp-json\/wp\/v2\/categories?post=11007"},{"taxonomy":"post_tag","embeddable":true,"href":"http:\/\/www.searadecristo.com.br\/portal\/wp-json\/wp\/v2\/tags?post=11007"}],"curies":[{"name":"wp","href":"https:\/\/api.w.org\/{rel}","templated":true}]}}