{"id":10465,"date":"2024-10-28T06:16:43","date_gmt":"2024-10-28T09:16:43","guid":{"rendered":"https:\/\/www.searadecristo.com.br\/portal\/?p=10465"},"modified":"2024-10-27T18:32:35","modified_gmt":"2024-10-27T21:32:35","slug":"protecao-contra-a-preguica","status":"publish","type":"post","link":"http:\/\/www.searadecristo.com.br\/portal\/protecao-contra-a-preguica\/","title":{"rendered":"Prote\u00e7\u00e3o contra a pregui\u00e7a"},"content":{"rendered":"<p><strong>EBD \u2013 <\/strong>Jovens<strong> &#8211; EDI\u00c7\u00c3O: 200 <\/strong>&#8211; 4\u00ba Trimestre &#8211; Ano: 2024 &#8211; Editora: CPAD<\/p>\n<p><strong>LI\u00c7\u00c3O \u2013 05 <\/strong>\u2013 03 de novembro de 2024<\/p>\n<p><strong>TEXTO PRINCIPAL<\/p>\n<p><\/strong>\u201cO pregui\u00e7oso n\u00e3o assar\u00e1 a sua ca\u00e7a, mas o bem precioso do homem \u00e9 ser diligente.\u201d <strong>(Pv 12.27)<\/strong><\/p>\n<p><strong>LEITURA SEMANAL<\/strong><\/p>\n<p><strong>Segunda-feira\u00a0<\/strong>\u2013 Pv 6.6-11<br \/>\nO exemplo da formiga<br \/>\n<strong>Ter\u00e7a-feira\u00a0<\/strong>\u2013 Pv 24.30-34<br \/>\nO mau exemplo de um pregui\u00e7oso<br \/>\n<strong>Quarta-feira\u00a0<\/strong>\u2013 Pv 26.13-16<br \/>\nUma ironia a respeito da pregui\u00e7a<br \/>\n<strong>Quinta-feira\u00a0<\/strong>\u2013 Dn 6.10-13<br \/>\nA import\u00e2ncia de uma rotina saud\u00e1vel<br \/>\n<strong>Sexta-feira\u00a0<\/strong>\u2013 II Ts 3.10-12<br \/>\n\u00c9 preciso se dedicar ao trabalho<br \/>\n<strong>S\u00e1bado\u00a0<\/strong>\u2013 Rm 12.11<br \/>\nN\u00e3o pode faltar zelo e fervor na vida crist\u00e3<\/p>\n<p><strong>TEXTO B\u00cdBLICO<\/strong><\/p>\n<p>Prov\u00e9rbios 6<\/p>\n<p>6 Vai ter com a formiga, \u00f3 pregui\u00e7oso: olha para os seus caminhos e s\u00ea s\u00e1bio.<br \/>\n7 A qual, n\u00e3o tendo superior, nem oficial, nem dominador.<br \/>\n8 Prepara no ver\u00e3o o seu p\u00e3o; na sega ajunta o seu mantimento.<br \/>\n9 \u00d3 pregui\u00e7oso, at\u00e9 quando ficar\u00e1s deitado? Quando te levantar\u00e1s do teu sono?<br \/>\n10 Um pouco de sono, um pouco tosquenejando, um pouco encruzando as m\u00e3os. para estar deitado<br \/>\n11 Assim te sobrevir\u00e1 a tua pobreza como um ladr\u00e3o, e a tua necessidade, como um homem armado<\/p>\n<p>Prov\u00e9rbios 24<\/p>\n<p>30 Passei pelo campo do pregui\u00e7oso e junto \u00e0 vinha do homem falto de entendimento.<br \/>\n31 E eis que toda estava cheia de cardos e a sua superf\u00edcie, coberta de urtigas, e a sua parede de pedra estava derribada.<br \/>\n32 O que tendo eu visto, o considerei e, vendo-o, recebi instru\u00e7\u00e3o.<br \/>\n33 Um pouco de sono, adormecendo um pouco, encruzando as m\u00e3os outro pouco, para estar deitado.<br \/>\n34 Assim sobrevir\u00e1 a tua pobreza como um ladr\u00e3o, e a tua necessidade como um homem armado.<\/p>\n<p>Prov\u00e9rbios 26<\/p>\n<p>13 Diz o pregui\u00e7oso: Um le\u00e3o est\u00e1 no caminho: um le\u00e3o est\u00e1 nas ruas<br \/>\n14 Como a porta se revolve nos seus gonzos, assim o pregui\u00e7oso, na sua cama.<br \/>\n15 O pregui\u00e7oso esconde a m\u00e3o no seio: enfada-se de a levar \u00e0 sua boca.<br \/>\n16 Mais s\u00e1bio \u00e9 o pregui\u00e7oso a seus olhos do que sete homens que bem respondem<\/p>\n<p><strong>INTRODU\u00c7\u00c3O<\/strong><\/p>\n<p>Nesta li\u00e7\u00e3o, estudaremos a advert\u00eancia do Livro de Prov\u00e9rbios quanto \u00e0 pregui\u00e7a. Veremos que a Palavra de Deus tem muito a nos ensinar a respeito do assunto. Assim, \u00e0 luz da explica\u00e7\u00e3o do texto b\u00edblico que serve de leitura b\u00edblica em classe, conceituaremos a pregui\u00e7a, faremos uma distin\u00e7\u00e3o entre o que ela \u00e9 e o que n\u00e3o \u00e9. Finalmente, refletiremos algumas formas b\u00e1sicas de se prevenir a respeito da pregui\u00e7a. Que haja zelo e fervor em nossos cora\u00e7\u00f5es no lugar da pregui\u00e7a!<\/p>\n<p><strong>I \u2013 <\/strong><strong>UMA ADVERT\u00caNCIA CONTRA A PREGUI\u00c7A<\/strong><\/p>\n<p><strong>1- Informa\u00e7\u00f5es iniciais.<\/strong>\u00a0O Livro de Prov\u00e9rbios tem diversas advert\u00eancias de car\u00e1ter pr\u00e1tico na vida dos jovens. No capitulo 6. dentre muitas advert\u00eancias (vv.1-19). priorizaremos a advert\u00eancia contra a pregui\u00e7a (vv.6-11). Correlaciona- remos esta se\u00e7\u00e3o com a de Prov\u00e9rbios 24.30-34 que traz uma admoesta\u00e7\u00e3o contra o pregui\u00e7oso. Tamb\u00e9m, ampliaremos essa advert\u00eancia b\u00edblica por meio de um retrato ir\u00f4nico que o s\u00e1bio faz a respeito do pregui\u00e7oso.<br \/>\n<strong>2- Prov\u00e9rbios 6.6-11.<\/strong> A advert\u00eancia contra a pregui\u00e7a em Prov\u00e9rbios 6 traz, na verdade, o est\u00edmulo \u00e0 pr\u00e1tica das virtudes da dilig\u00eancia e do trabalho, uma vez que a pregui\u00e7a contraria a ambos. Por isso, o s\u00e1bio se volta para a natureza e, por meio da observa\u00e7\u00e3o da formiga, ele ensina li\u00e7\u00f5es de dilig\u00eancia e do trabalho. As formigas nos ensinam zelosa organiza\u00e7\u00e3o, mesmo que n\u00e3o tenha um chefe (vv.6.7), ela nos ensina uma dimens\u00e3o muito consciente do tempo de trabalho e descanso bem recompensado (v.8). O s\u00e1bio pergunta ao pregui\u00e7oso a fim de que ele fa\u00e7a uma autorreflex\u00e3o de sua condi\u00e7\u00e3o (v.9). E, ao final da se\u00e7\u00e3o, arremata: a pobreza se abater\u00e1 inesperadamente sobre o pregui\u00e7oso (vv.10.11).<br \/>\n<strong>3- Prov\u00e9rbios 24.30-34; 26.13-16.\u00a0<\/strong>Prov\u00e9rbios 24.30-34 traz a observa\u00e7\u00e3o do s\u00e1bio a respeito do campo do pregui\u00e7oso. E o que ele contempla: total desordem e aus\u00eancia de diligente (vv.30,31). Diante da reflex\u00e3o desse quadro, o s\u00e1bio arremata mais uma vez (v.32): a pobreza vir\u00e1 sobre o pregui\u00e7oso de forma inesperada. Em Prov\u00e9rbios 26.13-16 o s\u00e1bio faz uma ironia a respeito das \u201cdesculpas do pregui\u00e7oso\u201d contra ser diligente e trabalhador: \u201cum le\u00e3o est\u00e1 no caminho, um le\u00e3o est\u00e1 nas ruas\u201d (v.13). O pregui\u00e7oso n\u00e3o levanta da cama, n\u00e3o tem a coragem de levar \u00e0 m\u00e3o a boca (vv.14.15) e, ainda, diante de sete pessoas que respondem bem, ele se acha s\u00e1bio, dono da verdade, ou seja, o pregui\u00e7oso entra num processo de nega\u00e7\u00e3o (v.16)<strong>\u00a0<\/strong><\/p>\n<p><strong>II \u2013 <\/strong><strong>A PREGUI\u00c7A E SUAS CONSEQU\u00caNCIAS<\/strong><\/p>\n<p><strong>1- Conceituando a pregui\u00e7a.\u00a0<\/strong>De maneira geral, pregui\u00e7a tem a ver com avers\u00e3o ao trabalho, um estado de prostra\u00e7\u00e3o,\u00a0morosidade\u00a0e lentid\u00e3o. Do ponto de vista psicol\u00f3gico, tem a ver com uma indisposi\u00e7\u00e3o cr\u00f3nica para realizar atividades corriqueiras, pode se revelar como avers\u00e3o \u00e0 ideia de disciplina e ordem e tamb\u00e9m, pode ser um sintoma que revela um problema org\u00e2nico. Al\u00e9m disso, com a pregui\u00e7a, \u00e9 poss\u00edvel desencadear sentimentos como t\u00e9dio, melancolia e, a partir de uma combina\u00e7\u00e3o de fatores org\u00e2nicos e ambientais, a depress\u00e3o. Quem nunca sentiu aquele sentimento de vazio ao tomar consci\u00eancia da perda do tempo por causa de uma prostra\u00e7\u00e3o causada pela pregui\u00e7a? Quando esse estado se torna cr\u00f4nico, at\u00e9 mesmo a sa\u00fade \u00e9 afetada.<br \/>\n<strong>2- O que n\u00e3o \u00e9 pregui\u00e7a?<\/strong> \u00c9 muito importante ressaltar aqui o que n\u00e3o \u00e9 pregui\u00e7a. Descansar n\u00e3o \u00e9 pregui\u00e7a (Gn 2.2). Muito pelo contr\u00e1rio, \u00e9 um princ\u00edpio b\u00edblico que, se ignorado, levar\u00e1 o ser humano \u00e0 exaust\u00e3o f\u00edsica e mental. Tamb\u00e9m n\u00e3o podemos confundir a pregui\u00e7a com causas org\u00e2nicas. \u00c0s vezes o que muitos entendem por pregui\u00e7a tem a ver com aus\u00eancia de nutrientes provenientes de uma alimenta\u00e7\u00e3o pouco saud\u00e1vel. ou aus\u00eancia do tempo necess\u00e1rio de um sono reparador ou, at\u00e9 mesmo. uma disfun\u00e7\u00e3o qu\u00edmica na produ\u00e7\u00e3o de horm\u00f4nio em nosso organismo que tenha a ver com disposi\u00e7\u00e3o e vitalidade. Portanto, nem tudo \u00e9 pregui\u00e7a!<br \/>\n<strong>3- A pregui\u00e7a paralisa seu desenvolvimento.<\/strong> A pregui\u00e7a, contra a qual a B\u00edblia adverte, paralisa o desenvolvimento espiritual, afetivo, acad\u00e9mico e profissional do jovem. Ela liquida o senso da responsabilidade na vida. Ora, se entrarmos num modo m\u00f3rbido de inatividade, infelizmente, sofreremos consequ\u00eancias s\u00e9rias em nossa vida. Por exemplo, a nossa vida devocional depende do senso de responsabilidade em manter certa disciplina (Dn 6.10-13). Nossa disposi\u00e7\u00e3o para o relacionamento social tem a ver com investir aten\u00e7\u00e3o e tempo com o pr\u00f3ximo. Atingir o objetivo de passar em um concurso importante, ou vestibular, a fim de entrar em uma boa universidade tem a ver em manter o foco para atingir o objetivo. O sucesso profissional depende da disposi\u00e7\u00e3o em fazer o melhor sempre. A pregui\u00e7a, como uma disposi\u00e7\u00e3o m\u00f3rbida, sabota tudo isso. N\u00e3o por acaso, no Novo Testamento, o ap\u00f3stolo Paulo exorta sobre n\u00e3o ficar ocioso e trabalhar para comer o pr\u00f3prio p\u00e3o (II Ts 3.10-12) e n\u00e3o faltar zelo e fervor na vida (Rm 12.11). O que lemos em Prov\u00e9rbios 6. 24 e 26 est\u00e1 alinhado com o que o ap\u00f3stolo Paulo\u00a0ensinou e com a realidade da vida.<\/p>\n<p><strong>III \u2013 <\/strong><strong>PROTEGENDO-SE CONTRA A PREGUI\u00c7A<\/strong><\/p>\n<p><strong>1- Desenvolvendo o senso de responsabilidade.<\/strong>\u00a0N\u00e3o h\u00e1 um passo a passo para vencer a pregui\u00e7a. Contudo, construir um senso de responsabilidade \u00e9 um bom in\u00edcio. Ele tem a ver com a clareza do prop\u00f3sito de sua vida. Voc\u00ea conseguiria responder qual o prop\u00f3sito da sua vida? O senso de responsabilidade tem a ver com a consci\u00eancia que temos da voca\u00e7\u00e3o da nossa vida. De acordo com isso \u00e9 que teremos motiva\u00e7\u00e3o para levantar todo dia a fim de fazer alguma coisa. De acordo com Prov\u00e9rbios 6, o pregui\u00e7oso n\u00e3o tem motiva\u00e7\u00e3o para se levantar (Pv 6.9.10, cf. 24.33). Assim, algumas perguntas assertivas podem ser feitas a n\u00f3s mesmos para criar esse senso de responsabilidade: \u201cQual \u00e9 o prop\u00f3sito da minha vida?\u201d \u201cO que eu desejo que Deus pense ao meu respeito?\u201d \u201cQue legado quero deixar para as pessoas com as quais eu me relaciono? \u201cQue senso de responsabilidade o do ap\u00f3stolo\u00a0Paulo: \u201cPorque, se anuncio o evangelho, n\u00e3o tenho de que me gloriar, pois me \u00e9 imposta essa obriga\u00e7\u00e3o; e ai de mim se n\u00e3o anunciar o evangelho!\u201d (I Co 9.16).<br \/>\n<strong>2- Cuidando do corpo.<\/strong> Com o senso de responsabilidade estabelecido, agora devemos fazer a manuten\u00e7\u00e3o do nosso corpo para executar a nossa responsabilidade. Uma coisa que geralmente nos descuidamos na juventude \u00e9 com o nosso corpo e com a alimenta\u00e7\u00e3o, condicionamento f\u00edsico e o sono. Se n\u00e3o nos alimentarmos bem e de maneira saud\u00e1vel, n\u00e3o teremos os nutrientes adequados para dar conta da nossa responsabilidade (At 27.33-38). Tamb\u00e9m se n\u00e3o cuidarmos do nosso condicionamento f\u00edsico teremos problemas f\u00edsicos e falta de mobilidade para dar conta de uma rotina (Ef 5.29). Tamb\u00e9m n\u00e3o \u00e9 poss\u00edvel dormir tarde, acordar cedo e render bem ao longo do dia. \u00c9 imposs\u00edvel! O sono \u00e9 precioso para a nossa recupera\u00e7\u00e3o ap\u00f3s um dia de trabalho e de estudo (I Rs 19.5.6). Por isso, alimente-se de maneira saud\u00e1vel, trate de seu condicionamento f\u00edsico e durma num hor\u00e1rio regular em que o seu corpo descanse e se restabele\u00e7a para uma nova rotina. Seu corpo agradecer\u00e1 e sua mente ficar\u00e1 mais leve. A pregui\u00e7a faz pesar o corpo e a mente.<br \/>\n<strong>3- Cultivando uma rotina saud\u00e1vel.\u00a0<\/strong>Observe a natureza! O exemplo da formiga, visto em Prov\u00e9rbios 6, mostra-nos como seu ritmo e tempo s\u00e3o harmoniosos Olhe para as 4 esta\u00e7\u00f5es outono, inverno, primavera e ver\u00e3o! Independentemente do que ocorra no mundo, esse ciclo acontecer\u00e1 Devemos aprender com a natureza. Ora, a rotina n\u00e3o \u00e9 para nos oprimir, pelo contr\u00e1rio, \u00e9 para nos dar maior liberdade para escolher as melhores op\u00e7\u00f5es que est\u00e3o diante de n\u00f3s. Nenhum atleta chega ao objetivo sem uma rotina. Nenhum escritor publica um livro sem uma rotina b\u00e1sica. Nenhum artista desenha uma tela sem uma rotina que se enquadre \u00e0 sua realidade. Lembremo-nos que o primeiro cap\u00edtulo de G\u00eanesis mostra um Deus que trabalhou com rotina (Gn 1.2). Em N\u00fameros, Ele ensinou o seu povo a se organizar e desenvolver uma rotina (Nm 1.2). A rotina \u00e9 um grande ant\u00eddoto contra a pregui\u00e7a e Deus espera que nos organizemos, por meio de uma rotina saud\u00e1vel, tanto por dentro quanto por fora.<strong>\u00a0<\/strong><\/p>\n<p><strong>CONCLUS\u00c3O<\/strong><\/p>\n<p>O livro de Prov\u00e9rbios revela muitas advert\u00eancias contra a pregui\u00e7a. Que nesta oportunidade, tomamos como convite da Palavra de Deus para o nosso bem-estar. Cuidemos do nosso senso de responsabilidade, da nossa alimenta\u00e7\u00e3o e do sono, bem como do estabelecimento de uma rotina saud\u00e1vel. Esses cuidados s\u00e3o iniciativas s\u00e1bias para prevenir a pregui\u00e7a e, consequentemente, desenvolvermos a nossa vida sob o ponto de vista espiritual, afetivo, acad\u00e9mico e profissional.<\/p>\n<p>&nbsp;<\/p>\n<p>&nbsp;<\/p>\n<h3><strong>\u00a0<\/strong><\/h3>\n<p>&nbsp;<\/p>\n<p><strong>Postado por: <\/strong>Pr. Ademilson Braga<\/p>\n<p style=\"text-align: right;\"><strong>Fonte: <\/strong>Editora CPAD<\/p>\n<p>&nbsp;<\/p>\n<p>&nbsp;<\/p>\n<p>&nbsp;<\/p>\n<p>&nbsp;<\/p>\n<p>&nbsp;<\/p>\n<p>&nbsp;<\/p>\n<p>&nbsp;<\/p>\n","protected":false},"excerpt":{"rendered":"<p>EBD \u2013 Jovens &#8211; EDI\u00c7\u00c3O: 200 &#8211; 4\u00ba Trimestre &#8211; Ano: 2024 &#8211; Editora: CPAD LI\u00c7\u00c3O \u2013 05 \u2013 03 de novembro de 2024 TEXTO PRINCIPAL \u201cO pregui\u00e7oso n\u00e3o assar\u00e1 a sua ca\u00e7a, mas o bem precioso do homem \u00e9 ser diligente.\u201d (Pv 12.27) LEITURA SEMANAL Segunda-feira\u00a0\u2013 Pv 6.6-11 O exemplo da formiga Ter\u00e7a-feira\u00a0\u2013 Pv [&hellip;]<\/p>\n","protected":false},"author":2,"featured_media":10466,"comment_status":"open","ping_status":"open","sticky":false,"template":"","format":"standard","meta":{"footnotes":""},"categories":[7,973],"tags":[1465,1462],"class_list":["post-10465","post","type-post","status-publish","format-standard","has-post-thumbnail","hentry","category-e-b-d","category-jovens-cpad","tag-preguica","tag-protecao"],"_links":{"self":[{"href":"http:\/\/www.searadecristo.com.br\/portal\/wp-json\/wp\/v2\/posts\/10465","targetHints":{"allow":["GET"]}}],"collection":[{"href":"http:\/\/www.searadecristo.com.br\/portal\/wp-json\/wp\/v2\/posts"}],"about":[{"href":"http:\/\/www.searadecristo.com.br\/portal\/wp-json\/wp\/v2\/types\/post"}],"author":[{"embeddable":true,"href":"http:\/\/www.searadecristo.com.br\/portal\/wp-json\/wp\/v2\/users\/2"}],"replies":[{"embeddable":true,"href":"http:\/\/www.searadecristo.com.br\/portal\/wp-json\/wp\/v2\/comments?post=10465"}],"version-history":[{"count":1,"href":"http:\/\/www.searadecristo.com.br\/portal\/wp-json\/wp\/v2\/posts\/10465\/revisions"}],"predecessor-version":[{"id":10467,"href":"http:\/\/www.searadecristo.com.br\/portal\/wp-json\/wp\/v2\/posts\/10465\/revisions\/10467"}],"wp:featuredmedia":[{"embeddable":true,"href":"http:\/\/www.searadecristo.com.br\/portal\/wp-json\/wp\/v2\/media\/10466"}],"wp:attachment":[{"href":"http:\/\/www.searadecristo.com.br\/portal\/wp-json\/wp\/v2\/media?parent=10465"}],"wp:term":[{"taxonomy":"category","embeddable":true,"href":"http:\/\/www.searadecristo.com.br\/portal\/wp-json\/wp\/v2\/categories?post=10465"},{"taxonomy":"post_tag","embeddable":true,"href":"http:\/\/www.searadecristo.com.br\/portal\/wp-json\/wp\/v2\/tags?post=10465"}],"curies":[{"name":"wp","href":"https:\/\/api.w.org\/{rel}","templated":true}]}}