{"id":10402,"date":"2024-09-23T06:02:00","date_gmt":"2024-09-23T09:02:00","guid":{"rendered":"http:\/\/www.searadecristo.com.br\/portal\/?p=10402"},"modified":"2024-09-22T11:03:36","modified_gmt":"2024-09-22T14:03:36","slug":"ester-a-portadora-das-boas-novas","status":"publish","type":"post","link":"http:\/\/www.searadecristo.com.br\/portal\/ester-a-portadora-das-boas-novas\/","title":{"rendered":"Ester, a portadora das boas-novas"},"content":{"rendered":"<p><strong><a href=\"http:\/\/www.searadecristo.com.br\/portal\/wp-content\/uploads\/2019\/07\/Logotipo-EBD-2.jpg\"><img loading=\"lazy\" decoding=\"async\" class=\"wp-image-6090 alignleft\" src=\"http:\/\/www.searadecristo.com.br\/portal\/wp-content\/uploads\/2019\/07\/Logotipo-EBD-2-298x300.jpg\" alt=\"\" width=\"138\" height=\"139\" srcset=\"http:\/\/www.searadecristo.com.br\/portal\/wp-content\/uploads\/2019\/07\/Logotipo-EBD-2-298x300.jpg 298w, http:\/\/www.searadecristo.com.br\/portal\/wp-content\/uploads\/2019\/07\/Logotipo-EBD-2-150x150.jpg 150w, http:\/\/www.searadecristo.com.br\/portal\/wp-content\/uploads\/2019\/07\/Logotipo-EBD-2.jpg 390w\" sizes=\"auto, (max-width: 138px) 100vw, 138px\" \/><\/a>EBD \u2013 <\/strong>Adultos &#8211; <strong>EDI\u00c7\u00c3O: <\/strong><strong>649<\/strong> &#8211; 3\u00ba Trimestre &#8211; Ano: 2024 &#8211; Editora: CPAD<\/p>\n<p><strong>LI\u00c7\u00c3O &#8211; <\/strong><strong>13<\/strong> \u2013 29 de setembro de 2024<\/p>\n<p><strong>TEXTO \u00c1UREO<\/strong><\/p>\n<p>\u201cE para os judeus houve luz, e alegria, e gozo, e honra.\u201d <strong>(Et 8.16)<\/strong><\/p>\n<p><strong>VERDADE PR\u00c1TICA<\/strong><\/p>\n<p>O Senhor \u00e9 poderoso para transformar trevas em luz, tristeza em alegria, ang\u00fastia em j\u00fabilo, humilha\u00e7\u00e3o em honra.<\/p>\n<p><strong>LEITURA DI\u00c1RIA<\/strong><\/p>\n<p><strong>Segunda-feira\u00a0<\/strong>\u2013 Et 8.7,8<br \/>\nO decreto do rei Assuero n\u00e3o podia ser revogado<br \/>\n<strong>Ter\u00e7a-feira\u00a0<\/strong>\u2013 Dn 6.8,15<br \/>\nEssa \u00e9 a lei dos Medos e dos Persas que remonta ao rei Assuero<br \/>\n<strong>Quarta-feira\u00a0<\/strong>\u2013 Et 9.20-28<br \/>\nO estabelecimento da Festa de Purim, uma festa comemorativa de livramento<br \/>\n<strong>Quinta-feira\u00a0<\/strong>\u2013 Et 10.3<br \/>\nMardoqueu \u00e9 engrandecido como o segundo maior do reino<br \/>\n<strong>Sexta-feira\u00a0<\/strong>\u2013 I Co 10.31<br \/>\nTudo o que fizermos deve ser feito para a gl\u00f3ria de Deus<br \/>\n<strong>S\u00e1bado\u00a0<\/strong>\u2013 Gn 1.27; 2.15-18<br \/>\nDeus chama homens e mulheres para serem relevantes no mundo<\/p>\n<p><strong>LEITURA B\u00cdBLICA<\/strong><\/p>\n<p>Ester 8<\/p>\n<p>4 \u2013 E estendeu o rei para Ester o cetro de ouro. Ent\u00e3o, Ester se levantou, e se p\u00f4s em p\u00e9 perante o rei,<br \/>\n5 \u2013 e disse: Se bem parecer ao rei, e se eu achei gra\u00e7a perante ele, e se este neg\u00f3cio \u00e9 reto diante do rei, e se eu lhe agrado aos seus olhos, escreva-se que se revoguem as cartas e o intento de Ham\u00e3, filho de Hamedata, o agagita, as quais ele escreveu para lan\u00e7ar a perder os judeus que h\u00e1 em todas as prov\u00edncias do rei.<br \/>\n6 \u2013 Por que como poderei ver o mal que sobrevir\u00e1 ao meu povo? E como poderei ver a perdi\u00e7\u00e3o da minha gera\u00e7\u00e3o?<br \/>\n7 \u2013 Ent\u00e3o, disse o rei Assuero \u00e0 rainha Ester e ao judeu Mardoqueu: Eis que dei a Ester a casa de Ham\u00e3, e a ele enforcaram numa forca, porquanto quisera p\u00f4r as m\u00e3os sobre os judeus.<br \/>\n8 \u2013 Escrevei, pois, aos judeus, como parecer bem aos vossos olhos e em nome do rei, e selai-o com o anel do rei; porque a escritura que se escreve em nome do rei e se sela com o anel do rei n\u00e3o \u00e9 para revogar.<\/p>\n<p>Ester 9<\/p>\n<p>29 \u2013 Depois disso, escreveu a rainha Ester, filha de Abiail, e Mardoqueu, o judeu, com toda a for\u00e7a, para confirmarem segunda vez esta carta de Purim.<br \/>\n30 \u2013 E mandaram cartas a todos os judeus, \u00e0s cento e vinte e sete prov\u00edncias do reino de Assuero, com palavras de paz e fidelidade,<br \/>\n31 \u2013 para confirmarem estes dias de Purim nos seus tempos determinados, como Mardoqueu, o judeu, e a rainha Ester lhes tinham estabelecido e como eles mesmos j\u00e1 o tinham estabelecido sobre si e sobre a sua semente, acerca do jejum e do seu clamor.<\/p>\n<p>Ester 10<\/p>\n<p>1 \u2013 Depois disto, p\u00f4s o rei Assuero tributo sobre a terra e sobre as ilhas do mar.<br \/>\n2 \u2013 E todas as obras do seu poder e do seu valor e a declara\u00e7\u00e3o da grandeza de Mardoqueu, a quem o rei engrandeceu, porventura, n\u00e3o est\u00e3o escritas no livro das cr\u00f4nicas dos reis da M\u00e9dia e da P\u00e9rsia?<br \/>\n3 \u2013 Porque o judeu Mardoqueu foi o segundo depois do rei Assuero, e grande para com os judeus, e agrad\u00e1vel para com a multid\u00e3o de seus irm\u00e3os, procurando o bem do seu povo e trabalhando pela prosperidade de toda a sua na\u00e7\u00e3o.<\/p>\n<p><strong>INTRODU\u00c7\u00c3O<\/strong><\/p>\n<p>O drama dos judeus nos dias do rei Assuero estava chegando ao fim. O rei editou um decreto concedendo o direito de defesa para as comunidades judaicas de todas as prov\u00edncias persas. Ester agiu como difusora de boas-novas e Mardoqueu foi engrandecido em todo o imp\u00e9rio.<\/p>\n<p><strong>I \u2013 <\/strong><strong>O PEDIDO DE DEFESA AOS JUDEUS E A CONCESS\u00c3O DO REI<\/strong><\/p>\n<p><strong>1- A humildade de Ester e sua s\u00faplica.\u00a0<\/strong>Assuero foi devidamente informado da gravidade do decreto redigido por Ham\u00e3 e assinado com seu anel. No dia 13 do d\u00e9cimo segundo m\u00eas, o m\u00eas de adar (entre fevereiro e mar\u00e7o de nosso calend\u00e1rio), os inimigos dos judeus poderiam mat\u00e1-los em todas as 127 prov\u00edncias do extenso Imp\u00e9rio Persa. O que poderia ser feito para evitar esse exterm\u00ednio em massa? De maneira reverente e com toda humildade, Ester suplicou ao rei que revogasse sua ordem, pondo fim ao intento de Ham\u00e3. Assuero fez ver \u00e0 rainha que j\u00e1 havia tomado as medidas que estavam ao seu alcance, como o enforcamento de Ham\u00e3, mas que n\u00e3o poderia revogar o decreto assinado (Et 8.7,8). Havia, ainda, um desafio para os judeus. Confiar em Deus n\u00e3o nos isenta de fazer a nossa parte (Js 1.3-9).<br \/>\n<strong>2- Seguran\u00e7a jur\u00eddica.\u00a0<\/strong>Apesar de todos os aspectos tir\u00e2nicos, autorit\u00e1rios e exc\u00eantricos dos reis da P\u00e9rsia, como o pr\u00f3prio Assuero, havia um limite para suas a\u00e7\u00f5es: o imp\u00e9rio da lei dos medos e persas. Dario, pai de Assuero, viveu uma experi\u00eancia parecida e n\u00e3o violou a norma. Mesmo estimando muito a\u00a0Daniel, n\u00e3o pode livr\u00e1-lo da cova dos le\u00f5es (Dn 6.8,15). Em qualquer na\u00e7\u00e3o, todos devem estar sujeitos \u00e0s leis (Rm 13.1). Jesus deu-nos esse exemplo (Mt 22.17-21). Em pa\u00edses democr\u00e1ticos, como o Brasil, todos os aspectos da vida p\u00fablica e privada s\u00e3o regrados por um ordenamento jur\u00eddico, sob uma Constitui\u00e7\u00e3o, que a todos vincula. Isso \u00e9 necess\u00e1rio para que haja previsibilidade e seguran\u00e7a jur\u00eddica. Nenhuma pessoa ou Poder est\u00e1 acima da\u00a0Constitui\u00e7\u00e3o Federal. Ningu\u00e9m pode agir de modo a viol\u00e1-la. As altera\u00e7\u00f5es constitucionais poss\u00edveis somente podem ser feitas pelo Parlamento, onde atuam os representantes eleitos pelo povo. Essa, pelo menos, \u00e9 a moldura constitucional. Oremos pelas autoridades de nosso pa\u00eds (I Tm 2.1,2).<br \/>\n<strong>3- O direito de defesa.\u00a0<\/strong>Assuero n\u00e3o podia revogar seu decreto, mas emitiu outro; uma esp\u00e9cie de contraordem, que permitia aos judeus exercerem seu direito de defesa diante de seus inimigos, no dia assinalado no decreto anterior (Et 8.8-13). O texto nos faz entender que havia, em todo o reino, grupos sistematicamente hostis aos judeus (Et 8.11,13; 9.1,2,5). N\u00e3o era, portanto, uma vingan\u00e7a gratuita e indiscriminada. A ordem foi enviada para todas as prov\u00edncias e produziu muita alegria entre os judeus e temor em todos os povos. Muitos chegaram a se tornar judeus (Et 8.17). No dia da pretendida matan\u00e7a, aconteceu o contr\u00e1rio do que esperavam os inimigos: os judeus se assenhorearam deles, inclusive ajudados pelos nobres e todos os maiorais das prov\u00edncias, que haviam ouvido falar de Mardoqueu e o temiam (Et 9.1-4). Somente na cidadela de Sus\u00e3 foram mortos 500 homens, incluindo os dez filhos de Ham\u00e3. Setenta e cinco mil em todo o reino persa (Et 9.11-16). No dia seguinte, mais 300 mortos na cidade de Sus\u00e3 (Et 9.15).<\/p>\n<p><strong>II \u2013 <\/strong><strong>A RAINHA ESTER ESCREVE BOAS NOT\u00cdCIAS PARA O SEU POVO<\/strong><\/p>\n<p><strong>1- A comemora\u00e7\u00e3o dos judeus<\/strong>. O dia 14 do d\u00e9cimo segundo m\u00eas foi de grande festa para os judeus de todo o\u00a0Imp\u00e9rio Persa. O sentimento de al\u00edvio pelo grande livramento tomou conta do povo judeu e precisava ficar marcado. Mardoqueu registrou os fatos e escreveu cartas para os judeus de todas as prov\u00edncias, instituindo uma festa comemorativa, a\u00a0Festa de Purim. Ham\u00e3 havia lan\u00e7ado sorte (pur) para matar os judeus no dia 13. Agora, o dia 14 seria estabelecido como um dia de festa, um feriado nacional a ser inscrito na hist\u00f3ria judaica, para comemorar o livramento que Deus dera ao povo judeu (Et 9.20-28).<br \/>\n<strong>2- A carta e o decreto de Ester<\/strong>. Depois da primeira carta enviada por Mardoqueu, Ester e o primo escreveram uma segunda carta, confirmando a institui\u00e7\u00e3o da Festa de Purim, com dois dias de dura\u00e7\u00e3o. Era a primeira vez que a rainha Ester se dirigia ao seu povo. Ao sair de sua pena, a institui\u00e7\u00e3o da festa estava fundamentada, agora, em um decreto real (Et 9.32). A festa entrou definitivamente no calend\u00e1rio judeu e \u00e9 comemorada at\u00e9 os dias de hoje.<br \/>\n<strong>3- A exalta\u00e7\u00e3o de Mardoqueu.<\/strong> Assuero conhecia Mardoqueu, mas n\u00e3o sabia de seu parentesco com a rainha Ester at\u00e9 a den\u00fancia dos malfeitos de Ham\u00e3. Ester 8.1 diz que foi naquele dia que Mardoqueu compareceu \u00e0 presen\u00e7a do rei, \u201cporque Ester revelou que ele era seu parente\u201d (NAA). Assuero deu a Mardoqueu o anel que havia dado a Ham\u00e3, e Ester o p\u00f4s sobre a casa do agagita (Et 8.2). Mas ainda n\u00e3o era tudo. Depois da morte dos inimigos dos judeus, Assuero engrandeceu ainda mais a Mardoqueu, pondo-lhe como o segundo maior do reino; posi\u00e7\u00e3o que era ocupada por Ham\u00e3 (Et 10.3). O relato b\u00edblico encerra com um testemunho not\u00e1vel de Mardoqueu: ele foi um homem p\u00fablico exemplar e pr\u00f3spero, trabalhando para o bem de todo o seu povo. O prop\u00f3sito de Deus \u00e9 usar seus servos em todas as \u00e1reas da vida. Tudo o que fizermos deve ser feito para a gl\u00f3ria de Deus (I Co 10.31).<\/p>\n<p><strong>III \u2013 <\/strong><strong>A MULHER \u00c9 CHAMADA POR DEUS PARA SER RELEVANTE NO MUNDO<\/strong><\/p>\n<p><strong>1- Uma mulher not\u00e1vel.<\/strong>\u00a0Mardoqueu e Ester exerceram um papel de alt\u00edssima relev\u00e2ncia no Imp\u00e9rio Persa, principalmente em rela\u00e7\u00e3o ao povo judeu. Para isso, n\u00e3o foi preciso disputa ou invers\u00e3o de pap\u00e9is. Ester chegou ao cargo de rainha sob profundo respeito, obedi\u00eancia e honra ao primo Mardoqueu, que lhe havia criado como filha. Na condi\u00e7\u00e3o de rainha, soube ser humilde, prudente e muito equilibrada. A forma como se dirigia e honrava Assuero contrastava com a atitude irreverente de Vasti. A firmeza moral de Ester fez dela uma mulher not\u00e1vel. Ela entendeu o prop\u00f3sito de Deus para sua vida.<br \/>\n<strong>2- A banal \u201cguerra dos sexos\u201d.<\/strong> Deus n\u00e3o entra em disputas banais, como a tal \u201cguerra dos sexos\u201d, que visa instilar \u00f3dio e avers\u00e3o entre homens e mulheres. O Criador nos fez macho e f\u00eamea, com constitui\u00e7\u00e3o e pap\u00e9is distintos, os quais est\u00e3o claramente revelados nas Escrituras (Gn 1.27; 2.15-18). No final, julgar\u00e1 a todos conforme as leis perfeitas e justas que estabeleceu. Deus n\u00e3o \u00e9 afetado por partidarismos e ideologias sexistas. Por isso, chama homens e mulheres para serem relevantes no mundo. A mulher tem muito a contribuir no reino de Deus e no bem-estar de toda a sociedade.<br \/>\n<strong>3- O contexto crist\u00e3o.\u00a0<\/strong>Al\u00e9m das mulheres da B\u00edblia, diversas mulheres exerceram pap\u00e9is importantes em toda a hist\u00f3ria da Igreja, tais como: Catarina von Bora,\u00a0Susannah Wesley, Sarah Kalley, Corrie ten Boom e Ruth Graham. No contexto assembleiano: Celina Martins Albuquerque, Lina Nystr\u00f6m, Z\u00e9lia Brito,\u00a0Frida Vingren, Signe Carlson, Elisabeth Nordlund, Flor\u00eancia Silva Pereira, Albertina Bezerra Barreto, Ruth Doris Lemos, Wanda Freire Costa, dentre tantas outras. Muitas mulheres not\u00e1veis permanecem em atua\u00e7\u00e3o em solo brasileiro e em todo o mundo.<\/p>\n<p><strong>CONCLUS\u00c3O<\/strong><\/p>\n<p>Com alegria e gratid\u00e3o estamos concluindo o estudo dos livros de Rute e Ester. Acima do papel humano visto nestas hist\u00f3rias, a provid\u00eancia divina \u00e9 contemplada do come\u00e7o ao fim. O Deus que tudo prov\u00ea continua agindo em favor de seu povo.<\/p>\n<p>&nbsp;<\/p>\n<p>&nbsp;<\/p>\n<p>&nbsp;<\/p>\n<p><strong>Postado por: <\/strong>Pr. Ademilson Braga<\/p>\n<p style=\"text-align: right;\"><strong>Fonte: <\/strong>Revista CPAD<\/p>\n<p>&nbsp;<\/p>\n<p>&nbsp;<\/p>\n<p>&nbsp;<\/p>\n<p>&nbsp;<\/p>\n<p>&nbsp;<\/p>\n","protected":false},"excerpt":{"rendered":"<p>EBD \u2013 Adultos &#8211; EDI\u00c7\u00c3O: 649 &#8211; 3\u00ba Trimestre &#8211; Ano: 2024 &#8211; Editora: CPAD LI\u00c7\u00c3O &#8211; 13 \u2013 29 de setembro de 2024 TEXTO \u00c1UREO \u201cE para os judeus houve luz, e alegria, e gozo, e honra.\u201d (Et 8.16) VERDADE PR\u00c1TICA O Senhor \u00e9 poderoso para transformar trevas em luz, tristeza em alegria, ang\u00fastia [&hellip;]<\/p>\n","protected":false},"author":2,"featured_media":0,"comment_status":"open","ping_status":"open","sticky":false,"template":"","format":"standard","meta":{"footnotes":""},"categories":[949,7,1],"tags":[758],"class_list":["post-10402","post","type-post","status-publish","format-standard","hentry","category-cpad","category-e-b-d","category-sem-categoria","tag-ester"],"_links":{"self":[{"href":"http:\/\/www.searadecristo.com.br\/portal\/wp-json\/wp\/v2\/posts\/10402","targetHints":{"allow":["GET"]}}],"collection":[{"href":"http:\/\/www.searadecristo.com.br\/portal\/wp-json\/wp\/v2\/posts"}],"about":[{"href":"http:\/\/www.searadecristo.com.br\/portal\/wp-json\/wp\/v2\/types\/post"}],"author":[{"embeddable":true,"href":"http:\/\/www.searadecristo.com.br\/portal\/wp-json\/wp\/v2\/users\/2"}],"replies":[{"embeddable":true,"href":"http:\/\/www.searadecristo.com.br\/portal\/wp-json\/wp\/v2\/comments?post=10402"}],"version-history":[{"count":1,"href":"http:\/\/www.searadecristo.com.br\/portal\/wp-json\/wp\/v2\/posts\/10402\/revisions"}],"predecessor-version":[{"id":10403,"href":"http:\/\/www.searadecristo.com.br\/portal\/wp-json\/wp\/v2\/posts\/10402\/revisions\/10403"}],"wp:attachment":[{"href":"http:\/\/www.searadecristo.com.br\/portal\/wp-json\/wp\/v2\/media?parent=10402"}],"wp:term":[{"taxonomy":"category","embeddable":true,"href":"http:\/\/www.searadecristo.com.br\/portal\/wp-json\/wp\/v2\/categories?post=10402"},{"taxonomy":"post_tag","embeddable":true,"href":"http:\/\/www.searadecristo.com.br\/portal\/wp-json\/wp\/v2\/tags?post=10402"}],"curies":[{"name":"wp","href":"https:\/\/api.w.org\/{rel}","templated":true}]}}