{"id":10228,"date":"2024-06-11T09:31:18","date_gmt":"2024-06-11T12:31:18","guid":{"rendered":"http:\/\/www.searadecristo.com.br\/portal\/?p=10228"},"modified":"2024-06-11T09:31:18","modified_gmt":"2024-06-11T12:31:18","slug":"a-realidade-biblica-da-esperanca","status":"publish","type":"post","link":"http:\/\/www.searadecristo.com.br\/portal\/a-realidade-biblica-da-esperanca\/","title":{"rendered":"A realidade b\u00edblica da esperan\u00e7a"},"content":{"rendered":"<p><strong>EBD \u2013 <\/strong>Jovens<strong> &#8211; EDI\u00c7\u00c3O: 180 <\/strong>&#8211; 2\u00ba Trimestre &#8211; Ano: 2024 &#8211; Editora: CPAD<\/p>\n<p><strong>LI\u00c7\u00c3O \u2013 11 <\/strong>\u2013 16 de junho de 2024<\/p>\n<p><strong>TEXTO PRINCIPAL<\/strong><\/p>\n<p>\u201cAlegrai-vos na esperan\u00e7a, sede pacientes na tribula\u00e7\u00e3o, perseverai na ora\u00e7\u00e3o.\u201d <strong>(Rm 12.12).<\/strong><\/p>\n<p><strong>LEITURA SEMANAL<\/strong><\/p>\n<p><strong>Segunda-feira\u00a0<\/strong>&#8211; Rm 15.13<br \/>\nO Deus de esperan\u00e7a<br \/>\n<strong>Ter\u00e7a-feira\u00a0<\/strong>&#8211; I Pe 3.15<br \/>\nNossa esperan\u00e7a pode ser explicada<br \/>\n<strong>Quarta-feira\u00a0<\/strong>&#8211; Rm 5.2<br \/>\nPodemos nos gloriar na esperan\u00e7a<br \/>\n<strong>Quinta-feira\u00a0<\/strong>&#8211; Sl 33.20<br \/>\nNossa esperan\u00e7a est\u00e1 no Senhor<br \/>\n<strong>Sexta-feira\u00a0<\/strong>&#8211; I Tm 1.1<br \/>\nJesus, esperan\u00e7a nossa<br \/>\n<strong>S\u00e1bado\u00a0<\/strong>&#8211; I Co 13.13<br \/>\nA esperan\u00e7a permanece com o amor e a f\u00e9<\/p>\n<p><strong>TEXTO B\u00cdBLICO<\/strong><\/p>\n<p><strong>Salmos 42<\/strong><\/p>\n<p>6 \u00d3 meu Deus, dentro de mim a minha alma est\u00e1 abatida; portanto, lembro-me de ti desde a terra do Jord\u00e3o, e desde o Hermom, e desde o pequeno monte.<br \/>\n7 Um abismo chama outro abismo, ao ruido das tuas catadupas; todas as tuas ondas e vagas t\u00eam passado sobre mim.<br \/>\n8 Contudo, o Senhor mandar\u00e1 de dia a sua miseric\u00f3rdia, e de noite a sua can\u00e7\u00e3o estar\u00e1 comigo: a ora\u00e7\u00e3o ao Deus da minha vida.<br \/>\n9 Direi a Deus, a minha Rocha: Por que te esqueceste de mim? Por que ando angustiado por causa da opress\u00e3o do inimigo?<br \/>\n10 Como com ferida mortal em meus ossos, me afrontam os meus advers\u00e1rios, quando todo o dia me dizem: Onde est\u00e1 o teu Deus?<br \/>\n11 Por que est\u00e1s abatida, \u00f3 minha alma, e por que te perturbas dentro de mim? Espera em Deus, pois ainda o louvarei. Ele \u00e9 a salva\u00e7\u00e3o da minha face e o meu Deus.<\/p>\n<p><strong>Romanos 5<\/strong><\/p>\n<p>1 Sendo, pois, justificados pela f\u00e9, temos paz com Deus por nosso Senhor Jesus Cristo;<br \/>\n2 Pelo qual tamb\u00e9m temos entrada pela f\u00e9 a esta gra\u00e7a, na qual estamos firmes; e nos gloriamos na esperan\u00e7a da gl\u00f3ria de Deus.<br \/>\n3 E n\u00e3o somente isto, mas tamb\u00e9m nos gloriamos nas tributa\u00e7\u00f5es, sabendo que a tribula\u00e7\u00e3o produz a paci\u00eancia;<br \/>\n4 e a paci\u00eancia, a experi\u00eancia; e a experi\u00eancia, a esperan\u00e7a.<br \/>\n5 E a esperan\u00e7a n\u00e3o traz confus\u00e3o, porquanto o amor de Deus est\u00e1 derramado em nosso cora\u00e7\u00e3o pelo Esp\u00edrito Santo que nos foi dado.<\/p>\n<p><strong>INTRODU\u00c7\u00c3O<\/strong><\/p>\n<p>O mundo vem passando por momentos de transforma\u00e7\u00e3o em v\u00e1rios segmentos, com not\u00edcias ruins e boas. Avan\u00e7os cient\u00edficos, descobertas de tratamentos que podem salvar vidas, como por exemplo, a descoberta de medicamentos que ajudou no controle da pandemia de COVID-19, que ceifou milhares de vidas, s\u00e3o refer\u00eancias de boas not\u00edcias. Contudo, tamb\u00e9m nos vemos envoltos em not\u00edcias que podem nos trazer desesperan\u00e7a e medo do futuro. E o que a f\u00e9 crist\u00e3 tem a dizer sobre como devemos nos portar nesses momentos? Que esperan\u00e7a o Evangelho de Jesus oferece para esta vida? \u00c9 o que veremos na li\u00e7\u00e3o deste domingo.<\/p>\n<p><strong>I \u2013 A F\u00c9 CRIST\u00c3 NUMA ERA DE DESESPERO<\/strong><\/p>\n<p><strong>1- Desespero provocado por doen\u00e7as e guerras.<\/strong>\u00a0O\u00a0Dicion\u00e1rio Aur\u00e9lio\u00a0define a palavra \u201cdesespero\u201d como um \u201cestado de esp\u00edrito (sensa\u00e7\u00e3o ruim) que faz com que algu\u00e9m acredite estar num momento sem sa\u00edda\u201d. Uma doen\u00e7a que paralisa o mundo inteiro, prendendo pessoas dentro de suas casas e causando uma alta taxa de mortalidade, uma nova guerra ou uma crise financeira s\u00e3o suficientes para trazer desespero a muitas pessoas. H\u00e1 pouco tempo passamos por tais situa\u00e7\u00f5es, e nesse per\u00edodo, muitas pessoas desenvolveram depress\u00e3o, p\u00e2nico e outros problemas cong\u00eaneres. Afastamento social, perda do emprego, da renda e falta de perspectiva de quando esse cen\u00e1rio terminaria trouxeram desespero para bilh\u00f5es de pessoas nos \u00faltimos 5 anos. O\u00a0ap\u00f3stolo Paulo\u00a0vivenciou um momento muito dif\u00edcil que o levou \u00e0 ang\u00fastia. Ele relatou esse momento aos Cor\u00edntios ao afirmar \u201cporque n\u00e3o queremos, irm\u00e3os, que ignoreis a tributa\u00e7\u00e3o que nos sobreveio na \u00c1sia, pois que fomos sobremaneira agravados mais do que pod\u00edamos suportar, de modo tal que at\u00e9 da vida desesperamos\u201d (II Co 1.8). At\u00e9 os servos de Deus podem passar por situa\u00e7\u00f5es em que o desespero tira por completo a perspectiva de melhoras no presente, mas\u00a0Paulo\u00a0disse que, apesar da senten\u00e7a de morte com a qual havia se deparado, Deus trouxe livramento necess\u00e1rio naquela situa\u00e7\u00e3o (II Co 1.10).<br \/>\n<strong>2- Desesperan\u00e7a por quest\u00f5es econ\u00f4micas e profissionais.<\/strong>\u00a0Com a economia globalizada que vemos em nossos dias, \u00e9 comum que as pessoas sejam afetadas por not\u00edcias que apresentem altos \u00edndices de desemprego, afetando fam\u00edlias inteiras, colocando em risco seguran\u00e7a, educa\u00e7\u00e3o, alimenta\u00e7\u00e3o e abrigo para milh\u00f5es de pessoas. Se por um lado a palavra esperan\u00e7a traz a ideia de uma perspectiva positiva relacionada ao futuro, por outro lado desesperan\u00e7a afeta negativamente a nossa percep\u00e7\u00e3o do que ainda est\u00e1 para acontecer. Notemos que tal sentimento afeta grupos sociais cujos governos n\u00e3o conseguem proveras estruturas b\u00e1sicas para sua popula\u00e7\u00e3o, o que acontece nos pa\u00edses mais pobres, mas tamb\u00e9m acontece em pa\u00edses desenvolvidos, onde h\u00e1 altos \u00edndices de\u00a0suic\u00eddio. O desespero afeta a nossa percep\u00e7\u00e3o do presente, e a desesperan\u00e7a, a nossa percep\u00e7\u00e3o do futuro.<br \/>\n<strong>3- A busca por esperan\u00e7a nos lugares errados.<\/strong>\u00a0N\u00e3o saber o que vai acontecer no futuro traz bastante desconforto \u00e0s pessoas. Na busca de uma certeza, ou de uma sombra dela, para o que vir\u00e1 \u00e0 frente, muitos buscam no misticismo, na adivinha\u00e7\u00e3o e no oculto informa\u00e7\u00f5es que as ajudem a tomar decis\u00f5es acertadas. Ao inv\u00e9s de buscarem em Deus uma esperan\u00e7a, recorrem \u00e0s trevas para serem cada vez mais confundidos. No Antigo testamento, Deus adverte seu povo a que n\u00e3o adotasse pr\u00e1ticas que os seus vizinhos cananeus tinham, e deixando claro que entre os hebreus n\u00e3o deveria ter \u201cnem encantador de encantamentos, nem quem consulte um esp\u00edrito adivinhante, nem m\u00e1gico, nem quem consulte os mortos\u201d (Dt 18.11). Quem busca esperan\u00e7a nas artes adivinhat\u00f3rias, no movimento dos astros, em cartas e sortil\u00e9gios est\u00e1 pecando, pois s\u00f3 Deus conhece o futuro, al\u00e9m de revelar a falta de f\u00e9 no Senhor. O Eterno completa dizendo: \u201cPois todo aquele que faz tal coisa \u00e9 abomina\u00e7\u00e3o ao SENHOR; e por estas abomina\u00e7\u00f5es o SENHOR teu Deus os lan\u00e7a fora de diante de ti\u201d (Dt 18.12). A maior fonte de desesperan\u00e7a \u00e9 a falta do conhecimento e de confian\u00e7a no Todo-Poderoso.<strong>\u00a0<\/strong><\/p>\n<p><strong>II \u2013 ESPERAN\u00c7A PARA ESTA VIDA<\/strong><\/p>\n<p><strong>1- A salva\u00e7\u00e3o.\u00a0<\/strong>A salva\u00e7\u00e3o oferecida por Deus \u00e9 motivo de esperan\u00e7a para quem aceita a Jesus. A consci\u00eancia de perd\u00e3o dos pecados, de pertencimento ao povo de Deus e a certeza da vida eterna nos c\u00e9us s\u00e3o motivos de esperan\u00e7a. Ela \u00e9 a porta de entrada de muitas b\u00ean\u00e7\u00e3os para aqueles que andam na luz: \u201cMas n\u00f3s, que somos do dia, sejamos s\u00f3brios, vestindo-nos da coura\u00e7a da f\u00e9 e do amor e tendo por capacete a esperan\u00e7a da salva\u00e7\u00e3o\u201d (I Ts 5.8).<br \/>\n<strong>2- Uma mente transformada por Cristo.\u00a0<\/strong>H\u00e1 uma conex\u00e3o entre esperan\u00e7a e a capacidade de pensar segundo a Palavra de Deus. O\u00a0ap\u00f3stolo Pedro\u00a0diz aos seus leitores, crentes, que naquele momento estavam sendo perseguidos, que santificassem a Cristo no seu cora\u00e7\u00e3o, ou seja, na sua mente (I Pe 3.15). A esperan\u00e7a que temos n\u00e3o \u00e9 subjetiva; ela pode ser explicada. Quem serve a Jesus tem motivos de sobra para se alegrar, mesmo quando sob tributa\u00e7\u00e3o. E mais do que isso, a experi\u00eancia que temos dia a dia com Deus refor\u00e7a a nossa forma de crer e de pensar. Observe o que o profeta Jeremias afirmou diante das muitas tributa\u00e7\u00f5es enfrentadas: \u201cDisso me recordarei no meu cora\u00e7\u00e3o; por isso, tenho esperan\u00e7a\u201d (Lm 3.21).<br \/>\n<strong>3- A certeza de que Deus est\u00e1 no controle de tudo (J\u00f3 42.2).<\/strong>\u00a0Ter esperan\u00e7a em rela\u00e7\u00e3o ao amanh\u00e3 n\u00e3o \u00e9 uma forma de fugir da realidade, mas \u00e9 a certeza de que nada foge ao controle do Senhor. A f\u00e9 crist\u00e3, segundo a Palavra de Deus, direciona-nos a olhar n\u00e3o para as circunst\u00e2ncias, mas para o Eterno, que nos ama e sabe o que \u00e9 melhor para cada um dos seus filhos(as). O crist\u00e3o n\u00e3o \u00e9, portanto, uma pessoa que busca fugir da realidade presente, mas sim uma pessoa que acredita na soberania de Deus no presente e na eternidade ao lado de Jesus Cristo.<\/p>\n<p><strong>III \u2013 ESPERAN\u00c7A PARA A VIDA QUE VIR\u00c1<\/strong><\/p>\n<p><strong>1- Vit\u00f3ria sobre a morte.<\/strong>\u00a0Um dos momentos de maior desespero para quem n\u00e3o serve a Jesus \u00e9 a morte de uma pessoa pr\u00f3xima. O evento morte \u00e9 chamado por J\u00f3 de \u201crei dos terrores\u201d (J\u00f3 18.14), de quem n\u00e3o se pode escapar. Contudo, j\u00e1 que ningu\u00e9m pode escapar da morte, advinda do processo de envelhecimento ou de algum outro efeito no corpo, por que os crist\u00e3os t\u00eam esperan\u00e7a de que um dia ser\u00e3o vencedores sobre a morte? A esperan\u00e7a que o crist\u00e3o tem acerca da vit\u00f3ria sobre a morte n\u00e3o se pauta naquilo que ele pode fazer, pois a morte \u00e9 inerente \u00e0 humanidade pecaminosa. Mesmo tendo aceitado a Jesus e sido feitas novas criaturas, ainda estamos sujeitos aos efeitos do pecado em nosso corpo mortal A esperan\u00e7a que o crist\u00e3o possui acerca da vit\u00f3ria sobre a morte se pauta no poder de Deus e na ressurrei\u00e7\u00e3o do Senhor Jesus Cristo. Ele nos deu o exemplo quando voltou da morte, e chamado de \u201cprimog\u00eanito dos mortos\u201d (Ap 1.5). O ap\u00f3stolo\u00a0Paulo\u00a0tinha tanta certeza da vit\u00f3ria sobre a morte para aqueles que tinham recebido a Jesus, que perguntou: \u201cOnde est\u00e1, \u00f3 morte, o teu aguilh\u00e3o? Onde est\u00e1, \u00f3 inferno, a tua vit\u00f3ria?\u201d (I Co 15.55). Em nossos dias a morte ainda possui um poder, mas em breve ela ser\u00e1 vencida.<br \/>\n<strong>2- Vit\u00f3ria sobre o mal.<\/strong>\u00a0O mal \u00e9 uma realidade neste mundo. Estamos cercados de pessoas que s\u00e3o levadas pela maldade, ora como v\u00edtimas, ora como agentes. Pessoas se armam e atentam contra a vida de outras pessoas por algum tipo de insatisfa\u00e7\u00e3o. M\u00e3es decidem matar os beb\u00eas que carregam no ventre por entender que o corpo \u00e9 delas e que gerar uma vida vai ser um obst\u00e1culo para realiza\u00e7\u00f5es futuras, e homens a quem \u00e9 dada autoridade se valem dela para roubar e espoliar outras pessoas. Essas s\u00e3o faces do mal, e muitas outras manifesta\u00e7\u00f5es malignas est\u00e3o \u00e0 nossa volta, como a opress\u00e3o espiritual e a a\u00e7\u00e3o de dem\u00f4nios influenciando ou possuindo pessoas. Desde que nascemos, o mal \u00e9 uma realidade constante em um mundo atingido pelo pecado. Mas um dia, quando Satan\u00e1s for vencido para sempre, ele cessar\u00e1 (Ap 20.10).<br \/>\n<strong>3- N\u00e3o pague o mal com o mal.<\/strong>\u00a0A orienta\u00e7\u00e3o divina \u00e9 que, apesar de estarmos cercados pelo mal, devemos nos afastar dele (1Ts 5.22). Mais do que isso, estamos sujeitos a ser alcan\u00e7ados por ele, mas a nossa resposta \u00e9: \u201cN\u00e3o te deixes vencer do mal, mas vence o mal com o bem\u201d (Rm 12.21). Deus se encarregar\u00e1 de julgar toda maldade praticada pelos homens.<strong>\u00a0<\/strong><\/p>\n<p><strong>CONCLUS\u00c3O<\/strong><\/p>\n<p>A f\u00e9 crist\u00e3 nos aponta a esperan\u00e7a como virtude que os crentes devem cultivar, pois a presen\u00e7a de Jesus em n\u00f3s, por meio do seu Santo Esp\u00edrito, nos traz conforto e seguran\u00e7a n\u00e3o somente para as situa\u00e7\u00f5es dif\u00edceis pelas quais passamos, mas tamb\u00e9m nos inspira a estarmos preparados para o que Deus reservou aos que o amam nesta vida e no porvir.<\/p>\n<p>&nbsp;<\/p>\n<p>&nbsp;<\/p>\n<h3><strong>\u00a0<\/strong><\/h3>\n<p>&nbsp;<\/p>\n<p><strong>Postado por: <\/strong>Pr. Ademilson Braga<\/p>\n<p style=\"text-align: right;\"><strong>Fonte: <\/strong>Editora CPAD<\/p>\n<p>&nbsp;<\/p>\n<p>&nbsp;<\/p>\n<p>&nbsp;<\/p>\n<p>&nbsp;<\/p>\n<p>&nbsp;<\/p>\n<p>&nbsp;<\/p>\n<p>&nbsp;<\/p>\n<p>&nbsp;<\/p>\n","protected":false},"excerpt":{"rendered":"<p>EBD \u2013 Jovens &#8211; EDI\u00c7\u00c3O: 180 &#8211; 2\u00ba Trimestre &#8211; Ano: 2024 &#8211; Editora: CPAD LI\u00c7\u00c3O \u2013 11 \u2013 16 de junho de 2024 TEXTO PRINCIPAL \u201cAlegrai-vos na esperan\u00e7a, sede pacientes na tribula\u00e7\u00e3o, perseverai na ora\u00e7\u00e3o.\u201d (Rm 12.12). LEITURA SEMANAL Segunda-feira\u00a0&#8211; Rm 15.13 O Deus de esperan\u00e7a Ter\u00e7a-feira\u00a0&#8211; I Pe 3.15 Nossa esperan\u00e7a pode ser [&hellip;]<\/p>\n","protected":false},"author":2,"featured_media":10229,"comment_status":"open","ping_status":"open","sticky":false,"template":"","format":"standard","meta":{"footnotes":""},"categories":[7,973],"tags":[1160,1405],"class_list":["post-10228","post","type-post","status-publish","format-standard","has-post-thumbnail","hentry","category-e-b-d","category-jovens-cpad","tag-esperanca","tag-realidade"],"_links":{"self":[{"href":"http:\/\/www.searadecristo.com.br\/portal\/wp-json\/wp\/v2\/posts\/10228","targetHints":{"allow":["GET"]}}],"collection":[{"href":"http:\/\/www.searadecristo.com.br\/portal\/wp-json\/wp\/v2\/posts"}],"about":[{"href":"http:\/\/www.searadecristo.com.br\/portal\/wp-json\/wp\/v2\/types\/post"}],"author":[{"embeddable":true,"href":"http:\/\/www.searadecristo.com.br\/portal\/wp-json\/wp\/v2\/users\/2"}],"replies":[{"embeddable":true,"href":"http:\/\/www.searadecristo.com.br\/portal\/wp-json\/wp\/v2\/comments?post=10228"}],"version-history":[{"count":1,"href":"http:\/\/www.searadecristo.com.br\/portal\/wp-json\/wp\/v2\/posts\/10228\/revisions"}],"predecessor-version":[{"id":10230,"href":"http:\/\/www.searadecristo.com.br\/portal\/wp-json\/wp\/v2\/posts\/10228\/revisions\/10230"}],"wp:featuredmedia":[{"embeddable":true,"href":"http:\/\/www.searadecristo.com.br\/portal\/wp-json\/wp\/v2\/media\/10229"}],"wp:attachment":[{"href":"http:\/\/www.searadecristo.com.br\/portal\/wp-json\/wp\/v2\/media?parent=10228"}],"wp:term":[{"taxonomy":"category","embeddable":true,"href":"http:\/\/www.searadecristo.com.br\/portal\/wp-json\/wp\/v2\/categories?post=10228"},{"taxonomy":"post_tag","embeddable":true,"href":"http:\/\/www.searadecristo.com.br\/portal\/wp-json\/wp\/v2\/tags?post=10228"}],"curies":[{"name":"wp","href":"https:\/\/api.w.org\/{rel}","templated":true}]}}