{"id":10137,"date":"2024-04-22T15:46:58","date_gmt":"2024-04-22T18:46:58","guid":{"rendered":"http:\/\/www.searadecristo.com.br\/portal\/?p=10137"},"modified":"2024-04-22T15:46:58","modified_gmt":"2024-04-22T18:46:58","slug":"como-se-conduzir-na-caminhada","status":"publish","type":"post","link":"http:\/\/www.searadecristo.com.br\/portal\/como-se-conduzir-na-caminhada\/","title":{"rendered":"Como se conduzir na caminhada"},"content":{"rendered":"<p><strong><a href=\"http:\/\/www.searadecristo.com.br\/portal\/wp-content\/uploads\/2019\/07\/Logotipo-EBD-2.jpg\"><img loading=\"lazy\" decoding=\"async\" class=\"wp-image-6090 alignleft\" src=\"http:\/\/www.searadecristo.com.br\/portal\/wp-content\/uploads\/2019\/07\/Logotipo-EBD-2-298x300.jpg\" alt=\"\" width=\"141\" height=\"142\" srcset=\"http:\/\/www.searadecristo.com.br\/portal\/wp-content\/uploads\/2019\/07\/Logotipo-EBD-2-298x300.jpg 298w, http:\/\/www.searadecristo.com.br\/portal\/wp-content\/uploads\/2019\/07\/Logotipo-EBD-2-150x150.jpg 150w, http:\/\/www.searadecristo.com.br\/portal\/wp-content\/uploads\/2019\/07\/Logotipo-EBD-2.jpg 390w\" sizes=\"auto, (max-width: 141px) 100vw, 141px\" \/><\/a>EBD \u2013 <\/strong>Adultos &#8211; <strong>EDI\u00c7\u00c3O: 627<\/strong> &#8211; 2\u00ba Trimestre &#8211; Ano: 2024 &#8211; Editora: CPAD<\/p>\n<p><strong>LI\u00c7\u00c3O &#8211; 04<\/strong> \u2013 28 de abril de 2024<\/p>\n<p><strong>TEXTO \u00c1UREO<\/strong><\/p>\n<p>\u201cAndai com sabedoria para com os que est\u00e3o de fora, remindo o tempo.\u201d <strong>(Cl 4.5)<\/strong><\/p>\n<p><strong>VERDADE PR\u00c1TICA<\/strong><\/p>\n<p>A jornada para C\u00e9u deve ser feita com prud\u00eancia e sabedoria num contexto de oposi\u00e7\u00e3o \u00e0 nossa maneira de viver.<\/p>\n<p><strong>LEITURA DI\u00c1RIA<\/strong><\/p>\n<p><strong>Segunda-feira\u00a0<\/strong>\u2013 Jo 13.15<br \/>\nO Senhor Jesus como nosso modelo de vida<br \/>\n<strong>Ter\u00e7a-feira\u00a0<\/strong>\u2013 Jo 4.34; 6.38; 17.4<br \/>\nFazendo a vontade do Pai na caminhada<br \/>\n<strong>Quarta-feira\u00a0<\/strong>\u2013 I Co 9.24-27<br \/>\nA jornada espiritual semelhante \u00e0 de um atleta<br \/>\n<strong>Quinta-feira\u00a0<\/strong>\u2013 Pv 9.9,10<br \/>\nA necessidade da prud\u00eancia na caminhada<br \/>\n<strong>Sexta-feira\u00a0<\/strong>\u2013 Ef 2.2,3<br \/>\nN\u00e3o podemos trilhar o caminho dos n\u00e9scios na jornada<br \/>\n<strong>S\u00e1bado\u00a0<\/strong>\u2013 Cl 4.5<br \/>\nRemindo o tempo ao longo da caminhada<\/p>\n<p><strong>LEITURA B\u00cdBLICA<\/strong><\/p>\n<p>Ef\u00e9sios 5<\/p>\n<p>15 \u2013 Portanto, vede prudentemente como andais, n\u00e3o como n\u00e9scios, mas como s\u00e1bios,<br \/>\n16 \u2013 remindo 0 tempo, porquanto os dias s\u00e3o maus.<br \/>\n17 \u2013 Pelo que n\u00e3o sejais insensatos, mas entendei qual seja a vontade do Senhor.<\/p>\n<p><strong>INTRODU\u00c7\u00c3O<\/strong><\/p>\n<p>Na jornada da vida crist\u00e3 o Pai Celestial estabelece o padr\u00e3o de conduta para a vida eterna. Ele sinaliza como devemos agir ao longo desse caminho para o C\u00e9u. Por isso, como evid\u00eancia do seu amor e cuidado, preparando tudo para que trilhem os bem o caminho da verdade, o Pai nos corrige em nossa jornada crist\u00e3. Por isso, nesta li\u00e7\u00e3o, estudaremos a respeito de como devemos nos conduzir pelo caminho que nos leva ao C\u00e9u.<\/p>\n<p><strong>I \u2013 O PADR\u00c3O DE CONDUTA NA CAMINHADA CRIST\u00c3<\/strong><\/p>\n<p><strong>1- Jesus como nosso padr\u00e3o de conduta.<\/strong>\u00a0Antes de analisarmos o texto b\u00edblico de Ef\u00e9sios 5, cabe-nos refletir a respeito de um padr\u00e3o geral de conduta para fazer a vontade do Pai nesta caminhada crist\u00e3. H\u00e1 um padr\u00e3o que o Senhor Jesus espera de seus disc\u00edpulos para fazer a vontade de Deus nesta vida? A palavra \u201cpadr\u00e3o\u201d expressa uma norma determinada por consenso, ou por uma autoridade oficial, que se torna base de compara\u00e7\u00e3o consagrada como modelo a ser seguido. O Senhor Jesus ensinou o seguinte: \u201c Porque eu vos dei exemplo, para que, como eu vos fiz, fa\u00e7ais v\u00f3s tamb\u00e9m\u201d (Jo 13-15). Ora, esse texto expressa que Ele \u00e9 o nosso modelo de conduta, o nosso padr\u00e3o de vida. Sim, h\u00e1 um padr\u00e3o de conduta que tem como base o nosso Senhor e quem deseja fazer a vontade de Deus neste mundo deve olhar para Jesus, o autor e consumador da nossa f\u00e9 (Hb 12.2).<br \/>\n<strong>2- Fazendo a vontade de Deus.\u00a0<\/strong>Como Filho de Deus, Jesus procurou agradar ao Pai na jornada desta vida, fazendo sempre a sua vontade (Jo 4.34; 6.38; 17.4). N\u00e3o por acaso, nosso Senhor nos incentivou a buscar a vontade do Pai na ora\u00e7\u00e3o que Ele ensinou aos disc\u00edpulos, o \u201c Pai Nosso\u201d (Mt 6.10; cf. Mt 26.39,42). Aos olhos humanos, parece muito dif\u00edcil andar no padr\u00e3o divino de Cristo. Entretanto, isso \u00e9 poss\u00edvel quando buscamos o aux\u00edlio do alto, conforme ora\u00e7\u00e3o ensinada por Ele (Mt 6.9-13). Logo, o crist\u00e3o que deseja ir para o c\u00e9u procura fazer a vontade de Deus, deixando de lado o caminho do ego\u00edsmo, do orgulho e da vaidade; procurando se aproximar e praticar a \u201c Lei de Ouro\u201d ensinada pelo nosso Senhor: \u201c tudo o que v\u00f3s quereis que os homens vos fa\u00e7am fazei-lo tamb\u00e9m v\u00f3s\u201d (Mt 7.12; cf. Rm 13.8,10).<br \/>\n<strong>3- Uma vida crist\u00e3 bem-sucedida<\/strong>. A respeito da vida crist\u00e3, o\u00a0ap\u00f3stolo Paulo disse que estamos numa \u201c competi\u00e7\u00e3o espiritual\u201d e, por isso, devemos procurar o caminho certo para nos acharmos qualificados (I Co 9.24-27). Dessa forma, o crist\u00e3o possui um padr\u00e3o que o levar\u00e1 a uma vida espiritual bem-sucedida. Sabemos que pessoas bem-sucedidas procuram espelhar-se em outras pessoas ilustres, equilibradas e resilientes (cf. I Co 11.1). Ora, em Cristo Jesus temos esse padr\u00e3o e modelo. Ele foi resiliente, equilibrado e ilustre at\u00e9 a morte, de modo que o ap\u00f3stolo Paulo\u00a0escreveu sobre o nosso Senhor, exortando que o imit\u00e1ssemos: \u201cDe sorte que haja em v\u00f3s o mesmo sentimento que houve tamb\u00e9m em Cristo Jesus\u201d (Fp 2.5; cf. Mt 11.29).<\/p>\n<p><strong>II \u2013 FAZENDO A CAMINHADA COM PRUD\u00caNCIA E SABEDORIA<\/strong><\/p>\n<p><strong>1- O que \u00e9 prud\u00eancia?<\/strong>\u00a0Podemos dividir o cap\u00edtulo 5 de Ef\u00e9sios em tr\u00eas partes: 1) a caminhada do crist\u00e3o em amor (Ef 5.1-14); 2) uma caminhada s\u00e1bia (Ef 5.15-17); 3) uma trajet\u00f3ria cheia do Esp\u00edrito Santo (Ef 5.18-33). Aqui, nos deteremos na segunda parte. Em Ef\u00e9sios 5, o ap\u00f3stolo Paulo ensina a respeito da caminhada do crist\u00e3o neste mundo. Neste cap\u00edtulo, a palavra \u201c prud\u00eancia\u201d se destaca. De acordo com o\u00a0Antigo Testamento, a palavra \u201c prud\u00eancia\u201d tem conota\u00e7\u00e3o de compreens\u00e3o, discernimento (Pv 9.9). Em\u00a0Prov\u00e9rbios 9.10, quando se diz que o justo \u201c crescer\u00e1 em prud\u00eancia\u201d, o termo traz a ideia de ensino, instru\u00e7\u00e3o e capacidade para ensinar. No\u00a0Novo Testamento, a palavra remete a algo que Deus derramou sobre n\u00f3s, ou seja, \u201c toda a prud\u00eancia\u201d, entendimento, conhecimento e amor \u00e0 vontade de Deus (Ef 1.8). Ent\u00e3o, podemos conceituar prud\u00eancia como virtude que nos permite agir com cuidado e modera\u00e7\u00e3o diante de situa\u00e7\u00f5es desafiadoras; \u00e9 uma raz\u00e3o pr\u00e1tica que nos permite discernir entre as escolhas mais adequadas para fazer o bem (Pv 16.16; cf. Tg 5.17).<br \/>\n<strong>2- N\u00e3o andeis como n\u00e9scios!\u00a0<\/strong>Ap\u00f3stolo Paulo diz que n\u00e3o devemos andar como n\u00e9scios (Ef 5.15), cujo adjetivo asophos, traz a ideia de algu\u00e9m insensato, tolo, ignorante e embotado (Lc 24.25); mas como \u201cs\u00e1bios\u201d, ou seja, diligente, cuidadoso e s\u00e1bio, cheio do Esp\u00edrito Santo para fazer a vontade do Senhor. Ser n\u00e9scio reflete uma vida de ignor\u00e2ncia espiritual, aus\u00eancia de sabedoria e desprovida de luz divina; significa estar imerso numa jornada de pecado (Ef 2.2,3). Por isso, o apelo do ap\u00f3stolo Paulo para o crente \u00e9: \u201cvede prudentemente como andais\u201d. Em outras palavras: seja prudente. O ap\u00f3stolo deixa claro que os que vivem na carnalidade jamais agradar\u00e3o a Deus (Rm 8.8).<br \/>\n<strong>3- Andeis como s\u00e1bios<\/strong>! O adjetivo que Paulo usa para qualificar quem caminha para o c\u00e9u \u00e9 \u201c s\u00e1bio\u201d, do grego soph\u00f3s, uma pessoa h\u00e1bil, perita. Esse adjetivo descreve em ess\u00eancia a vida do crist\u00e3o dirigida pelo Esp\u00edrito Santo. Ora, os que andam no Esp\u00edrito, caminham na luz, na santidade e tem sabedoria (Ef 1.8; Cl 4.5). Por meio da luz divina, que habita o crente, seu andar \u00e9 com\u00a0discernimento, a sabedoria realmente o faz distinguir entre o que deve ou n\u00e3o fazer. H\u00e1 um compromisso de jamais voltar \u00e0 conduta antiga do mundo. Contudo, \u00e9 relevante compreender que essa sabedoria n\u00e3o \u00e9 humana, n\u00e3o surge de cursos acad\u00eamicos; ela \u00e9 espiritual, vem de cima. Por meio dessa sabedoria, andamos em santidade (Hb 12.14) e nos tornamos semelhantes a Jesus (1 Jo 3.2; Gl 3.26).<\/p>\n<p><strong>III \u2013 VENCENDO OS DIAS MAUS<\/strong><\/p>\n<p><strong>1- Remindo o tempo.\u00a0<\/strong>O vers\u00edculo 16 de Ef\u00e9sios 5 apresenta o verbo remir como tradu\u00e7\u00e3o do grego exagor\u00e1z\u00f5. Ele possui dois sentidos: 1) redimir, resgatar do poder de outro pelo pagamento de um pre\u00e7o; 2) comprar para uso pr\u00f3prio. Ent\u00e3o, podemos dizer que remir \u00e9 uma express\u00e3o usada para se referir \u00e0 sabedoria dos compradores que esperavam o momento certo para comprar de acordo com o melhor pre\u00e7o oferecido pelo mercado. Com a express\u00e3o \u201c remindo o \u201ctempo\u201d, o ap\u00f3stolo Paulo se refere ao crist\u00e3o que se conduz de maneira proveitosa e s\u00e1bia no contexto deste mundo (Ef 5.16; cf. Cl 4.5).<br \/>\n<strong>2- Remindo o tempo e a Volta do Senhor.<\/strong> Quando se falava a respeito de remir o tempo entre os crist\u00e3os primitivos, estes tinham em mente a imin\u00eancia da segunda vinda do Senhor Jesus, ou seja, esse esperado acontecimento poderia acontecer a qualquer momento (I Co 15.51). Por isso, os crist\u00e3os eram incentivados a procurar sabiamente aproveitar todas as oportunidades, em especial, no sentido de se prepararem espiritualmente para aquele dia. Assim , a perspectiva da iminente volta do nosso Senhor faz com que n\u00e3o percamos tempo com coisas banais; antes, nos exorta a viver de maneira s\u00e1bia, santa e piedosa, pois o Senhor Jesus pode voltar a qualquer momento (I Ts 4.15).<br \/>\n<strong>3- Os dias s\u00e3o maus.\u00a0<\/strong>Outra express\u00e3o que chama aten\u00e7\u00e3o \u00e9 \u201cos dias s\u00e3o maus\u201d (Ef 5.16). Ela revela que estamos inseridos numa sociedade dominada pelo pecado, que pode tomar nosso tempo e nos levar \u00e0 pr\u00e1tica do mal. N\u00e3o podemos nos conformar com essa possibilidade, n\u00e3o podemos ser insensatos a tal ponto, mas entender \u201cqual seja a vontade de Deus\u201d (Ef 5.17). Desse modo, a vontade de Deus tem a ver com, como crist\u00e3os, aproveitarmos 0 tempo para fortalecer nossa vida espiritual, praticar o bem para com os outros, ler a B\u00edblia, orar, se consagrar e congregar (Gl 6.10; Hb 10.25).<\/p>\n<p><strong>CONCLUS\u00c3O<\/strong><\/p>\n<p>Em nossa caminhada para as mans\u00f5es celestiais precisamos seguir 0 padr\u00e3o divino, isto \u00e9, as normas determinadas pelo Pai, que est\u00e3o inseridas em sua Palavra (II Tm 3.16). \u00c9 preciso viver s\u00e1bia e prudentemente, aproveitando bem as oportunidades de fazer o bem, e n\u00e3o deixarmo-nos dominar pelos dias maus, na certeza de que a Vinda do Senhor se aproxima e, isso, nos incentiva de maneira santa (Hb 12.14).<\/p>\n<p>&nbsp;<\/p>\n<p>&nbsp;<\/p>\n<p>&nbsp;<\/p>\n<p><strong>Postado por: <\/strong>Pr. Ademilson Braga<\/p>\n<p style=\"text-align: right;\"><strong>Fonte: <\/strong>Revista CPAD<\/p>\n<p>&nbsp;<\/p>\n<p>&nbsp;<\/p>\n<p>&nbsp;<\/p>\n<p>&nbsp;<\/p>\n<p>&nbsp;<\/p>\n","protected":false},"excerpt":{"rendered":"<p>EBD \u2013 Adultos &#8211; EDI\u00c7\u00c3O: 627 &#8211; 2\u00ba Trimestre &#8211; Ano: 2024 &#8211; Editora: CPAD LI\u00c7\u00c3O &#8211; 04 \u2013 28 de abril de 2024 TEXTO \u00c1UREO \u201cAndai com sabedoria para com os que est\u00e3o de fora, remindo o tempo.\u201d (Cl 4.5) VERDADE PR\u00c1TICA A jornada para C\u00e9u deve ser feita com prud\u00eancia e sabedoria num [&hellip;]<\/p>\n","protected":false},"author":2,"featured_media":0,"comment_status":"open","ping_status":"open","sticky":false,"template":"","format":"standard","meta":{"footnotes":""},"categories":[949,7],"tags":[1403,1414],"class_list":["post-10137","post","type-post","status-publish","format-standard","hentry","category-cpad","category-e-b-d","tag-caminhada","tag-conduzir"],"_links":{"self":[{"href":"http:\/\/www.searadecristo.com.br\/portal\/wp-json\/wp\/v2\/posts\/10137","targetHints":{"allow":["GET"]}}],"collection":[{"href":"http:\/\/www.searadecristo.com.br\/portal\/wp-json\/wp\/v2\/posts"}],"about":[{"href":"http:\/\/www.searadecristo.com.br\/portal\/wp-json\/wp\/v2\/types\/post"}],"author":[{"embeddable":true,"href":"http:\/\/www.searadecristo.com.br\/portal\/wp-json\/wp\/v2\/users\/2"}],"replies":[{"embeddable":true,"href":"http:\/\/www.searadecristo.com.br\/portal\/wp-json\/wp\/v2\/comments?post=10137"}],"version-history":[{"count":1,"href":"http:\/\/www.searadecristo.com.br\/portal\/wp-json\/wp\/v2\/posts\/10137\/revisions"}],"predecessor-version":[{"id":10138,"href":"http:\/\/www.searadecristo.com.br\/portal\/wp-json\/wp\/v2\/posts\/10137\/revisions\/10138"}],"wp:attachment":[{"href":"http:\/\/www.searadecristo.com.br\/portal\/wp-json\/wp\/v2\/media?parent=10137"}],"wp:term":[{"taxonomy":"category","embeddable":true,"href":"http:\/\/www.searadecristo.com.br\/portal\/wp-json\/wp\/v2\/categories?post=10137"},{"taxonomy":"post_tag","embeddable":true,"href":"http:\/\/www.searadecristo.com.br\/portal\/wp-json\/wp\/v2\/tags?post=10137"}],"curies":[{"name":"wp","href":"https:\/\/api.w.org\/{rel}","templated":true}]}}